{"id":1806,"date":"2014-06-03T18:28:48","date_gmt":"2014-06-03T18:28:48","guid":{"rendered":""},"modified":"-0001-11-30T00:00:00","modified_gmt":"-0001-11-30T03:00:00","slug":"instalada-comissao-temporaria-do-novo-cpc-no-senado-federal","status":"publish","type":"post","link":"https:\/\/sinprofaz.org.br\/2024\/noticias\/instalada-comissao-temporaria-do-novo-cpc-no-senado-federal\/","title":{"rendered":"Instalada comiss\u00e3o tempor\u00e1ria do novo CPC no Senado Federal"},"content":{"rendered":"<p>Al\u00e9m da instala\u00e7\u00e3o do colegiado, foram definidos \u00e0 condu\u00e7\u00e3o dos trabalhos: o senador Jos\u00e9 Pimentel (PT\/CE) como presidente, o senador Antonio Carlos Valadares (PSB\/SE), vice-presidente e o senador Vital do Rego (PMDB\/PB), relator.<\/p>\n<p>Na reuni\u00e3o de hoje, os membros da comiss\u00e3o, formada por 11 membros titulares e 11 suplentes, tamb\u00e9m aprovaram o cronograma de trabalho.<\/p>\n<p>As principais datas do cronograma s\u00e3o as seguintes: 11\/6\/2014 \u2013 t\u00e9rmino do prazo para oferecimento de emendas de reda\u00e7\u00e3o e supressiva; 9\/7\/2014 \u2013 apresenta\u00e7\u00e3o do parecer; e 16 de julho de 2014 \u2013 discuss\u00e3o e vota\u00e7\u00e3o do parecer.<\/p>\n<p>Dessa forma, a inten\u00e7\u00e3o do presidente da comiss\u00e3o, senador Jos\u00e9 Pimentel, \u00e9 que as atividades da comiss\u00e3o tempor\u00e1ria, inclusive com vota\u00e7\u00e3o do parecer do relator, sejam conclu\u00eddas antes do recesso parlamentar, marcado para 17 de julho.<\/p>\n<p>O SINPROFAZ e demais entidades do Movimento Pr\u00f3-Honor\u00e1rios v\u00e3o acompanhar o trabalho da comiss\u00e3o tempor\u00e1ria, cujo cronograma n\u00e3o prev\u00ea a realiza\u00e7\u00e3o de debates para instru\u00e7\u00e3o da mat\u00e9ria. Eventuais d\u00favidas sobre as modifica\u00e7\u00f5es introduzidas pela C\u00e2mara, a casa revisora, ser\u00e3o discutidas com a comiss\u00e3o de juristas presidida pelo ministro Luiz Fux e com a consultoria legislativa do Senado.<\/p>\n","protected":false},"excerpt":{"rendered":"<p>Na manh\u00e3 desta ter\u00e7a-feira (3\/6), foi instalada a comiss\u00e3o tempor\u00e1ria do novo CPC no Senado Federal, que poder\u00e1 confirmar o texto aprovado na C\u00e2mara sobre o pagamento dos honor\u00e1rios aos advogados p\u00fablico.<\/p>\n","protected":false},"author":1,"featured_media":0,"comment_status":"closed","ping_status":"open","sticky":false,"template":"","format":"standard","meta":{"footnotes":""},"categories":[8],"tags":[],"featured_image_url":"https:\/\/dummyimage.com\/720x400","character_count":636,"formatted_date":"03\/06\/2014 - 18:28","contentNovo":"\r\n<p>Al\u00e9m da instala\u00e7\u00e3o do colegiado, foram definidos \u00e0 condu\u00e7\u00e3o dos trabalhos: o senador Jos\u00e9 Pimentel (PT\/CE) como presidente, o senador Antonio Carlos Valadares (PSB\/SE), vice-presidente e o senador Vital do Rego (PMDB\/PB), relator.<\/p>\r\n<p>Na reuni\u00e3o de hoje, os membros da comiss\u00e3o, formada por 11 membros titulares e 11 suplentes, tamb\u00e9m aprovaram o cronograma de trabalho.<\/p>\r\n<p>As principais datas do cronograma s\u00e3o as seguintes: 11\/6\/2014 \u2013 t\u00e9rmino do prazo para oferecimento de emendas de reda\u00e7\u00e3o e supressiva; 9\/7\/2014 \u2013 apresenta\u00e7\u00e3o do parecer; e 16 de julho de 2014 \u2013 discuss\u00e3o e vota\u00e7\u00e3o do parecer.<\/p>\r\n<p>Dessa forma, a inten\u00e7\u00e3o do presidente da comiss\u00e3o, senador Jos\u00e9 Pimentel, \u00e9 que as atividades da comiss\u00e3o tempor\u00e1ria, inclusive com vota\u00e7\u00e3o do parecer do relator, sejam conclu\u00eddas antes do recesso parlamentar, marcado para 17 de julho.<\/p>\r\n<p>O SINPROFAZ e demais entidades do Movimento Pr\u00f3-Honor\u00e1rios v\u00e3o acompanhar o trabalho da comiss\u00e3o tempor\u00e1ria, cujo cronograma n\u00e3o prev\u00ea a realiza\u00e7\u00e3o de debates para instru\u00e7\u00e3o da mat\u00e9ria. Eventuais d\u00favidas sobre as modifica\u00e7\u00f5es introduzidas pela C\u00e2mara, a casa revisora, ser\u00e3o discutidas com a comiss\u00e3o de juristas presidida pelo ministro Luiz Fux e com a consultoria legislativa do Senado.<\/p>","_links":{"self":[{"href":"https:\/\/sinprofaz.org.br\/2024\/wp-json\/wp\/v2\/posts\/1806"}],"collection":[{"href":"https:\/\/sinprofaz.org.br\/2024\/wp-json\/wp\/v2\/posts"}],"about":[{"href":"https:\/\/sinprofaz.org.br\/2024\/wp-json\/wp\/v2\/types\/post"}],"author":[{"embeddable":true,"href":"https:\/\/sinprofaz.org.br\/2024\/wp-json\/wp\/v2\/users\/1"}],"replies":[{"embeddable":true,"href":"https:\/\/sinprofaz.org.br\/2024\/wp-json\/wp\/v2\/comments?post=1806"}],"version-history":[{"count":0,"href":"https:\/\/sinprofaz.org.br\/2024\/wp-json\/wp\/v2\/posts\/1806\/revisions"}],"wp:attachment":[{"href":"https:\/\/sinprofaz.org.br\/2024\/wp-json\/wp\/v2\/media?parent=1806"}],"wp:term":[{"taxonomy":"category","embeddable":true,"href":"https:\/\/sinprofaz.org.br\/2024\/wp-json\/wp\/v2\/categories?post=1806"},{"taxonomy":"post_tag","embeddable":true,"href":"https:\/\/sinprofaz.org.br\/2024\/wp-json\/wp\/v2\/tags?post=1806"}],"curies":[{"name":"wp","href":"https:\/\/api.w.org\/{rel}","templated":true}]}}