{"id":18055,"date":"2024-04-11T08:37:59","date_gmt":"2024-04-11T11:37:59","guid":{"rendered":"http:\/\/www.sinprofaz.org.br\/?p=18055"},"modified":"2024-04-11T11:26:57","modified_gmt":"2024-04-11T14:26:57","slug":"empossados-os-coordenadores-da-frente-parlamentar-em-defesa-da-advocacia-publica","status":"publish","type":"post","link":"https:\/\/sinprofaz.org.br\/2024\/noticias\/empossados-os-coordenadores-da-frente-parlamentar-em-defesa-da-advocacia-publica\/","title":{"rendered":"EMPOSSADOS OS COORDENADORES DA FRENTE PARLAMENTAR EM DEFESA DA ADVOCACIA P\u00daBLICA"},"content":{"rendered":"<p>Na noite da ter\u00e7a-feira (9), em Bras\u00edlia\/DF, foram empossados os novos coordenadores da Frente Parlamentar Mista em Defesa da Advocacia P\u00fablica. Na ocasi\u00e3o, o SINPROFAZ foi representado pela presidente Iolanda Guindani, assim como por filiados que acompanham de perto as lutas hist\u00f3ricas da Carreira no Congresso Nacional. Prestigiaram o evento os deputados Lafayette de Andrada (Republicanos\/MG) e Andr\u00e9 Figueiredo (PDT\/CE), a deputada Ana Pimentel (PT\/MG) e o senador Eduardo Gomes (PL\/TO), relator da PEC 10\/2023 no Senado Federal.<\/p>\n<p>Chamada para discursar ao p\u00fablico da cerim\u00f4nia, Iolanda Guindani fez um agradecimento especial ao deputado federal Lafayette de Andrada &#8211; parceiro do SINPROFAZ em importantes embates no Congresso Nacional &#8211; e, na pessoa do deputado, agradeceu aos demais parlamentares e Colegas presentes. &#8220;Para n\u00f3s da Advocacia P\u00fablica, a uni\u00e3o entre as carreiras de todas as esferas da Federa\u00e7\u00e3o nesta noite representa um ponto de virada. Daqui para frente, trabalharemos juntos e colheremos os frutos dessa atua\u00e7\u00e3o harm\u00f4nica&#8221;, destacou a presidente do Sindicato.<\/p>\n<p>Representantes da Advocacia-Geral da Uni\u00e3o tamb\u00e9m participaram\u00a0do evento: estiveram presentes o corregedor-geral da Advocacia da Uni\u00e3o e ex-presidente do SINPROFAZ, Her\u00e1clio Camargo; a secret\u00e1ria-geral de Consultoria, Clarice Calixto; a procuradora-geral federal, Adriana Venturini; e o secret\u00e1rio de Atos Normativos, Cesar Carrijo. O filiado e consultor jur\u00eddico Jurandi Ferreira representou o Minist\u00e9rio\u00a0do Planejamento e Or\u00e7amento na cerim\u00f4nia. Diante dos presentes, o coordenador da Frente, deputado Lafayette de Andrada, deu posse aos seguintes parlamentares:<\/p>\n<p>Deputado Pedro Aihara (PRD\/MG) &#8211; Coordenador-Geral de Prerrogativas da Advocacia P\u00fablica<br \/>\nSenadora Augusta Brito (CE) &#8211; Coordenadora-Geral de Estrutura\u00e7\u00e3o Administrativa e de Pessoal da Advocacia P\u00fablica<br \/>\nDeputado Andr\u00e9 Figueiredo (PDT\/CE) &#8211; Coordenador-Geral de Valoriza\u00e7\u00e3o da Advocacia P\u00fablica<br \/>\nDeputado T\u00falio Gadelha (REDE\/PE) &#8211; Coordenador-Geral de Defesa das Obras e Pol\u00edticas P\u00fablicas<br \/>\nSenador Efraim Filho (UNI\u00c3O\/PB) &#8211; Coordenador-Geral de Aperfei\u00e7oamento das Legisla\u00e7\u00f5es Afetas \u00e0 Advocacia P\u00fablica<\/p>\n<p><strong>Coordenadores-Gerais pela regi\u00e3o Norte<br \/>\n<\/strong>Senador Alan Rick (UNI\u00c3O\/AC)<br \/>\nDeputado Ac\u00e1cio Favacho (MDB\/AP)<br \/>\nDeputado \u00c1tila Lins (PSD\/AM)<!-- notionvc: 8283d102-229a-4b09-b47f-62cf8a678b45 --><\/p>\n<p><strong>Coordenadores-Gerais pela regi\u00e3o Nordeste<br \/>\n<\/strong>Senador Veneziano Vital do R\u00eago (MDB\/PB)<br \/>\nDeputada Iza Arruda (MDB\/PE)<br \/>\nDeputado Waldemar Oliveira (AVANTE\/PE)<br \/>\nDeputado Domingos Neto (PSD\/CE)<br \/>\nDeputado Gerv\u00e1sio Maia (PSB\/PB)<br \/>\nDeputada Maria Arraes (SOLIDARIEDADE\/PE)<!-- notionvc: 28ba93ed-1f54-491a-9ab1-6b94f447d4c2 --><\/p>\n<p><strong>Coordenador-Geral pela regi\u00e3o Centro-Oeste<br \/>\n<\/strong>Senador Nelsinho Trad (PSD\/MS)<!-- notionvc: bf0f2cc7-aaba-4fc9-b310-ddfe851bae64 --><\/p>\n<p><strong>Coordenadores-Gerais pela regi\u00e3o Sudeste<br \/>\n<\/strong>Deputada Ana Pimentel (PT\/MG)<br \/>\nDeputado Ricardo Silva (PSD\/SP)<!-- notionvc: e7e9e51a-571b-4756-b31c-7c6a77c124e6 --><\/p>\n<p><strong>Coordenadores-Gerais pela regi\u00e3o Sul<br \/>\n<\/strong>Deputado Cobalchini (MDB\/SC)<br \/>\nDeputado S\u00e9rgio Souza (MDB\/PR)<\/p>\n<p><!-- notionvc: e14d81fc-a86b-4b66-a99f-feca2f277189 --><\/p>\n\n\t\t<style type=\"text\/css\">\n\t\t\t#gallery-1 {\n\t\t\t\tmargin: auto;\n\t\t\t}\n\t\t\t#gallery-1 .gallery-item {\n\t\t\t\tfloat: left;\n\t\t\t\tmargin-top: 10px;\n\t\t\t\ttext-align: center;\n\t\t\t\twidth: 33%;\n\t\t\t}\n\t\t\t#gallery-1 img {\n\t\t\t\tborder: 2px solid #cfcfcf;\n\t\t\t}\n\t\t\t#gallery-1 .gallery-caption {\n\t\t\t\tmargin-left: 0;\n\t\t\t}\n\t\t\t\/* see gallery_shortcode() in wp-includes\/media.php *\/\n\t\t<\/style>\n\t\t<div id='gallery-1' class='gallery galleryid-18055 gallery-columns-3 gallery-size-thumbnail'><dl class='gallery-item'>\n\t\t\t<dt class='gallery-icon landscape'>\n\t\t\t\t<a href='https:\/\/sinprofaz.org.br\/2024\/wp-content\/uploads\/2024\/04\/2-4.png'><img loading=\"lazy\" decoding=\"async\" width=\"150\" height=\"150\" src=\"https:\/\/sinprofaz.org.br\/2024\/wp-content\/uploads\/2024\/04\/2-4-150x150.png\" class=\"attachment-thumbnail size-thumbnail\" alt=\"\" \/><\/a>\n\t\t\t<\/dt><\/dl><dl class='gallery-item'>\n\t\t\t<dt class='gallery-icon landscape'>\n\t\t\t\t<a href='https:\/\/sinprofaz.org.br\/2024\/wp-content\/uploads\/2024\/04\/3-3.png'><img loading=\"lazy\" decoding=\"async\" width=\"150\" height=\"150\" src=\"https:\/\/sinprofaz.org.br\/2024\/wp-content\/uploads\/2024\/04\/3-3-150x150.png\" class=\"attachment-thumbnail size-thumbnail\" alt=\"\" \/><\/a>\n\t\t\t<\/dt><\/dl><dl class='gallery-item'>\n\t\t\t<dt class='gallery-icon landscape'>\n\t\t\t\t<a href='https:\/\/sinprofaz.org.br\/2024\/wp-content\/uploads\/2024\/04\/4-3.png'><img loading=\"lazy\" decoding=\"async\" width=\"150\" height=\"150\" src=\"https:\/\/sinprofaz.org.br\/2024\/wp-content\/uploads\/2024\/04\/4-3-150x150.png\" class=\"attachment-thumbnail size-thumbnail\" alt=\"\" \/><\/a>\n\t\t\t<\/dt><\/dl><br style=\"clear: both\" \/><dl class='gallery-item'>\n\t\t\t<dt class='gallery-icon landscape'>\n\t\t\t\t<a href='https:\/\/sinprofaz.org.br\/2024\/wp-content\/uploads\/2024\/04\/5-1.png'><img loading=\"lazy\" decoding=\"async\" width=\"150\" height=\"150\" src=\"https:\/\/sinprofaz.org.br\/2024\/wp-content\/uploads\/2024\/04\/5-1-150x150.png\" class=\"attachment-thumbnail size-thumbnail\" alt=\"\" \/><\/a>\n\t\t\t<\/dt><\/dl><dl class='gallery-item'>\n\t\t\t<dt class='gallery-icon landscape'>\n\t\t\t\t<a href='https:\/\/sinprofaz.org.br\/2024\/wp-content\/uploads\/2024\/04\/6-1.png'><img loading=\"lazy\" decoding=\"async\" width=\"150\" height=\"150\" src=\"https:\/\/sinprofaz.org.br\/2024\/wp-content\/uploads\/2024\/04\/6-1-150x150.png\" class=\"attachment-thumbnail size-thumbnail\" alt=\"\" \/><\/a>\n\t\t\t<\/dt><\/dl><dl class='gallery-item'>\n\t\t\t<dt class='gallery-icon landscape'>\n\t\t\t\t<a href='https:\/\/sinprofaz.org.br\/2024\/wp-content\/uploads\/2024\/04\/7-1.png'><img loading=\"lazy\" decoding=\"async\" width=\"150\" height=\"150\" src=\"https:\/\/sinprofaz.org.br\/2024\/wp-content\/uploads\/2024\/04\/7-1-150x150.png\" class=\"attachment-thumbnail size-thumbnail\" alt=\"\" \/><\/a>\n\t\t\t<\/dt><\/dl><br style=\"clear: both\" \/><dl class='gallery-item'>\n\t\t\t<dt class='gallery-icon landscape'>\n\t\t\t\t<a href='https:\/\/sinprofaz.org.br\/2024\/wp-content\/uploads\/2024\/04\/8-1.png'><img loading=\"lazy\" decoding=\"async\" width=\"150\" height=\"150\" src=\"https:\/\/sinprofaz.org.br\/2024\/wp-content\/uploads\/2024\/04\/8-1-150x150.png\" class=\"attachment-thumbnail size-thumbnail\" alt=\"\" \/><\/a>\n\t\t\t<\/dt><\/dl><dl class='gallery-item'>\n\t\t\t<dt class='gallery-icon landscape'>\n\t\t\t\t<a href='https:\/\/sinprofaz.org.br\/2024\/wp-content\/uploads\/2024\/04\/9-1.png'><img loading=\"lazy\" decoding=\"async\" width=\"150\" height=\"150\" src=\"https:\/\/sinprofaz.org.br\/2024\/wp-content\/uploads\/2024\/04\/9-1-150x150.png\" class=\"attachment-thumbnail size-thumbnail\" alt=\"\" \/><\/a>\n\t\t\t<\/dt><\/dl><dl class='gallery-item'>\n\t\t\t<dt class='gallery-icon landscape'>\n\t\t\t\t<a href='https:\/\/sinprofaz.org.br\/2024\/wp-content\/uploads\/2024\/04\/10-1.png'><img loading=\"lazy\" decoding=\"async\" width=\"150\" height=\"150\" src=\"https:\/\/sinprofaz.org.br\/2024\/wp-content\/uploads\/2024\/04\/10-1-150x150.png\" class=\"attachment-thumbnail size-thumbnail\" alt=\"\" \/><\/a>\n\t\t\t<\/dt><\/dl><br style=\"clear: both\" \/><dl class='gallery-item'>\n\t\t\t<dt class='gallery-icon landscape'>\n\t\t\t\t<a href='https:\/\/sinprofaz.org.br\/2024\/wp-content\/uploads\/2024\/04\/11.png'><img loading=\"lazy\" decoding=\"async\" width=\"150\" height=\"150\" src=\"https:\/\/sinprofaz.org.br\/2024\/wp-content\/uploads\/2024\/04\/11-150x150.png\" class=\"attachment-thumbnail size-thumbnail\" alt=\"\" \/><\/a>\n\t\t\t<\/dt><\/dl><dl class='gallery-item'>\n\t\t\t<dt class='gallery-icon landscape'>\n\t\t\t\t<a href='https:\/\/sinprofaz.org.br\/2024\/wp-content\/uploads\/2024\/04\/12.png'><img loading=\"lazy\" decoding=\"async\" width=\"150\" height=\"150\" src=\"https:\/\/sinprofaz.org.br\/2024\/wp-content\/uploads\/2024\/04\/12-150x150.png\" class=\"attachment-thumbnail size-thumbnail\" alt=\"\" \/><\/a>\n\t\t\t<\/dt><\/dl><dl class='gallery-item'>\n\t\t\t<dt class='gallery-icon landscape'>\n\t\t\t\t<a href='https:\/\/sinprofaz.org.br\/2024\/wp-content\/uploads\/2024\/04\/13.png'><img loading=\"lazy\" decoding=\"async\" width=\"150\" height=\"150\" src=\"https:\/\/sinprofaz.org.br\/2024\/wp-content\/uploads\/2024\/04\/13-150x150.png\" class=\"attachment-thumbnail size-thumbnail\" alt=\"\" \/><\/a>\n\t\t\t<\/dt><\/dl><br style=\"clear: both\" \/><dl class='gallery-item'>\n\t\t\t<dt class='gallery-icon landscape'>\n\t\t\t\t<a href='https:\/\/sinprofaz.org.br\/2024\/wp-content\/uploads\/2024\/04\/14.png'><img loading=\"lazy\" decoding=\"async\" width=\"150\" height=\"150\" src=\"https:\/\/sinprofaz.org.br\/2024\/wp-content\/uploads\/2024\/04\/14-150x150.png\" class=\"attachment-thumbnail size-thumbnail\" alt=\"\" \/><\/a>\n\t\t\t<\/dt><\/dl>\n\t\t\t<br style='clear: both' \/>\n\t\t<\/div>\n\n<p><!-- notionvc: b4871f26-bf6a-460e-88a6-efb05219ce7b --><\/p>\n<p><!-- notionvc: f3463d7d-b5b5-4177-9f73-dac3f47b28a9 --><\/p>\n<p><!-- notionvc: 5629e147-549b-4d4d-8e9f-d5cdec7ae419 --><\/p>\n<p><!-- notionvc: c386d50a-f5d2-4e55-ba4d-c1a87d98f7cd --><\/p>\n<p><!-- notionvc: 21bb13f1-ce29-4ecd-828b-572d015b6b7d --><\/p>\n","protected":false},"excerpt":{"rendered":"<p>Na noite da ter\u00e7a-feira (9), foram empossados os coordenadores da Frente Parlamentar Mista em Defesa da Advocacia P\u00fablica. Na ocasi\u00e3o, o SINPROFAZ foi representado por Iolanda Guindani, assim como por filiados que acompanham as lutas da Carreira no Congresso Nacional.<\/p>\n","protected":false},"author":2,"featured_media":18041,"comment_status":"open","ping_status":"open","sticky":false,"template":"","format":"standard","meta":{"footnotes":""},"categories":[8],"tags":[34,73,25],"featured_image_url":"https:\/\/sinprofaz.org.br\/2024\/wp-content\/uploads\/2024\/04\/1-6.png","character_count":1720,"formatted_date":"11\/04\/2024 - 08:37","contentNovo":"Na noite da ter\u00e7a-feira (9), em Bras\u00edlia\/DF, foram empossados os novos coordenadores da Frente Parlamentar Mista em Defesa da Advocacia P\u00fablica. Na ocasi\u00e3o, o SINPROFAZ foi representado pela presidente Iolanda Guindani, assim como por filiados que acompanham de perto as lutas hist\u00f3ricas da Carreira no Congresso Nacional. Prestigiaram o evento os deputados Lafayette de Andrada (Republicanos\/MG) e Andr\u00e9 Figueiredo (PDT\/CE), a deputada Ana Pimentel (PT\/MG) e o senador Eduardo Gomes (PL\/TO), relator da PEC 10\/2023 no Senado Federal.\r\n\r\nChamada para discursar ao p\u00fablico da cerim\u00f4nia, Iolanda Guindani fez um agradecimento especial ao deputado federal Lafayette de Andrada - parceiro do SINPROFAZ em importantes embates no Congresso Nacional - e, na pessoa do deputado, agradeceu aos demais parlamentares e Colegas presentes. \"Para n\u00f3s da Advocacia P\u00fablica, a uni\u00e3o entre as carreiras de todas as esferas da Federa\u00e7\u00e3o nesta noite representa um ponto de virada. Daqui para frente, trabalharemos juntos e colheremos os frutos dessa atua\u00e7\u00e3o harm\u00f4nica\", destacou a presidente do Sindicato.\r\n\r\nRepresentantes da Advocacia-Geral da Uni\u00e3o tamb\u00e9m participaram\u00a0do evento: estiveram presentes o corregedor-geral da Advocacia da Uni\u00e3o e ex-presidente do SINPROFAZ, Her\u00e1clio Camargo; a secret\u00e1ria-geral de Consultoria, Clarice Calixto; a procuradora-geral federal, Adriana Venturini; e o secret\u00e1rio de Atos Normativos, Cesar Carrijo. O filiado e consultor jur\u00eddico Jurandi Ferreira representou o Minist\u00e9rio\u00a0do Planejamento e Or\u00e7amento na cerim\u00f4nia. Diante dos presentes, o coordenador da Frente, deputado Lafayette de Andrada, deu posse aos seguintes parlamentares:\r\n\r\nDeputado Pedro Aihara (PRD\/MG) - Coordenador-Geral de Prerrogativas da Advocacia P\u00fablica\r\nSenadora Augusta Brito (CE) - Coordenadora-Geral de Estrutura\u00e7\u00e3o Administrativa e de Pessoal da Advocacia P\u00fablica\r\nDeputado Andr\u00e9 Figueiredo (PDT\/CE) - Coordenador-Geral de Valoriza\u00e7\u00e3o da Advocacia P\u00fablica\r\nDeputado T\u00falio Gadelha (REDE\/PE) - Coordenador-Geral de Defesa das Obras e Pol\u00edticas P\u00fablicas\r\nSenador Efraim Filho (UNI\u00c3O\/PB) - Coordenador-Geral de Aperfei\u00e7oamento das Legisla\u00e7\u00f5es Afetas \u00e0 Advocacia P\u00fablica\r\n\r\n<strong>Coordenadores-Gerais pela regi\u00e3o Norte\r\n<\/strong>Senador Alan Rick (UNI\u00c3O\/AC)\r\nDeputado Ac\u00e1cio Favacho (MDB\/AP)\r\nDeputado \u00c1tila Lins (PSD\/AM)\r\n\r\n<strong>Coordenadores-Gerais pela regi\u00e3o Nordeste\r\n<\/strong>Senador Veneziano Vital do R\u00eago (MDB\/PB)\r\nDeputada Iza Arruda (MDB\/PE)\r\nDeputado Waldemar Oliveira (AVANTE\/PE)\r\nDeputado Domingos Neto (PSD\/CE)\r\nDeputado Gerv\u00e1sio Maia (PSB\/PB)\r\nDeputada Maria Arraes (SOLIDARIEDADE\/PE)\r\n\r\n<strong>Coordenador-Geral pela regi\u00e3o Centro-Oeste\r\n<\/strong>Senador Nelsinho Trad (PSD\/MS)\r\n\r\n<strong>Coordenadores-Gerais pela regi\u00e3o Sudeste\r\n<\/strong>Deputada Ana Pimentel (PT\/MG)\r\nDeputado Ricardo Silva (PSD\/SP)\r\n\r\n<strong>Coordenadores-Gerais pela regi\u00e3o Sul\r\n<\/strong>Deputado Cobalchini (MDB\/SC)\r\nDeputado S\u00e9rgio Souza (MDB\/PR)\r\n\r\n\r\n\r\n[gallery link=\"file\" ids=\"18042,18043,18044,18045,18046,18047,18048,18049,18050,18051,18052,18053,18054\"]\r\n\r\n\r\n\r\n\r\n\r\n\r\n\r\n\r\n\r\n","_links":{"self":[{"href":"https:\/\/sinprofaz.org.br\/2024\/wp-json\/wp\/v2\/posts\/18055"}],"collection":[{"href":"https:\/\/sinprofaz.org.br\/2024\/wp-json\/wp\/v2\/posts"}],"about":[{"href":"https:\/\/sinprofaz.org.br\/2024\/wp-json\/wp\/v2\/types\/post"}],"author":[{"embeddable":true,"href":"https:\/\/sinprofaz.org.br\/2024\/wp-json\/wp\/v2\/users\/2"}],"replies":[{"embeddable":true,"href":"https:\/\/sinprofaz.org.br\/2024\/wp-json\/wp\/v2\/comments?post=18055"}],"version-history":[{"count":3,"href":"https:\/\/sinprofaz.org.br\/2024\/wp-json\/wp\/v2\/posts\/18055\/revisions"}],"predecessor-version":[{"id":18060,"href":"https:\/\/sinprofaz.org.br\/2024\/wp-json\/wp\/v2\/posts\/18055\/revisions\/18060"}],"wp:featuredmedia":[{"embeddable":true,"href":"https:\/\/sinprofaz.org.br\/2024\/wp-json\/wp\/v2\/media\/18041"}],"wp:attachment":[{"href":"https:\/\/sinprofaz.org.br\/2024\/wp-json\/wp\/v2\/media?parent=18055"}],"wp:term":[{"taxonomy":"category","embeddable":true,"href":"https:\/\/sinprofaz.org.br\/2024\/wp-json\/wp\/v2\/categories?post=18055"},{"taxonomy":"post_tag","embeddable":true,"href":"https:\/\/sinprofaz.org.br\/2024\/wp-json\/wp\/v2\/tags?post=18055"}],"curies":[{"name":"wp","href":"https:\/\/api.w.org\/{rel}","templated":true}]}}