{"id":18038,"date":"2024-04-10T08:16:30","date_gmt":"2024-04-10T11:16:30","guid":{"rendered":"http:\/\/www.sinprofaz.org.br\/?p=18038"},"modified":"2024-06-06T08:05:35","modified_gmt":"2024-06-06T11:05:35","slug":"em-oficios-sinprofaz-requer-apoio-da-comissao-nacional-de-advocacia-publica-da-oab","status":"publish","type":"post","link":"https:\/\/sinprofaz.org.br\/2024\/noticias\/em-oficios-sinprofaz-requer-apoio-da-comissao-nacional-de-advocacia-publica-da-oab\/","title":{"rendered":"EM OF\u00cdCIOS, SINPROFAZ REQUER APOIO DA COMISS\u00c3O NACIONAL DE ADVOCACIA P\u00daBLICA DA OAB"},"content":{"rendered":"<p>Tendo em conta duas situa\u00e7\u00f5es da mais alta relev\u00e2ncia, o SINPROFAZ oficiou, na pessoa da presidente e filiada Maria Dionne de Ara\u00fajo Felipe, a Comiss\u00e3o Nacional de Advocacia P\u00fablica da Ordem dos Advogados do Brasil. Nas duas comunica\u00e7\u00f5es, o Sindicato saiu em defesa dos interesses das Procuradoras e dos Procuradores da Fazenda Nacional, assim como dos Membros da Advocacia P\u00fablica como um todo.<\/p>\n<p><strong>Pagamento das anuidades da OAB<br \/>\n<\/strong>O SINPROFAZ pleiteou, junto \u00e0 Comiss\u00e3o Nacional, o ingresso do Conselho Federal da OAB no mandado de seguran\u00e7a em que se questionava o pagamento das anuidades com o uso da verba honor\u00e1ria (processo n\u00ba 1021530-23.2024.4.01.3400). O referido MS &#8211; denegado em senten\u00e7a na data de ontem (9) &#8211; representava um risco \u00e0 prerrogativa dos Advogados P\u00fablicos federais, al\u00e9m de medida contr\u00e1ria aos interesses da pr\u00f3pria Ordem dos Advogados do Brasil.<\/p>\n<p>Leia a \u00edntegra do of\u00edcio:\u00a0<a href=\"https:\/\/www.sinprofaz.org.br\/2024\/wp-content\/uploads\/2024\/04\/Of%C3%ADcio-n.-58-SINPROFAZ.pdf\" target=\"_blank\" rel=\"noopener\">https:\/\/www.sinprofaz.org.br\/2016\/wp-content\/uploads\/2024\/04\/Of\u00edcio-n.-58-SINPROFAZ.pdf<\/a><\/p>\n<p><strong>Obrigatoriedade de inscri\u00e7\u00e3o na OAB<br \/>\n<\/strong>Diante do julgamento nos autos do RE 609.517\/RO no STF, o SINPROFAZ pleiteou o ingresso da Comiss\u00e3o Nacional de Advocacia P\u00fablica na defesa da manuten\u00e7\u00e3o da obrigatoriedade de inscri\u00e7\u00e3o dos Advogados P\u00fablicos junto \u00e0 OAB. Para o Sindicato, a inscri\u00e7\u00e3o representa seguran\u00e7a, independ\u00eancia t\u00e9cnica e liberdade para o exerc\u00edcio da Fun\u00e7\u00e3o Essencial prevista na Constitui\u00e7\u00e3o. Representa, ainda, tratamento ison\u00f4mico em face da Advocacia Privada.<\/p>\n<p>Acesse e confira o of\u00edcio:\u00a0<a href=\"https:\/\/www.sinprofaz.org.br\/wp-content\/uploads\/2024\/04\/Of%C3%ADcio-n.-57-SINPROFAZ.pdf\" target=\"_blank\" rel=\"noopener\">https:\/\/www.sinprofaz.org.br\/2016\/wp-content\/uploads\/2024\/04\/Of\u00edcio-n.-57-SINPROFAZ.pdf<\/a><\/p>\n<p><!-- notionvc: e83817bb-356f-4f6a-aba8-6aea20716ae1 --><\/p>\n","protected":false},"excerpt":{"rendered":"<p>Uma das comunica\u00e7\u00f5es tratou do mandado de seguran\u00e7a que questionava o pagamento das anuidades da OAB com o uso da verba honor\u00e1ria. A outra disp\u00f4s sobre a manuten\u00e7\u00e3o da obrigatoriedade de inscri\u00e7\u00e3o dos Advogados P\u00fablicos junto \u00e0 Ordem. Acesse e confira!<\/p>\n","protected":false},"author":2,"featured_media":17269,"comment_status":"open","ping_status":"open","sticky":false,"template":"","format":"standard","meta":{"footnotes":""},"categories":[8],"tags":[34,146,22,25],"featured_image_url":"https:\/\/sinprofaz.org.br\/2024\/wp-content\/uploads\/2023\/12\/1-1-1.png","character_count":818,"formatted_date":"10\/04\/2024 - 08:16","contentNovo":"Tendo em conta duas situa\u00e7\u00f5es da mais alta relev\u00e2ncia, o SINPROFAZ oficiou, na pessoa da presidente e filiada Maria Dionne de Ara\u00fajo Felipe, a Comiss\u00e3o Nacional de Advocacia P\u00fablica da Ordem dos Advogados do Brasil. Nas duas comunica\u00e7\u00f5es, o Sindicato saiu em defesa dos interesses das Procuradoras e dos Procuradores da Fazenda Nacional, assim como dos Membros da Advocacia P\u00fablica como um todo.\r\n\r\n<strong>Pagamento das anuidades da OAB\r\n<\/strong>O SINPROFAZ pleiteou, junto \u00e0 Comiss\u00e3o Nacional, o ingresso do Conselho Federal da OAB no mandado de seguran\u00e7a em que se questionava o pagamento das anuidades com o uso da verba honor\u00e1ria (processo n\u00ba 1021530-23.2024.4.01.3400). O referido MS - denegado em senten\u00e7a na data de ontem (9) - representava um risco \u00e0 prerrogativa dos Advogados P\u00fablicos federais, al\u00e9m de medida contr\u00e1ria aos interesses da pr\u00f3pria Ordem dos Advogados do Brasil.\r\n\r\nLeia a \u00edntegra do of\u00edcio:\u00a0<a href=\"https:\/\/www.sinprofaz.org.br\/2024\/wp-content\/uploads\/2024\/04\/Of%C3%ADcio-n.-58-SINPROFAZ.pdf\" target=\"_blank\" rel=\"noopener\">https:\/\/www.sinprofaz.org.br\/2016\/wp-content\/uploads\/2024\/04\/Of\u00edcio-n.-58-SINPROFAZ.pdf<\/a>\r\n\r\n<strong>Obrigatoriedade de inscri\u00e7\u00e3o na OAB\r\n<\/strong>Diante do julgamento nos autos do RE 609.517\/RO no STF, o SINPROFAZ pleiteou o ingresso da Comiss\u00e3o Nacional de Advocacia P\u00fablica na defesa da manuten\u00e7\u00e3o da obrigatoriedade de inscri\u00e7\u00e3o dos Advogados P\u00fablicos junto \u00e0 OAB. Para o Sindicato, a inscri\u00e7\u00e3o representa seguran\u00e7a, independ\u00eancia t\u00e9cnica e liberdade para o exerc\u00edcio da Fun\u00e7\u00e3o Essencial prevista na Constitui\u00e7\u00e3o. Representa, ainda, tratamento ison\u00f4mico em face da Advocacia Privada.\r\n\r\nAcesse e confira o of\u00edcio:\u00a0<a href=\"https:\/\/www.sinprofaz.org.br\/wp-content\/uploads\/2024\/04\/Of%C3%ADcio-n.-57-SINPROFAZ.pdf\" target=\"_blank\" rel=\"noopener\">https:\/\/www.sinprofaz.org.br\/2016\/wp-content\/uploads\/2024\/04\/Of\u00edcio-n.-57-SINPROFAZ.pdf<\/a>\r\n\r\n","_links":{"self":[{"href":"https:\/\/sinprofaz.org.br\/2024\/wp-json\/wp\/v2\/posts\/18038"}],"collection":[{"href":"https:\/\/sinprofaz.org.br\/2024\/wp-json\/wp\/v2\/posts"}],"about":[{"href":"https:\/\/sinprofaz.org.br\/2024\/wp-json\/wp\/v2\/types\/post"}],"author":[{"embeddable":true,"href":"https:\/\/sinprofaz.org.br\/2024\/wp-json\/wp\/v2\/users\/2"}],"replies":[{"embeddable":true,"href":"https:\/\/sinprofaz.org.br\/2024\/wp-json\/wp\/v2\/comments?post=18038"}],"version-history":[{"count":4,"href":"https:\/\/sinprofaz.org.br\/2024\/wp-json\/wp\/v2\/posts\/18038\/revisions"}],"predecessor-version":[{"id":18337,"href":"https:\/\/sinprofaz.org.br\/2024\/wp-json\/wp\/v2\/posts\/18038\/revisions\/18337"}],"wp:featuredmedia":[{"embeddable":true,"href":"https:\/\/sinprofaz.org.br\/2024\/wp-json\/wp\/v2\/media\/17269"}],"wp:attachment":[{"href":"https:\/\/sinprofaz.org.br\/2024\/wp-json\/wp\/v2\/media?parent=18038"}],"wp:term":[{"taxonomy":"category","embeddable":true,"href":"https:\/\/sinprofaz.org.br\/2024\/wp-json\/wp\/v2\/categories?post=18038"},{"taxonomy":"post_tag","embeddable":true,"href":"https:\/\/sinprofaz.org.br\/2024\/wp-json\/wp\/v2\/tags?post=18038"}],"curies":[{"name":"wp","href":"https:\/\/api.w.org\/{rel}","templated":true}]}}