{"id":18030,"date":"2024-04-09T13:40:48","date_gmt":"2024-04-09T16:40:48","guid":{"rendered":"http:\/\/www.sinprofaz.org.br\/?p=18030"},"modified":"2024-04-09T14:24:40","modified_gmt":"2024-04-09T17:24:40","slug":"sinprofaz-participa-de-cafe-da-manha-promovido-pelo-instituto-servir-brasil","status":"publish","type":"post","link":"https:\/\/sinprofaz.org.br\/2024\/noticias\/sinprofaz-participa-de-cafe-da-manha-promovido-pelo-instituto-servir-brasil\/","title":{"rendered":"SINPROFAZ PARTICIPA DE CAF\u00c9 DA MANH\u00c3 PROMOVIDO PELO INSTITUTO SERVIR BRASIL"},"content":{"rendered":"<p>O SINPROFAZ, representado pela presidente Iolanda Guindani, compareceu nesta ter\u00e7a-feira (9) ao caf\u00e9 da manh\u00e3 promovido em Bras\u00edlia\/DF pelo Instituto Servir Brasil. A confraterniza\u00e7\u00e3o foi prestigiada pelos deputados federais Andr\u00e9 Figueiredo (PDT\/CE), presidente da Frente Parlamentar Mista em Defesa do Servi\u00e7o P\u00fablico &#8211; Frente Servir Brasil, e Waldemar Oliveira (Avante\/PE), presidente da Comiss\u00e3o de Administra\u00e7\u00e3o e Servi\u00e7o P\u00fablico da C\u00e2mara e ex-procurador municipal. Dirigentes sindicais vinculados a diversas entidades representativas tamb\u00e9m participaram da confraterniza\u00e7\u00e3o.<\/p>\n<p>Realizado na sede do Sindicato dos Servidores do Poder Legislativo Federal e do Tribunal de Contas da Uni\u00e3o &#8211; SINDILEGIS, o encontro possibilitou o estreitamento dos la\u00e7os entre parlamentares e lideran\u00e7as sindicais e o debate a respeito de temas relevantes. Entre os assuntos discutidos, esteve o trabalho em torno da PEC 6\/2024, que\u00a0prop\u00f5e a redu\u00e7\u00e3o da contribui\u00e7\u00e3o previdenci\u00e1ria de servidores aposentados e pensionistas; as tratativas para a recomposi\u00e7\u00e3o salarial dos servidores do Executivo federal; e a aten\u00e7\u00e3o permanente para o tema da reforma administrativa. Do evento, tamb\u00e9m participaram os presidentes do FONACATE, Rudinei Marques, e do MOSAP,\u00a0Edison Haubert.<\/p>\n<p><strong>Marco Regulat\u00f3rio<\/strong><br \/>\nNa ocasi\u00e3o, foi apresentada a minuta de um projeto de lei para regulamenta\u00e7\u00e3o de v\u00e1rias quest\u00f5es pertinentes ao\u00a0servi\u00e7o p\u00fablico nacional. O texto, elaborado pelo Instituto e pela Frente Servir Brasil, disp\u00f5e sobre as rela\u00e7\u00f5es de trabalho e as prerrogativas sindicais no \u00e2mbito da Administra\u00e7\u00e3o. Nesse sentido, trata de assuntos como direito de greve, negocia\u00e7\u00e3o coletiva, licen\u00e7a para mandato classista, sa\u00fade e seguran\u00e7a no trabalho, combate \u00e0\u00a0viol\u00eancia\u00a0e aos\u00a0ass\u00e9dios,\u00a0intelig\u00eancia\u00a0artificial e cria\u00e7\u00e3o de um conselho de autorregula\u00e7\u00e3o sindical. Na vis\u00e3o do SINPROFAZ, a minuta compreende uma s\u00e9rie de avan\u00e7os em \u00e1reas estrat\u00e9gicas e deve ser analisada pela\u00a0C\u00e2mara dos Deputados.<\/p>\n\n\t\t<style type=\"text\/css\">\n\t\t\t#gallery-1 {\n\t\t\t\tmargin: auto;\n\t\t\t}\n\t\t\t#gallery-1 .gallery-item {\n\t\t\t\tfloat: left;\n\t\t\t\tmargin-top: 10px;\n\t\t\t\ttext-align: center;\n\t\t\t\twidth: 33%;\n\t\t\t}\n\t\t\t#gallery-1 img {\n\t\t\t\tborder: 2px solid #cfcfcf;\n\t\t\t}\n\t\t\t#gallery-1 .gallery-caption {\n\t\t\t\tmargin-left: 0;\n\t\t\t}\n\t\t\t\/* see gallery_shortcode() in wp-includes\/media.php *\/\n\t\t<\/style>\n\t\t<div id='gallery-1' class='gallery galleryid-18030 gallery-columns-3 gallery-size-thumbnail'><dl class='gallery-item'>\n\t\t\t<dt class='gallery-icon landscape'>\n\t\t\t\t<a href='https:\/\/sinprofaz.org.br\/2024\/wp-content\/uploads\/2024\/04\/2-3.png'><img loading=\"lazy\" decoding=\"async\" width=\"150\" height=\"150\" src=\"https:\/\/sinprofaz.org.br\/2024\/wp-content\/uploads\/2024\/04\/2-3-150x150.png\" class=\"attachment-thumbnail size-thumbnail\" alt=\"\" \/><\/a>\n\t\t\t<\/dt><\/dl><dl class='gallery-item'>\n\t\t\t<dt class='gallery-icon landscape'>\n\t\t\t\t<a href='https:\/\/sinprofaz.org.br\/2024\/wp-content\/uploads\/2024\/04\/3-2.png'><img loading=\"lazy\" decoding=\"async\" width=\"150\" height=\"150\" src=\"https:\/\/sinprofaz.org.br\/2024\/wp-content\/uploads\/2024\/04\/3-2-150x150.png\" class=\"attachment-thumbnail size-thumbnail\" alt=\"\" \/><\/a>\n\t\t\t<\/dt><\/dl><dl class='gallery-item'>\n\t\t\t<dt class='gallery-icon landscape'>\n\t\t\t\t<a href='https:\/\/sinprofaz.org.br\/2024\/wp-content\/uploads\/2024\/04\/4-2.png'><img loading=\"lazy\" decoding=\"async\" width=\"150\" height=\"150\" src=\"https:\/\/sinprofaz.org.br\/2024\/wp-content\/uploads\/2024\/04\/4-2-150x150.png\" class=\"attachment-thumbnail size-thumbnail\" alt=\"\" \/><\/a>\n\t\t\t<\/dt><\/dl><br style=\"clear: both\" \/><dl class='gallery-item'>\n\t\t\t<dt class='gallery-icon landscape'>\n\t\t\t\t<a href='https:\/\/sinprofaz.org.br\/2024\/wp-content\/uploads\/2024\/04\/5.png'><img loading=\"lazy\" decoding=\"async\" width=\"150\" height=\"150\" src=\"https:\/\/sinprofaz.org.br\/2024\/wp-content\/uploads\/2024\/04\/5-150x150.png\" class=\"attachment-thumbnail size-thumbnail\" alt=\"\" \/><\/a>\n\t\t\t<\/dt><\/dl><dl class='gallery-item'>\n\t\t\t<dt class='gallery-icon landscape'>\n\t\t\t\t<a href='https:\/\/sinprofaz.org.br\/2024\/wp-content\/uploads\/2024\/04\/6.png'><img loading=\"lazy\" decoding=\"async\" width=\"150\" height=\"150\" src=\"https:\/\/sinprofaz.org.br\/2024\/wp-content\/uploads\/2024\/04\/6-150x150.png\" class=\"attachment-thumbnail size-thumbnail\" alt=\"\" \/><\/a>\n\t\t\t<\/dt><\/dl><dl class='gallery-item'>\n\t\t\t<dt class='gallery-icon landscape'>\n\t\t\t\t<a href='https:\/\/sinprofaz.org.br\/2024\/wp-content\/uploads\/2024\/04\/7.png'><img loading=\"lazy\" decoding=\"async\" width=\"150\" height=\"150\" src=\"https:\/\/sinprofaz.org.br\/2024\/wp-content\/uploads\/2024\/04\/7-150x150.png\" class=\"attachment-thumbnail size-thumbnail\" alt=\"\" \/><\/a>\n\t\t\t<\/dt><\/dl><br style=\"clear: both\" \/><dl class='gallery-item'>\n\t\t\t<dt class='gallery-icon landscape'>\n\t\t\t\t<a href='https:\/\/sinprofaz.org.br\/2024\/wp-content\/uploads\/2024\/04\/8.png'><img loading=\"lazy\" decoding=\"async\" width=\"150\" height=\"150\" src=\"https:\/\/sinprofaz.org.br\/2024\/wp-content\/uploads\/2024\/04\/8-150x150.png\" class=\"attachment-thumbnail size-thumbnail\" alt=\"\" \/><\/a>\n\t\t\t<\/dt><\/dl><dl class='gallery-item'>\n\t\t\t<dt class='gallery-icon landscape'>\n\t\t\t\t<a href='https:\/\/sinprofaz.org.br\/2024\/wp-content\/uploads\/2024\/04\/9.png'><img loading=\"lazy\" decoding=\"async\" width=\"150\" height=\"150\" src=\"https:\/\/sinprofaz.org.br\/2024\/wp-content\/uploads\/2024\/04\/9-150x150.png\" class=\"attachment-thumbnail size-thumbnail\" alt=\"\" \/><\/a>\n\t\t\t<\/dt><\/dl><dl class='gallery-item'>\n\t\t\t<dt class='gallery-icon landscape'>\n\t\t\t\t<a href='https:\/\/sinprofaz.org.br\/2024\/wp-content\/uploads\/2024\/04\/10.png'><img loading=\"lazy\" decoding=\"async\" width=\"150\" height=\"150\" src=\"https:\/\/sinprofaz.org.br\/2024\/wp-content\/uploads\/2024\/04\/10-150x150.png\" class=\"attachment-thumbnail size-thumbnail\" alt=\"\" \/><\/a>\n\t\t\t<\/dt><\/dl><br style=\"clear: both\" \/>\n\t\t<\/div>\n\n<p><!-- notionvc: 012a46b0-3f2c-4817-99bf-b28025e9cdde --><\/p>\n","protected":false},"excerpt":{"rendered":"<p>O SINPROFAZ, representado pela presidente Iolanda Guindani, compareceu ao caf\u00e9 da manh\u00e3 promovido em Bras\u00edlia\/DF pelo Instituto Servir Brasil. A confraterniza\u00e7\u00e3o foi prestigiada pelos deputados federais Andr\u00e9 Figueiredo (PDT\/CE) e Waldemar Oliveira (Avante\/PE).<\/p>\n","protected":false},"author":2,"featured_media":18020,"comment_status":"open","ping_status":"open","sticky":false,"template":"","format":"standard","meta":{"footnotes":""},"categories":[8],"tags":[48,200,25],"featured_image_url":"https:\/\/sinprofaz.org.br\/2024\/wp-content\/uploads\/2024\/04\/1-5.png","character_count":1248,"formatted_date":"09\/04\/2024 - 13:40","contentNovo":"O SINPROFAZ, representado pela presidente Iolanda Guindani, compareceu nesta ter\u00e7a-feira (9) ao caf\u00e9 da manh\u00e3 promovido em Bras\u00edlia\/DF pelo Instituto Servir Brasil. A confraterniza\u00e7\u00e3o foi prestigiada pelos deputados federais Andr\u00e9 Figueiredo (PDT\/CE), presidente da Frente Parlamentar Mista em Defesa do Servi\u00e7o P\u00fablico - Frente Servir Brasil, e Waldemar Oliveira (Avante\/PE), presidente da Comiss\u00e3o de Administra\u00e7\u00e3o e Servi\u00e7o P\u00fablico da C\u00e2mara e ex-procurador municipal. Dirigentes sindicais vinculados a diversas entidades representativas tamb\u00e9m participaram da confraterniza\u00e7\u00e3o.\r\n\r\nRealizado na sede do Sindicato dos Servidores do Poder Legislativo Federal e do Tribunal de Contas da Uni\u00e3o - SINDILEGIS, o encontro possibilitou o estreitamento dos la\u00e7os entre parlamentares e lideran\u00e7as sindicais e o debate a respeito de temas relevantes. Entre os assuntos discutidos, esteve o trabalho em torno da PEC 6\/2024, que\u00a0prop\u00f5e a redu\u00e7\u00e3o da contribui\u00e7\u00e3o previdenci\u00e1ria de servidores aposentados e pensionistas; as tratativas para a recomposi\u00e7\u00e3o salarial dos servidores do Executivo federal; e a aten\u00e7\u00e3o permanente para o tema da reforma administrativa. Do evento, tamb\u00e9m participaram os presidentes do FONACATE, Rudinei Marques, e do MOSAP,\u00a0Edison Haubert.\r\n\r\n<strong>Marco Regulat\u00f3rio<\/strong>\r\nNa ocasi\u00e3o, foi apresentada a minuta de um projeto de lei para regulamenta\u00e7\u00e3o de v\u00e1rias quest\u00f5es pertinentes ao\u00a0servi\u00e7o p\u00fablico nacional. O texto, elaborado pelo Instituto e pela Frente Servir Brasil, disp\u00f5e sobre as rela\u00e7\u00f5es de trabalho e as prerrogativas sindicais no \u00e2mbito da Administra\u00e7\u00e3o. Nesse sentido, trata de assuntos como direito de greve, negocia\u00e7\u00e3o coletiva, licen\u00e7a para mandato classista, sa\u00fade e seguran\u00e7a no trabalho, combate \u00e0\u00a0viol\u00eancia\u00a0e aos\u00a0ass\u00e9dios,\u00a0intelig\u00eancia\u00a0artificial e cria\u00e7\u00e3o de um conselho de autorregula\u00e7\u00e3o sindical. Na vis\u00e3o do SINPROFAZ, a minuta compreende uma s\u00e9rie de avan\u00e7os em \u00e1reas estrat\u00e9gicas e deve ser analisada pela\u00a0C\u00e2mara dos Deputados.\r\n\r\n[gallery link=\"file\" ids=\"18021,18022,18023,18024,18025,18026,18027,18028,18029\"]\r\n\r\n","_links":{"self":[{"href":"https:\/\/sinprofaz.org.br\/2024\/wp-json\/wp\/v2\/posts\/18030"}],"collection":[{"href":"https:\/\/sinprofaz.org.br\/2024\/wp-json\/wp\/v2\/posts"}],"about":[{"href":"https:\/\/sinprofaz.org.br\/2024\/wp-json\/wp\/v2\/types\/post"}],"author":[{"embeddable":true,"href":"https:\/\/sinprofaz.org.br\/2024\/wp-json\/wp\/v2\/users\/2"}],"replies":[{"embeddable":true,"href":"https:\/\/sinprofaz.org.br\/2024\/wp-json\/wp\/v2\/comments?post=18030"}],"version-history":[{"count":2,"href":"https:\/\/sinprofaz.org.br\/2024\/wp-json\/wp\/v2\/posts\/18030\/revisions"}],"predecessor-version":[{"id":18035,"href":"https:\/\/sinprofaz.org.br\/2024\/wp-json\/wp\/v2\/posts\/18030\/revisions\/18035"}],"wp:featuredmedia":[{"embeddable":true,"href":"https:\/\/sinprofaz.org.br\/2024\/wp-json\/wp\/v2\/media\/18020"}],"wp:attachment":[{"href":"https:\/\/sinprofaz.org.br\/2024\/wp-json\/wp\/v2\/media?parent=18030"}],"wp:term":[{"taxonomy":"category","embeddable":true,"href":"https:\/\/sinprofaz.org.br\/2024\/wp-json\/wp\/v2\/categories?post=18030"},{"taxonomy":"post_tag","embeddable":true,"href":"https:\/\/sinprofaz.org.br\/2024\/wp-json\/wp\/v2\/tags?post=18030"}],"curies":[{"name":"wp","href":"https:\/\/api.w.org\/{rel}","templated":true}]}}