{"id":1801,"date":"2014-06-02T11:44:39","date_gmt":"2014-06-02T11:44:39","guid":{"rendered":""},"modified":"-0001-11-30T00:00:00","modified_gmt":"-0001-11-30T03:00:00","slug":"honorarios-comissao-especial-do-novo-cpc-pode-ser-instalada-na-terca-3-6","status":"publish","type":"post","link":"https:\/\/sinprofaz.org.br\/2024\/noticias\/honorarios-comissao-especial-do-novo-cpc-pode-ser-instalada-na-terca-3-6\/","title":{"rendered":"Honor\u00e1rios: Comiss\u00e3o especial do novo CPC pode ser instalada na ter\u00e7a, 3\/6"},"content":{"rendered":"<p>A reuni\u00e3o est\u00e1 marcada para ter\u00e7a-feira (3), a partir das 9h, na sala 2 da Ala Senador Nilo Coelho.<\/p>\n<p>Nesta primeira reuni\u00e3o ser\u00e3o eleitos o presidente e o vice-presidente do colegiado e indicados o relator geral e os relatores parciais.<\/p>\n<p>\u00c9 justamente este colegiado que poder\u00e1 confirmar o texto aprovado na C\u00e2mara com a previs\u00e3o do pagamento de honor\u00e1rios de sucumb\u00eancia aos advogados p\u00fablicos.<\/p>\n","protected":false},"excerpt":{"rendered":"<p>Na agenda do Senado desta semana consta a previs\u00e3o de instala\u00e7\u00e3o da comiss\u00e3o tempor\u00e1ria que ir\u00e1 estudar as altera\u00e7\u00f5es feitas pela C\u00e2mara dos Deputados ao projeto que reforma o C\u00f3digo de Processo Civil.<\/p>\n","protected":false},"author":1,"featured_media":0,"comment_status":"closed","ping_status":"open","sticky":false,"template":"","format":"standard","meta":{"footnotes":""},"categories":[8],"tags":[],"featured_image_url":"https:\/\/dummyimage.com\/720x400","character_count":203,"formatted_date":"02\/06\/2014 - 11:44","contentNovo":"\r\n<p>A reuni\u00e3o est\u00e1 marcada para ter\u00e7a-feira (3), a partir das 9h, na sala 2 da Ala Senador Nilo Coelho.<\/p>\r\n<p>Nesta primeira reuni\u00e3o ser\u00e3o eleitos o presidente e o vice-presidente do colegiado e indicados o relator geral e os relatores parciais.<\/p>\r\n<p>\u00c9 justamente este colegiado que poder\u00e1 confirmar o texto aprovado na C\u00e2mara com a previs\u00e3o do pagamento de honor\u00e1rios de sucumb\u00eancia aos advogados p\u00fablicos.<\/p>","_links":{"self":[{"href":"https:\/\/sinprofaz.org.br\/2024\/wp-json\/wp\/v2\/posts\/1801"}],"collection":[{"href":"https:\/\/sinprofaz.org.br\/2024\/wp-json\/wp\/v2\/posts"}],"about":[{"href":"https:\/\/sinprofaz.org.br\/2024\/wp-json\/wp\/v2\/types\/post"}],"author":[{"embeddable":true,"href":"https:\/\/sinprofaz.org.br\/2024\/wp-json\/wp\/v2\/users\/1"}],"replies":[{"embeddable":true,"href":"https:\/\/sinprofaz.org.br\/2024\/wp-json\/wp\/v2\/comments?post=1801"}],"version-history":[{"count":0,"href":"https:\/\/sinprofaz.org.br\/2024\/wp-json\/wp\/v2\/posts\/1801\/revisions"}],"wp:attachment":[{"href":"https:\/\/sinprofaz.org.br\/2024\/wp-json\/wp\/v2\/media?parent=1801"}],"wp:term":[{"taxonomy":"category","embeddable":true,"href":"https:\/\/sinprofaz.org.br\/2024\/wp-json\/wp\/v2\/categories?post=1801"},{"taxonomy":"post_tag","embeddable":true,"href":"https:\/\/sinprofaz.org.br\/2024\/wp-json\/wp\/v2\/tags?post=1801"}],"curies":[{"name":"wp","href":"https:\/\/api.w.org\/{rel}","templated":true}]}}