{"id":17978,"date":"2024-04-05T09:17:13","date_gmt":"2024-04-05T12:17:13","guid":{"rendered":"http:\/\/www.sinprofaz.org.br\/?p=17978"},"modified":"2024-04-05T17:48:48","modified_gmt":"2024-04-05T20:48:48","slug":"danos-provocados-pela-sonegacao-fiscal-pautam-reuniao-entre-sinprofaz-e-anfip","status":"publish","type":"post","link":"https:\/\/sinprofaz.org.br\/2024\/noticias\/danos-provocados-pela-sonegacao-fiscal-pautam-reuniao-entre-sinprofaz-e-anfip\/","title":{"rendered":"DANOS PROVOCADOS PELA SONEGA\u00c7\u00c3O FISCAL PAUTAM REUNI\u00c3O ENTRE SINPROFAZ E ANFIP"},"content":{"rendered":"<p>O SINPROFAZ, representado pela presidente Iolanda Guindani, esteve reunido com Miguel N\u00f4vo e Gilberto Pereira, presidente e vice-presidente Executivo da ANFIP. A reuni\u00e3o ocorreu na ter\u00e7a-feira (2), em Bras\u00edlia\/DF, e contou tamb\u00e9m com as presen\u00e7as do advogado Hugo Plutarco e dos especialistas em comunica\u00e7\u00e3o Liliane Pinheiro e Max Duarte.<\/p>\n<p>As pesquisas relacionadas \u00e0 mensura\u00e7\u00e3o da sonega\u00e7\u00e3o fiscal no Brasil pautaram o encontro. Na ocasi\u00e3o, os dirigentes sindicais e associativos discutiram a possibilidade de uma atua\u00e7\u00e3o coordenada com vistas \u00e0 defesa dos interesses do Estado e \u00e0 promo\u00e7\u00e3o da justi\u00e7a fiscal. Novas reuni\u00f5es t\u00e9cnicas para alinhamento de estrat\u00e9gias devem ser realizadas.<\/p>\n\n\t\t<style type=\"text\/css\">\n\t\t\t#gallery-1 {\n\t\t\t\tmargin: auto;\n\t\t\t}\n\t\t\t#gallery-1 .gallery-item {\n\t\t\t\tfloat: left;\n\t\t\t\tmargin-top: 10px;\n\t\t\t\ttext-align: center;\n\t\t\t\twidth: 33%;\n\t\t\t}\n\t\t\t#gallery-1 img {\n\t\t\t\tborder: 2px solid #cfcfcf;\n\t\t\t}\n\t\t\t#gallery-1 .gallery-caption {\n\t\t\t\tmargin-left: 0;\n\t\t\t}\n\t\t\t\/* see gallery_shortcode() in wp-includes\/media.php *\/\n\t\t<\/style>\n\t\t<div id='gallery-1' class='gallery galleryid-17978 gallery-columns-3 gallery-size-thumbnail'><dl class='gallery-item'>\n\t\t\t<dt class='gallery-icon landscape'>\n\t\t\t\t<a href='https:\/\/sinprofaz.org.br\/2024\/wp-content\/uploads\/2024\/04\/2-2.png'><img loading=\"lazy\" decoding=\"async\" width=\"150\" height=\"150\" src=\"https:\/\/sinprofaz.org.br\/2024\/wp-content\/uploads\/2024\/04\/2-2-150x150.png\" class=\"attachment-thumbnail size-thumbnail\" alt=\"\" \/><\/a>\n\t\t\t<\/dt><\/dl>\n\t\t\t<br style='clear: both' \/>\n\t\t<\/div>\n\n","protected":false},"excerpt":{"rendered":"<p>A presidente Iolanda Guindani esteve reunida com Miguel N\u00f4vo e Gilberto Pereira, presidente e vice-presidente Executivo da ANFIP. A reuni\u00e3o contou ainda com as presen\u00e7as do advogado Hugo Plutarco e dos especialistas em comunica\u00e7\u00e3o Liliane Pinheiro e Max Duarte.<\/p>\n","protected":false},"author":2,"featured_media":17979,"comment_status":"open","ping_status":"open","sticky":false,"template":"","format":"standard","meta":{"footnotes":""},"categories":[8],"tags":[23,25,100],"featured_image_url":"https:\/\/sinprofaz.org.br\/2024\/wp-content\/uploads\/2024\/04\/1-4.png","character_count":534,"formatted_date":"05\/04\/2024 - 09:17","contentNovo":"O SINPROFAZ, representado pela presidente Iolanda Guindani, esteve reunido com Miguel N\u00f4vo e Gilberto Pereira, presidente e vice-presidente Executivo da ANFIP. A reuni\u00e3o ocorreu na ter\u00e7a-feira (2), em Bras\u00edlia\/DF, e contou tamb\u00e9m com as presen\u00e7as do advogado Hugo Plutarco e dos especialistas em comunica\u00e7\u00e3o Liliane Pinheiro e Max Duarte.\r\n\r\nAs pesquisas relacionadas \u00e0 mensura\u00e7\u00e3o da sonega\u00e7\u00e3o fiscal no Brasil pautaram o encontro. Na ocasi\u00e3o, os dirigentes sindicais e associativos discutiram a possibilidade de uma atua\u00e7\u00e3o coordenada com vistas \u00e0 defesa dos interesses do Estado e \u00e0 promo\u00e7\u00e3o da justi\u00e7a fiscal. Novas reuni\u00f5es t\u00e9cnicas para alinhamento de estrat\u00e9gias devem ser realizadas.\r\n\r\n[gallery link=\"file\" ids=\"17980\"]","_links":{"self":[{"href":"https:\/\/sinprofaz.org.br\/2024\/wp-json\/wp\/v2\/posts\/17978"}],"collection":[{"href":"https:\/\/sinprofaz.org.br\/2024\/wp-json\/wp\/v2\/posts"}],"about":[{"href":"https:\/\/sinprofaz.org.br\/2024\/wp-json\/wp\/v2\/types\/post"}],"author":[{"embeddable":true,"href":"https:\/\/sinprofaz.org.br\/2024\/wp-json\/wp\/v2\/users\/2"}],"replies":[{"embeddable":true,"href":"https:\/\/sinprofaz.org.br\/2024\/wp-json\/wp\/v2\/comments?post=17978"}],"version-history":[{"count":2,"href":"https:\/\/sinprofaz.org.br\/2024\/wp-json\/wp\/v2\/posts\/17978\/revisions"}],"predecessor-version":[{"id":18003,"href":"https:\/\/sinprofaz.org.br\/2024\/wp-json\/wp\/v2\/posts\/17978\/revisions\/18003"}],"wp:featuredmedia":[{"embeddable":true,"href":"https:\/\/sinprofaz.org.br\/2024\/wp-json\/wp\/v2\/media\/17979"}],"wp:attachment":[{"href":"https:\/\/sinprofaz.org.br\/2024\/wp-json\/wp\/v2\/media?parent=17978"}],"wp:term":[{"taxonomy":"category","embeddable":true,"href":"https:\/\/sinprofaz.org.br\/2024\/wp-json\/wp\/v2\/categories?post=17978"},{"taxonomy":"post_tag","embeddable":true,"href":"https:\/\/sinprofaz.org.br\/2024\/wp-json\/wp\/v2\/tags?post=17978"}],"curies":[{"name":"wp","href":"https:\/\/api.w.org\/{rel}","templated":true}]}}