{"id":1795,"date":"2014-05-29T12:30:44","date_gmt":"2014-05-29T12:30:44","guid":{"rendered":""},"modified":"-0001-11-30T00:00:00","modified_gmt":"-0001-11-30T03:00:00","slug":"deputado-efraim-filho-reitera-seu-compromisso-com-a-autonomia-da-advocacia-publica","status":"publish","type":"post","link":"https:\/\/sinprofaz.org.br\/2024\/noticias\/deputado-efraim-filho-reitera-seu-compromisso-com-a-autonomia-da-advocacia-publica\/","title":{"rendered":"Deputado Efraim Filho reitera seu compromisso com a autonomia da Advocacia P\u00fablica"},"content":{"rendered":"<p>O deputado Efraim Filho \u00e9 um aliado contumaz da Advocacia P\u00fablica. O parlamentar foi um dos l\u00edderes em plen\u00e1rio para garantir a percep\u00e7\u00e3o dos honor\u00e1rios pelos advogados p\u00fablicos no texto do novo CPC. Ele inclusive apresentou emenda com este prop\u00f3sito ao relat\u00f3rio do deputado Paulo Teixeira (PT-SP).<\/p>\n<p>Mais recentemente, na luta pela autonomia e garantia de prerrogativas \u00e0 Advocacia P\u00fablica, conforme est\u00e1 disciplinado na PEC 82\/2007, o parlamentar tem colaborado muito para o avan\u00e7o da tramita\u00e7\u00e3o da proposta na Casa legislativa.<img loading=\"lazy\" decoding=\"async\" style=\"margin-left: 10px; float: right;\" alt=\"foto01\" src=\"images\/noticias\/deputado-efraim-filho-reitera-compromisso-advocacia-publica\/foto01.jpg\" height=\"120\" width=\"180\" \/><\/p>\n<p>Esta semana, em conversa com os dirigentes sindicais e associativos da Advocacia P\u00fablica do Brasil, renovou-se a certeza de que as Carreiras contam com o descortino e a coragem do deputado Efraim Filho na defesa de suas causas.<\/p>\n","protected":false},"excerpt":{"rendered":"<p>Membro da comiss\u00e3o especial da PEC 82\/2007, o deputado teve papel importante para construir a unanimidade em torno da mat\u00e9ria para aprova\u00e7\u00e3o no colegiado. Ele continua engajado com a causa, agora atuando para que a proposta seja pautada no plen\u00e1rio.<\/p>\n","protected":false},"author":1,"featured_media":0,"comment_status":"closed","ping_status":"open","sticky":false,"template":"","format":"standard","meta":{"footnotes":""},"categories":[8],"tags":[],"featured_image_url":"https:\/\/dummyimage.com\/720x400","character_count":388,"formatted_date":"29\/05\/2014 - 12:30","contentNovo":"\r\n<p>O deputado Efraim Filho \u00e9 um aliado contumaz da Advocacia P\u00fablica. O parlamentar foi um dos l\u00edderes em plen\u00e1rio para garantir a percep\u00e7\u00e3o dos honor\u00e1rios pelos advogados p\u00fablicos no texto do novo CPC. Ele inclusive apresentou emenda com este prop\u00f3sito ao relat\u00f3rio do deputado Paulo Teixeira (PT-SP).<\/p>\r\n<p>Mais recentemente, na luta pela autonomia e garantia de prerrogativas \u00e0 Advocacia P\u00fablica, conforme est\u00e1 disciplinado na PEC 82\/2007, o parlamentar tem colaborado muito para o avan\u00e7o da tramita\u00e7\u00e3o da proposta na Casa legislativa.<\/p>\r\n<p>Esta semana, em conversa com os dirigentes sindicais e associativos da Advocacia P\u00fablica do Brasil, renovou-se a certeza de que as Carreiras contam com o descortino e a coragem do deputado Efraim Filho na defesa de suas causas.<\/p>","_links":{"self":[{"href":"https:\/\/sinprofaz.org.br\/2024\/wp-json\/wp\/v2\/posts\/1795"}],"collection":[{"href":"https:\/\/sinprofaz.org.br\/2024\/wp-json\/wp\/v2\/posts"}],"about":[{"href":"https:\/\/sinprofaz.org.br\/2024\/wp-json\/wp\/v2\/types\/post"}],"author":[{"embeddable":true,"href":"https:\/\/sinprofaz.org.br\/2024\/wp-json\/wp\/v2\/users\/1"}],"replies":[{"embeddable":true,"href":"https:\/\/sinprofaz.org.br\/2024\/wp-json\/wp\/v2\/comments?post=1795"}],"version-history":[{"count":0,"href":"https:\/\/sinprofaz.org.br\/2024\/wp-json\/wp\/v2\/posts\/1795\/revisions"}],"wp:attachment":[{"href":"https:\/\/sinprofaz.org.br\/2024\/wp-json\/wp\/v2\/media?parent=1795"}],"wp:term":[{"taxonomy":"category","embeddable":true,"href":"https:\/\/sinprofaz.org.br\/2024\/wp-json\/wp\/v2\/categories?post=1795"},{"taxonomy":"post_tag","embeddable":true,"href":"https:\/\/sinprofaz.org.br\/2024\/wp-json\/wp\/v2\/tags?post=1795"}],"curies":[{"name":"wp","href":"https:\/\/api.w.org\/{rel}","templated":true}]}}