{"id":17946,"date":"2024-04-01T08:34:15","date_gmt":"2024-04-01T11:34:15","guid":{"rendered":"http:\/\/www.sinprofaz.org.br\/?p=17946"},"modified":"2024-04-02T11:23:34","modified_gmt":"2024-04-02T14:23:34","slug":"em-reuniao-diretoria-do-sinprofaz-discute-prioridades-da-carreira","status":"publish","type":"post","link":"https:\/\/sinprofaz.org.br\/2024\/noticias\/em-reuniao-diretoria-do-sinprofaz-discute-prioridades-da-carreira\/","title":{"rendered":"EM REUNI\u00c3O, DIRETORIA DO SINPROFAZ DISCUTE PRIORIDADES DA CARREIRA"},"content":{"rendered":"<p>A Diretoria do SINPROFAZ se reuniu em Bras\u00edlia\/DF. O encontro antecedeu a realiza\u00e7\u00e3o da Assembleia Geral Ordin\u00e1ria 2024, cujos detalhes foram debatidos ao longo da reuni\u00e3o. Quest\u00f5es relacionadas ao trabalho parlamentar do SINPROFAZ e \u00e0s estrat\u00e9gias para a conquista de prerrogativas da Carreira tamb\u00e9m foram pautas do encontro.<\/p>\n<p>Os dirigentes sindicais discutiram ainda a respeito do 22\u00ba Encontro do SINPROFAZ, a ser realizado de 28 de novembro a 1\u00ba de dezembro de 2024, no Vila Gal\u00e9 Alagoas, em Barra de Santo Ant\u00f4nio\/AL. O evento tem vagas limitadas. Para as filiadas e os filiados que ainda n\u00e3o garantiram a inscri\u00e7\u00e3o, a Diretoria recomenda que o fa\u00e7am sem demora por meio da ag\u00eancia Ambiental Turismo: (11) 3818-4600. Para conferir todas as informa\u00e7\u00f5es sobre o evento, acesse:\u00a0<a href=\"http:\/\/bit.ly\/Edital22EncontroSINPROFAZ\" target=\"_blank\" rel=\"noopener\">bit.ly\/Edital22EncontroSINPROFAZ<\/a>.<\/p>\n\n\t\t<style type=\"text\/css\">\n\t\t\t#gallery-1 {\n\t\t\t\tmargin: auto;\n\t\t\t}\n\t\t\t#gallery-1 .gallery-item {\n\t\t\t\tfloat: left;\n\t\t\t\tmargin-top: 10px;\n\t\t\t\ttext-align: center;\n\t\t\t\twidth: 33%;\n\t\t\t}\n\t\t\t#gallery-1 img {\n\t\t\t\tborder: 2px solid #cfcfcf;\n\t\t\t}\n\t\t\t#gallery-1 .gallery-caption {\n\t\t\t\tmargin-left: 0;\n\t\t\t}\n\t\t\t\/* see gallery_shortcode() in wp-includes\/media.php *\/\n\t\t<\/style>\n\t\t<div id='gallery-1' class='gallery galleryid-17946 gallery-columns-3 gallery-size-thumbnail'><dl class='gallery-item'>\n\t\t\t<dt class='gallery-icon landscape'>\n\t\t\t\t<a href='https:\/\/sinprofaz.org.br\/2024\/wp-content\/uploads\/2024\/04\/2.png'><img loading=\"lazy\" decoding=\"async\" width=\"150\" height=\"150\" src=\"https:\/\/sinprofaz.org.br\/2024\/wp-content\/uploads\/2024\/04\/2-150x150.png\" class=\"attachment-thumbnail size-thumbnail\" alt=\"\" \/><\/a>\n\t\t\t<\/dt><\/dl><dl class='gallery-item'>\n\t\t\t<dt class='gallery-icon landscape'>\n\t\t\t\t<a href='https:\/\/sinprofaz.org.br\/2024\/wp-content\/uploads\/2024\/04\/3.png'><img loading=\"lazy\" decoding=\"async\" width=\"150\" height=\"150\" src=\"https:\/\/sinprofaz.org.br\/2024\/wp-content\/uploads\/2024\/04\/3-150x150.png\" class=\"attachment-thumbnail size-thumbnail\" alt=\"\" \/><\/a>\n\t\t\t<\/dt><\/dl><dl class='gallery-item'>\n\t\t\t<dt class='gallery-icon landscape'>\n\t\t\t\t<a href='https:\/\/sinprofaz.org.br\/2024\/wp-content\/uploads\/2024\/04\/4.png'><img loading=\"lazy\" decoding=\"async\" width=\"150\" height=\"150\" src=\"https:\/\/sinprofaz.org.br\/2024\/wp-content\/uploads\/2024\/04\/4-150x150.png\" class=\"attachment-thumbnail size-thumbnail\" alt=\"\" \/><\/a>\n\t\t\t<\/dt><\/dl><br style=\"clear: both\" \/>\n\t\t<\/div>\n\n<p><!-- notionvc: 2212d78d-8052-4488-bebb-e99a17f38cd5 --><\/p>\n","protected":false},"excerpt":{"rendered":"<p>O encontro antecedeu a realiza\u00e7\u00e3o da Assembleia Geral, cujos detalhes foram debatidos ao longo da reuni\u00e3o. Quest\u00f5es relacionadas ao trabalho parlamentar do SINPROFAZ e \u00e0s estrat\u00e9gias para a conquista de prerrogativas tamb\u00e9m foram pautas do encontro.<\/p>\n","protected":false},"author":2,"featured_media":17942,"comment_status":"open","ping_status":"open","sticky":false,"template":"","format":"standard","meta":{"footnotes":""},"categories":[8],"tags":[32,27,25],"featured_image_url":"https:\/\/sinprofaz.org.br\/2024\/wp-content\/uploads\/2024\/04\/1.png","character_count":607,"formatted_date":"01\/04\/2024 - 08:34","contentNovo":"A Diretoria do SINPROFAZ se reuniu em Bras\u00edlia\/DF. O encontro antecedeu a realiza\u00e7\u00e3o da Assembleia Geral Ordin\u00e1ria 2024, cujos detalhes foram debatidos ao longo da reuni\u00e3o. Quest\u00f5es relacionadas ao trabalho parlamentar do SINPROFAZ e \u00e0s estrat\u00e9gias para a conquista de prerrogativas da Carreira tamb\u00e9m foram pautas do encontro.\r\n\r\nOs dirigentes sindicais discutiram ainda a respeito do 22\u00ba Encontro do SINPROFAZ, a ser realizado de 28 de novembro a 1\u00ba de dezembro de 2024, no Vila Gal\u00e9 Alagoas, em Barra de Santo Ant\u00f4nio\/AL. O evento tem vagas limitadas. Para as filiadas e os filiados que ainda n\u00e3o garantiram a inscri\u00e7\u00e3o, a Diretoria recomenda que o fa\u00e7am sem demora por meio da ag\u00eancia Ambiental Turismo: (11) 3818-4600. Para conferir todas as informa\u00e7\u00f5es sobre o evento, acesse:\u00a0<a href=\"http:\/\/bit.ly\/Edital22EncontroSINPROFAZ\" target=\"_blank\" rel=\"noopener\">bit.ly\/Edital22EncontroSINPROFAZ<\/a>.\r\n\r\n[gallery link=\"file\" ids=\"17943,17944,17945\"]\r\n\r\n","_links":{"self":[{"href":"https:\/\/sinprofaz.org.br\/2024\/wp-json\/wp\/v2\/posts\/17946"}],"collection":[{"href":"https:\/\/sinprofaz.org.br\/2024\/wp-json\/wp\/v2\/posts"}],"about":[{"href":"https:\/\/sinprofaz.org.br\/2024\/wp-json\/wp\/v2\/types\/post"}],"author":[{"embeddable":true,"href":"https:\/\/sinprofaz.org.br\/2024\/wp-json\/wp\/v2\/users\/2"}],"replies":[{"embeddable":true,"href":"https:\/\/sinprofaz.org.br\/2024\/wp-json\/wp\/v2\/comments?post=17946"}],"version-history":[{"count":2,"href":"https:\/\/sinprofaz.org.br\/2024\/wp-json\/wp\/v2\/posts\/17946\/revisions"}],"predecessor-version":[{"id":17952,"href":"https:\/\/sinprofaz.org.br\/2024\/wp-json\/wp\/v2\/posts\/17946\/revisions\/17952"}],"wp:featuredmedia":[{"embeddable":true,"href":"https:\/\/sinprofaz.org.br\/2024\/wp-json\/wp\/v2\/media\/17942"}],"wp:attachment":[{"href":"https:\/\/sinprofaz.org.br\/2024\/wp-json\/wp\/v2\/media?parent=17946"}],"wp:term":[{"taxonomy":"category","embeddable":true,"href":"https:\/\/sinprofaz.org.br\/2024\/wp-json\/wp\/v2\/categories?post=17946"},{"taxonomy":"post_tag","embeddable":true,"href":"https:\/\/sinprofaz.org.br\/2024\/wp-json\/wp\/v2\/tags?post=17946"}],"curies":[{"name":"wp","href":"https:\/\/api.w.org\/{rel}","templated":true}]}}