{"id":17930,"date":"2024-03-28T08:29:09","date_gmt":"2024-03-28T11:29:09","guid":{"rendered":"http:\/\/www.sinprofaz.org.br\/?p=17930"},"modified":"2024-03-28T08:29:09","modified_gmt":"2024-03-28T11:29:09","slug":"othon-saraiva-filho-coordena-obras-sobre-direitos-dos-refugiados","status":"publish","type":"post","link":"https:\/\/sinprofaz.org.br\/2024\/noticias\/othon-saraiva-filho-coordena-obras-sobre-direitos-dos-refugiados\/","title":{"rendered":"OTHON SARAIVA FILHO COORDENA OBRAS SOBRE DIREITOS DOS REFUGIADOS"},"content":{"rendered":"<p>O ilustre filiado Oswaldo Othon de Pontes Saraiva Filho convida a Carreira para conhecer as duas mais recentes obras por ele coordenadas: os tomos 1 e 2 do livro &#8220;Direitos dos Refugiados&#8221;. As obras, editadas pela F\u00d3RUM, ser\u00e3o lan\u00e7adas em evento no dia 2 de abril, a partir das 18h30, no Espa\u00e7o Cultural do Edif\u00edcio dos Plen\u00e1rios, no Superior Tribunal de Justi\u00e7a. Todos os procuradores e procuradoras da Fazenda Nacional est\u00e3o convidados para prestigiar!<\/p>\n<p>O primeiro volume da obra &#8220;Direitos dos Refugiados&#8221; tem pref\u00e1cio de Marcos Joaquim Gon\u00e7alves Alves e o segundo \u00e9 prefaciado pelo ministro do STJ Reynaldo Soares da Fonseca. As obras tratam das dificuldades por que passam os refugiados e das medidas capazes de minorar esse sofrimento. Trazem an\u00e1lises dos direitos dos refugiados sob o olhar de juristas de diferentes nacionalidades, de modo que o leitor possa ter uma vis\u00e3o completa do estado de arte e da viv\u00eancia desse direito humano fundamental.<\/p>\n<p>Conhe\u00e7a as obras &#8220;Direitos dos\u00a0Refugiados&#8221;!<\/p>\n<p>Tomo 1:\u00a0<a href=\"http:\/\/digital.editoraforum.com.br\/livro\/direitos-dos-refugiados-tomo-1-5657\/1\" target=\"_blank\" rel=\"noopener\">digital.editoraforum.com.br\/livro\/direitos-dos-refugiados-tomo-1-5657\/1<\/a><\/p>\n<p>Tomo 2:\u00a0<a href=\"http:\/\/digital.editoraforum.com.br\/livro\/direitos-dos-refugiados-tomo-2-5658\/1\" target=\"_blank\" rel=\"noopener\">digital.editoraforum.com.br\/livro\/direitos-dos-refugiados-tomo-2-5658\/1<\/a><\/p>\n<p><strong>Sobre o coordenador<br \/>\n<\/strong>Othon Saraiva Filho \u00e9 mestre em Direito. Professor de Direito Financeiro e de Direito Tribut\u00e1rio da Faculdade de Direito da Universidade de Bras\u00edlia (UnB). Procurador da Fazenda Nacional aposentado e ex-consultor da Uni\u00e3o. S\u00f3cio s\u00eanior de servi\u00e7o do escrit\u00f3rio MJ Alves e Burle Advogados e Consultores. Coordenador de algumas dezenas de livros e autor de mais de tr\u00eas centenas de artigos publicados em livros e em peri\u00f3dicos cient\u00edficos. \u00c9 diretor cient\u00edfico fundador da Revista F\u00f3rum de Direito Tribut\u00e1rio.<\/p>\n<p><!-- notionvc: cc333f44-f095-4c69-8b2e-813dea1dc27d --><\/p>\n","protected":false},"excerpt":{"rendered":"<p>As obras, editadas pela F\u00d3RUM, ser\u00e3o lan\u00e7adas em evento no dia 2 de abril, no Espa\u00e7o Cultural do Edif\u00edcio dos Plen\u00e1rios, no Superior Tribunal de Justi\u00e7a. Todos os procuradores e procuradoras da Fazenda Nacional est\u00e3o convidados para prestigiar!<\/p>\n","protected":false},"author":2,"featured_media":17929,"comment_status":"open","ping_status":"open","sticky":false,"template":"","format":"standard","meta":{"footnotes":""},"categories":[8],"tags":[32,29,121],"featured_image_url":"https:\/\/sinprofaz.org.br\/2024\/wp-content\/uploads\/2024\/03\/1-19.png","character_count":878,"formatted_date":"28\/03\/2024 - 08:29","contentNovo":"O ilustre filiado Oswaldo Othon de Pontes Saraiva Filho convida a Carreira para conhecer as duas mais recentes obras por ele coordenadas: os tomos 1 e 2 do livro \"Direitos dos Refugiados\". As obras, editadas pela F\u00d3RUM, ser\u00e3o lan\u00e7adas em evento no dia 2 de abril, a partir das 18h30, no Espa\u00e7o Cultural do Edif\u00edcio dos Plen\u00e1rios, no Superior Tribunal de Justi\u00e7a. Todos os procuradores e procuradoras da Fazenda Nacional est\u00e3o convidados para prestigiar!\r\n\r\nO primeiro volume da obra \"Direitos dos Refugiados\" tem pref\u00e1cio de Marcos Joaquim Gon\u00e7alves Alves e o segundo \u00e9 prefaciado pelo ministro do STJ Reynaldo Soares da Fonseca. As obras tratam das dificuldades por que passam os refugiados e das medidas capazes de minorar esse sofrimento. Trazem an\u00e1lises dos direitos dos refugiados sob o olhar de juristas de diferentes nacionalidades, de modo que o leitor possa ter uma vis\u00e3o completa do estado de arte e da viv\u00eancia desse direito humano fundamental.\r\n\r\nConhe\u00e7a as obras \"Direitos dos\u00a0Refugiados\"!\r\n\r\nTomo 1:\u00a0<a href=\"http:\/\/digital.editoraforum.com.br\/livro\/direitos-dos-refugiados-tomo-1-5657\/1\" target=\"_blank\" rel=\"noopener\">digital.editoraforum.com.br\/livro\/direitos-dos-refugiados-tomo-1-5657\/1<\/a>\r\n\r\nTomo 2:\u00a0<a href=\"http:\/\/digital.editoraforum.com.br\/livro\/direitos-dos-refugiados-tomo-2-5658\/1\" target=\"_blank\" rel=\"noopener\">digital.editoraforum.com.br\/livro\/direitos-dos-refugiados-tomo-2-5658\/1<\/a>\r\n\r\n<strong>Sobre o coordenador\r\n<\/strong>Othon Saraiva Filho \u00e9 mestre em Direito. Professor de Direito Financeiro e de Direito Tribut\u00e1rio da Faculdade de Direito da Universidade de Bras\u00edlia (UnB). Procurador da Fazenda Nacional aposentado e ex-consultor da Uni\u00e3o. S\u00f3cio s\u00eanior de servi\u00e7o do escrit\u00f3rio MJ Alves e Burle Advogados e Consultores. Coordenador de algumas dezenas de livros e autor de mais de tr\u00eas centenas de artigos publicados em livros e em peri\u00f3dicos cient\u00edficos. \u00c9 diretor cient\u00edfico fundador da Revista F\u00f3rum de Direito Tribut\u00e1rio.\r\n\r\n","_links":{"self":[{"href":"https:\/\/sinprofaz.org.br\/2024\/wp-json\/wp\/v2\/posts\/17930"}],"collection":[{"href":"https:\/\/sinprofaz.org.br\/2024\/wp-json\/wp\/v2\/posts"}],"about":[{"href":"https:\/\/sinprofaz.org.br\/2024\/wp-json\/wp\/v2\/types\/post"}],"author":[{"embeddable":true,"href":"https:\/\/sinprofaz.org.br\/2024\/wp-json\/wp\/v2\/users\/2"}],"replies":[{"embeddable":true,"href":"https:\/\/sinprofaz.org.br\/2024\/wp-json\/wp\/v2\/comments?post=17930"}],"version-history":[{"count":1,"href":"https:\/\/sinprofaz.org.br\/2024\/wp-json\/wp\/v2\/posts\/17930\/revisions"}],"predecessor-version":[{"id":17931,"href":"https:\/\/sinprofaz.org.br\/2024\/wp-json\/wp\/v2\/posts\/17930\/revisions\/17931"}],"wp:featuredmedia":[{"embeddable":true,"href":"https:\/\/sinprofaz.org.br\/2024\/wp-json\/wp\/v2\/media\/17929"}],"wp:attachment":[{"href":"https:\/\/sinprofaz.org.br\/2024\/wp-json\/wp\/v2\/media?parent=17930"}],"wp:term":[{"taxonomy":"category","embeddable":true,"href":"https:\/\/sinprofaz.org.br\/2024\/wp-json\/wp\/v2\/categories?post=17930"},{"taxonomy":"post_tag","embeddable":true,"href":"https:\/\/sinprofaz.org.br\/2024\/wp-json\/wp\/v2\/tags?post=17930"}],"curies":[{"name":"wp","href":"https:\/\/api.w.org\/{rel}","templated":true}]}}