{"id":17927,"date":"2024-03-27T08:28:36","date_gmt":"2024-03-27T11:28:36","guid":{"rendered":"http:\/\/www.sinprofaz.org.br\/?p=17927"},"modified":"2024-03-28T10:18:22","modified_gmt":"2024-03-28T13:18:22","slug":"debate-politico-marca-reuniao-entre-diretoria-e-delegacias-sindicais","status":"publish","type":"post","link":"https:\/\/sinprofaz.org.br\/2024\/noticias\/debate-politico-marca-reuniao-entre-diretoria-e-delegacias-sindicais\/","title":{"rendered":"DEBATE POL\u00cdTICO MARCA REUNI\u00c3O ENTRE DIRETORIA E DELEGACIAS SINDICAIS"},"content":{"rendered":"<p>As demandas da Carreira, o cen\u00e1rio pol\u00edtico e a atua\u00e7\u00e3o sindical junto \u00e0 Administra\u00e7\u00e3o e ao CCHA pautaram os debates realizados na sexta-feira (22) em Bras\u00edlia\/DF. Ao longo do encontro, que reuniu diretoras, diretores, delegadas e delegados sindicais, al\u00e9m de membros da Junta de Julgamento e do Conselho Fiscal do Sindicato, os presentes abordaram a agenda de trabalho e as expectativas para o ano.<\/p>\n<p>Os delegados foram respons\u00e1veis por levar \u00e0 Diretoria os pleitos caracter\u00edsticos de cada Estado. Em comum, os questionamentos acerca do implemento de parcelas indenizat\u00f3rias devidas aos Membros da AGU. Aos Colegas, a Diretoria, ent\u00e3o, apresentou detalhes da atua\u00e7\u00e3o do SINPROFAZ junto \u00e0 Advocacia-Geral da Uni\u00e3o e das tratativas que ocorrem nos bastidores para viabilizar os pagamentos. Por fim, deu boas not\u00edcias: grandes avan\u00e7os j\u00e1 foram alcan\u00e7ados e logo ser\u00e3o revertidos em benef\u00edcios concretos para a Carreira.<\/p>\n<p>Durante a reuni\u00e3o, foi rememorado\u00a0o incans\u00e1vel trabalho parlamentar do SINPROFAZ, que, ao longo do \u00faltimo ano, obteve importantes vit\u00f3rias ao resguardar prerrogativas, atribui\u00e7\u00f5es e direitos dos PFNs. Visando \u00e0 aprova\u00e7\u00e3o da PEC 82 (a PEC da Autonomia), o Sindicato vem planejando a atua\u00e7\u00e3o conjunta com entidades da Advocacia P\u00fablica nos tr\u00eas n\u00edveis da Federa\u00e7\u00e3o. Quanto \u00e0 advocacia plena e ao cumprimento do acordo firmado com o governo, o SINPROFAZ possui agendadas reuni\u00f5es\u00a0com agentes pol\u00edticos decisivos.<\/p>\n<p><strong>Filia\u00e7\u00e3o<br \/>\n<\/strong>A import\u00e2ncia de novas filia\u00e7\u00f5es e do apoio da Carreira em todas as Regi\u00f5es foi ressaltada na oportunidade. Por isso, foi com felicidade que os presentes receberam a visita de Alfredo Tiburcio Paiva Frota, procurador-regional da Fazenda Nacional na 1\u00aa Regi\u00e3o. Embora conhecedor\u00a0do hist\u00f3rico trabalho realizado pelo SINPROFAZ em defesa dos PFNs, o Colega n\u00e3o era filiado. A visita foi, ent\u00e3o, a ocasi\u00e3o ideal para que ele se vinculasse ao Sindicato e somasse for\u00e7as com vistas \u00e0 conquista de novos avan\u00e7os para a Carreira.<\/p>\n\n\t\t<style type=\"text\/css\">\n\t\t\t#gallery-1 {\n\t\t\t\tmargin: auto;\n\t\t\t}\n\t\t\t#gallery-1 .gallery-item {\n\t\t\t\tfloat: left;\n\t\t\t\tmargin-top: 10px;\n\t\t\t\ttext-align: center;\n\t\t\t\twidth: 33%;\n\t\t\t}\n\t\t\t#gallery-1 img {\n\t\t\t\tborder: 2px solid #cfcfcf;\n\t\t\t}\n\t\t\t#gallery-1 .gallery-caption {\n\t\t\t\tmargin-left: 0;\n\t\t\t}\n\t\t\t\/* see gallery_shortcode() in wp-includes\/media.php *\/\n\t\t<\/style>\n\t\t<div id='gallery-1' class='gallery galleryid-17927 gallery-columns-3 gallery-size-thumbnail'><dl class='gallery-item'>\n\t\t\t<dt class='gallery-icon landscape'>\n\t\t\t\t<a href='https:\/\/sinprofaz.org.br\/2024\/wp-content\/uploads\/2024\/03\/2-10.png'><img loading=\"lazy\" decoding=\"async\" width=\"150\" height=\"150\" src=\"https:\/\/sinprofaz.org.br\/2024\/wp-content\/uploads\/2024\/03\/2-10-150x150.png\" class=\"attachment-thumbnail size-thumbnail\" alt=\"\" \/><\/a>\n\t\t\t<\/dt><\/dl><dl class='gallery-item'>\n\t\t\t<dt class='gallery-icon landscape'>\n\t\t\t\t<a href='https:\/\/sinprofaz.org.br\/2024\/wp-content\/uploads\/2024\/03\/3-9.png'><img loading=\"lazy\" decoding=\"async\" width=\"150\" height=\"150\" src=\"https:\/\/sinprofaz.org.br\/2024\/wp-content\/uploads\/2024\/03\/3-9-150x150.png\" class=\"attachment-thumbnail size-thumbnail\" alt=\"\" \/><\/a>\n\t\t\t<\/dt><\/dl><dl class='gallery-item'>\n\t\t\t<dt class='gallery-icon landscape'>\n\t\t\t\t<a href='https:\/\/sinprofaz.org.br\/2024\/wp-content\/uploads\/2024\/03\/4-8.png'><img loading=\"lazy\" decoding=\"async\" width=\"150\" height=\"150\" src=\"https:\/\/sinprofaz.org.br\/2024\/wp-content\/uploads\/2024\/03\/4-8-150x150.png\" class=\"attachment-thumbnail size-thumbnail\" alt=\"\" \/><\/a>\n\t\t\t<\/dt><\/dl><br style=\"clear: both\" \/><dl class='gallery-item'>\n\t\t\t<dt class='gallery-icon landscape'>\n\t\t\t\t<a href='https:\/\/sinprofaz.org.br\/2024\/wp-content\/uploads\/2024\/03\/5-6.png'><img loading=\"lazy\" decoding=\"async\" width=\"150\" height=\"150\" src=\"https:\/\/sinprofaz.org.br\/2024\/wp-content\/uploads\/2024\/03\/5-6-150x150.png\" class=\"attachment-thumbnail size-thumbnail\" alt=\"\" \/><\/a>\n\t\t\t<\/dt><\/dl><dl class='gallery-item'>\n\t\t\t<dt class='gallery-icon landscape'>\n\t\t\t\t<a href='https:\/\/sinprofaz.org.br\/2024\/wp-content\/uploads\/2024\/03\/6-4.png'><img loading=\"lazy\" decoding=\"async\" width=\"150\" height=\"150\" src=\"https:\/\/sinprofaz.org.br\/2024\/wp-content\/uploads\/2024\/03\/6-4-150x150.png\" class=\"attachment-thumbnail size-thumbnail\" alt=\"\" \/><\/a>\n\t\t\t<\/dt><\/dl>\n\t\t\t<br style='clear: both' \/>\n\t\t<\/div>\n\n<p><!-- notionvc: 18d6c37c-82ff-4d45-ab67-81d43ace44db --><\/p>\n","protected":false},"excerpt":{"rendered":"<p>Ao longo do encontro, que reuniu diretoras, diretores, delegadas e delegados sindicais, al\u00e9m de membros da Junta de Julgamento e do Conselho Fiscal do Sindicato, os presentes abordaram a agenda de trabalho e as expectativas para o ano. A atua\u00e7\u00e3o sindical junto \u00e0 Administra\u00e7\u00e3o e ao CCHA tamb\u00e9m foi debatida.<\/p>\n","protected":false},"author":2,"featured_media":17921,"comment_status":"open","ping_status":"open","sticky":false,"template":"","format":"standard","meta":{"footnotes":""},"categories":[8],"tags":[32,27,25],"featured_image_url":"https:\/\/sinprofaz.org.br\/2024\/wp-content\/uploads\/2024\/03\/1-18.png","character_count":1214,"formatted_date":"27\/03\/2024 - 08:28","contentNovo":"As demandas da Carreira, o cen\u00e1rio pol\u00edtico e a atua\u00e7\u00e3o sindical junto \u00e0 Administra\u00e7\u00e3o e ao CCHA pautaram os debates realizados na sexta-feira (22) em Bras\u00edlia\/DF. Ao longo do encontro, que reuniu diretoras, diretores, delegadas e delegados sindicais, al\u00e9m de membros da Junta de Julgamento e do Conselho Fiscal do Sindicato, os presentes abordaram a agenda de trabalho e as expectativas para o ano.\r\n\r\nOs delegados foram respons\u00e1veis por levar \u00e0 Diretoria os pleitos caracter\u00edsticos de cada Estado. Em comum, os questionamentos acerca do implemento de parcelas indenizat\u00f3rias devidas aos Membros da AGU. Aos Colegas, a Diretoria, ent\u00e3o, apresentou detalhes da atua\u00e7\u00e3o do SINPROFAZ junto \u00e0 Advocacia-Geral da Uni\u00e3o e das tratativas que ocorrem nos bastidores para viabilizar os pagamentos. Por fim, deu boas not\u00edcias: grandes avan\u00e7os j\u00e1 foram alcan\u00e7ados e logo ser\u00e3o revertidos em benef\u00edcios concretos para a Carreira.\r\n\r\nDurante a reuni\u00e3o, foi rememorado\u00a0o incans\u00e1vel trabalho parlamentar do SINPROFAZ, que, ao longo do \u00faltimo ano, obteve importantes vit\u00f3rias ao resguardar prerrogativas, atribui\u00e7\u00f5es e direitos dos PFNs. Visando \u00e0 aprova\u00e7\u00e3o da PEC 82 (a PEC da Autonomia), o Sindicato vem planejando a atua\u00e7\u00e3o conjunta com entidades da Advocacia P\u00fablica nos tr\u00eas n\u00edveis da Federa\u00e7\u00e3o. Quanto \u00e0 advocacia plena e ao cumprimento do acordo firmado com o governo, o SINPROFAZ possui agendadas reuni\u00f5es\u00a0com agentes pol\u00edticos decisivos.\r\n\r\n<strong>Filia\u00e7\u00e3o\r\n<\/strong>A import\u00e2ncia de novas filia\u00e7\u00f5es e do apoio da Carreira em todas as Regi\u00f5es foi ressaltada na oportunidade. Por isso, foi com felicidade que os presentes receberam a visita de Alfredo Tiburcio Paiva Frota, procurador-regional da Fazenda Nacional na 1\u00aa Regi\u00e3o. Embora conhecedor\u00a0do hist\u00f3rico trabalho realizado pelo SINPROFAZ em defesa dos PFNs, o Colega n\u00e3o era filiado. A visita foi, ent\u00e3o, a ocasi\u00e3o ideal para que ele se vinculasse ao Sindicato e somasse for\u00e7as com vistas \u00e0 conquista de novos avan\u00e7os para a Carreira.\r\n\r\n[gallery link=\"file\" ids=\"17922,17923,17924,17925,17926\"]\r\n\r\n","_links":{"self":[{"href":"https:\/\/sinprofaz.org.br\/2024\/wp-json\/wp\/v2\/posts\/17927"}],"collection":[{"href":"https:\/\/sinprofaz.org.br\/2024\/wp-json\/wp\/v2\/posts"}],"about":[{"href":"https:\/\/sinprofaz.org.br\/2024\/wp-json\/wp\/v2\/types\/post"}],"author":[{"embeddable":true,"href":"https:\/\/sinprofaz.org.br\/2024\/wp-json\/wp\/v2\/users\/2"}],"replies":[{"embeddable":true,"href":"https:\/\/sinprofaz.org.br\/2024\/wp-json\/wp\/v2\/comments?post=17927"}],"version-history":[{"count":2,"href":"https:\/\/sinprofaz.org.br\/2024\/wp-json\/wp\/v2\/posts\/17927\/revisions"}],"predecessor-version":[{"id":17933,"href":"https:\/\/sinprofaz.org.br\/2024\/wp-json\/wp\/v2\/posts\/17927\/revisions\/17933"}],"wp:featuredmedia":[{"embeddable":true,"href":"https:\/\/sinprofaz.org.br\/2024\/wp-json\/wp\/v2\/media\/17921"}],"wp:attachment":[{"href":"https:\/\/sinprofaz.org.br\/2024\/wp-json\/wp\/v2\/media?parent=17927"}],"wp:term":[{"taxonomy":"category","embeddable":true,"href":"https:\/\/sinprofaz.org.br\/2024\/wp-json\/wp\/v2\/categories?post=17927"},{"taxonomy":"post_tag","embeddable":true,"href":"https:\/\/sinprofaz.org.br\/2024\/wp-json\/wp\/v2\/tags?post=17927"}],"curies":[{"name":"wp","href":"https:\/\/api.w.org\/{rel}","templated":true}]}}