{"id":17919,"date":"2024-03-26T08:31:19","date_gmt":"2024-03-26T11:31:19","guid":{"rendered":"http:\/\/www.sinprofaz.org.br\/?p=17919"},"modified":"2024-03-26T08:31:19","modified_gmt":"2024-03-26T11:31:19","slug":"ago-2024-promove-encontro-entre-diretores-e-delegados-em-brasilia","status":"publish","type":"post","link":"https:\/\/sinprofaz.org.br\/2024\/noticias\/ago-2024-promove-encontro-entre-diretores-e-delegados-em-brasilia\/","title":{"rendered":"AGO 2024 PROMOVE ENCONTRO ENTRE DIRETORES E DELEGADOS EM BRAS\u00cdLIA"},"content":{"rendered":"<p>O sal\u00e3o de eventos do Hotel Comfort Suites, em Bras\u00edlia\/DF, sediou no s\u00e1bado (23) a Assembleia Geral Ordin\u00e1ria do SINPROFAZ. O encontro reuniu integrantes da Diretoria, das Delegacias Sindicais, da Junta de Julgamento e do Conselho Fiscal do Sindicato. Cerca de 30 PFNs participaram presencialmente da AGO 2024 e contribu\u00edram com as delibera\u00e7\u00f5es da ocasi\u00e3o.<\/p>\n<p>Os debates ao longo da Assembleia foram conduzidos pela presidente do SINPROFAZ, Iolanda Guindani. Al\u00e9m da presidente, compuseram a mesa da AGO o vice-presidente, Ricardo Queiroz, e a diretora secret\u00e1ria, Luciane de Abreu. Para as exposi\u00e7\u00f5es acerca do item 2 da pauta, relativo \u00e0s contas do exerc\u00edcio de 2023, foram chamados \u00e0\u00a0mesa os membros do Conselho Fiscal do Sindicato: Jos\u00e9 Edmundo Barros de Lacerda, Maria Helena Urbano Ribemboim e Vl\u00e1dia Bezerra do Carmo.<\/p>\n<p>Apurados os votos, a Assembleia passou a deliberar sobre quest\u00f5es suscitadas pelos presentes. Foi aprovada por aclama\u00e7\u00e3o a proposta do filiado Jos\u00e9 Carlos Loch: o SINPROFAZ pleitear\u00e1, junto \u00e0 Procuradoria-Geral da Fazenda Nacional, uma cadeira no Conselho de Gest\u00e3o Estrat\u00e9gica, a ser ocupada por um Membro da Carreira. Medidas de apoio aos PFNs mais antigos, como a atribui\u00e7\u00e3o de meia carga ou a aloca\u00e7\u00e3o em setores de menor demanda, tamb\u00e9m ser\u00e3o pleiteadas pelo Sindicato, conforme aprova\u00e7\u00e3o da AGO.<\/p>\n<p>A ata da Assembleia Geral Ordin\u00e1ria 2024 ser\u00e1 em breve disponibilizada na \u00c1rea do Filiado.\u00a0\u00c0quelas e \u00e0queles que participaram da AGO, presencialmente e via procura\u00e7\u00e3o, o SINPROFAZ agradece pelas contribui\u00e7\u00f5es!<\/p>\n<p><strong>Resultados da AGO 2024<\/strong><\/p>\n<p>1) Ata da Assembleia Geral Ordin\u00e1ria 2023: Aprovada<\/p>\n<p>2) Contas do exerc\u00edcio de 2023: Aprovadas<\/p>\n<p>3) Proposta de or\u00e7amento para o exerc\u00edcio de 2024: Aprovada<\/p>\n<p>4) Autoriza\u00e7\u00e3o para o SINPROFAZ propor a\u00e7\u00f5es judiciais e ratificar as a\u00e7\u00f5es recentemente propostas: Aprovada<\/p>\n<p>5) Elei\u00e7\u00e3o para a Junta de Julgamento Bi\u00eanio 2024-2026. Eleitos:<\/p>\n<p>Jos\u00e9 Edmundo Barros de Lacerda<br \/>\nSuplente: Victor Galeno Rodrigues Lima<\/p>\n<p>Kennedy Furtado de Mendon\u00e7a<br \/>\nSuplente: Ot\u00e1vio Tavares de Moraes Neto<\/p>\n<p>Vl\u00e1dia Bezerra do Carmo<br \/>\nSuplente: Maria Neuraci Rodrigues Freire Peixoto<\/p>\n<p>6) Elei\u00e7\u00e3o para o Conselho Fiscal Bi\u00eanio 2024-2026. Eleitos:<\/p>\n<p>Benedito Paulo de Souza<br \/>\nSuplente: Renato Pereira Pinto<\/p>\n<p>Manolo Aur\u00e9lio Bedin Keller<br \/>\nSuplente: Patr\u00edcia Vignolo Alves<\/p>\n<p>Maria Helena Urbano Ribemboim<br \/>\nSuplente: Jo\u00e3o Paulo Cordeiro Cavalcanti<\/p>\n<p>7) Autoriza\u00e7\u00e3o para o SINPROFAZ atuar, perante a Advocacia-Geral da Uni\u00e3o, a Procuradoria-Geral da Fazenda Nacional e o Minist\u00e9rio da Fazenda, com vistas \u00e0 manuten\u00e7\u00e3o do regramento atual que orienta o teletrabalho dos PFNs: Aprovada<\/p>\n<p>8) Autoriza\u00e7\u00e3o para despesas extraordin\u00e1rias visando \u00e0 defesa de prerrogativas da Carreira, bem como \u00e0 campanha pela recomposi\u00e7\u00e3o do subs\u00eddio: Aprovada<\/p>\n\n\t\t<style type=\"text\/css\">\n\t\t\t#gallery-1 {\n\t\t\t\tmargin: auto;\n\t\t\t}\n\t\t\t#gallery-1 .gallery-item {\n\t\t\t\tfloat: left;\n\t\t\t\tmargin-top: 10px;\n\t\t\t\ttext-align: center;\n\t\t\t\twidth: 33%;\n\t\t\t}\n\t\t\t#gallery-1 img {\n\t\t\t\tborder: 2px solid #cfcfcf;\n\t\t\t}\n\t\t\t#gallery-1 .gallery-caption {\n\t\t\t\tmargin-left: 0;\n\t\t\t}\n\t\t\t\/* see gallery_shortcode() in wp-includes\/media.php *\/\n\t\t<\/style>\n\t\t<div id='gallery-1' class='gallery galleryid-17919 gallery-columns-3 gallery-size-thumbnail'><dl class='gallery-item'>\n\t\t\t<dt class='gallery-icon landscape'>\n\t\t\t\t<a href='https:\/\/sinprofaz.org.br\/2024\/wp-content\/uploads\/2024\/03\/2-9.png'><img loading=\"lazy\" decoding=\"async\" width=\"150\" height=\"150\" src=\"https:\/\/sinprofaz.org.br\/2024\/wp-content\/uploads\/2024\/03\/2-9-150x150.png\" class=\"attachment-thumbnail size-thumbnail\" alt=\"\" \/><\/a>\n\t\t\t<\/dt><\/dl><dl class='gallery-item'>\n\t\t\t<dt class='gallery-icon landscape'>\n\t\t\t\t<a href='https:\/\/sinprofaz.org.br\/2024\/wp-content\/uploads\/2024\/03\/3-8.png'><img loading=\"lazy\" decoding=\"async\" width=\"150\" height=\"150\" src=\"https:\/\/sinprofaz.org.br\/2024\/wp-content\/uploads\/2024\/03\/3-8-150x150.png\" class=\"attachment-thumbnail size-thumbnail\" alt=\"\" \/><\/a>\n\t\t\t<\/dt><\/dl><dl class='gallery-item'>\n\t\t\t<dt class='gallery-icon landscape'>\n\t\t\t\t<a href='https:\/\/sinprofaz.org.br\/2024\/wp-content\/uploads\/2024\/03\/4-7.png'><img loading=\"lazy\" decoding=\"async\" width=\"150\" height=\"150\" src=\"https:\/\/sinprofaz.org.br\/2024\/wp-content\/uploads\/2024\/03\/4-7-150x150.png\" class=\"attachment-thumbnail size-thumbnail\" alt=\"\" \/><\/a>\n\t\t\t<\/dt><\/dl><br style=\"clear: both\" \/><dl class='gallery-item'>\n\t\t\t<dt class='gallery-icon landscape'>\n\t\t\t\t<a href='https:\/\/sinprofaz.org.br\/2024\/wp-content\/uploads\/2024\/03\/5-5.png'><img loading=\"lazy\" decoding=\"async\" width=\"150\" height=\"150\" src=\"https:\/\/sinprofaz.org.br\/2024\/wp-content\/uploads\/2024\/03\/5-5-150x150.png\" class=\"attachment-thumbnail size-thumbnail\" alt=\"\" \/><\/a>\n\t\t\t<\/dt><\/dl><dl class='gallery-item'>\n\t\t\t<dt class='gallery-icon landscape'>\n\t\t\t\t<a href='https:\/\/sinprofaz.org.br\/2024\/wp-content\/uploads\/2024\/03\/6-3.png'><img loading=\"lazy\" decoding=\"async\" width=\"150\" height=\"150\" src=\"https:\/\/sinprofaz.org.br\/2024\/wp-content\/uploads\/2024\/03\/6-3-150x150.png\" class=\"attachment-thumbnail size-thumbnail\" alt=\"\" \/><\/a>\n\t\t\t<\/dt><\/dl><dl class='gallery-item'>\n\t\t\t<dt class='gallery-icon landscape'>\n\t\t\t\t<a href='https:\/\/sinprofaz.org.br\/2024\/wp-content\/uploads\/2024\/03\/7-2.png'><img loading=\"lazy\" decoding=\"async\" width=\"150\" height=\"150\" src=\"https:\/\/sinprofaz.org.br\/2024\/wp-content\/uploads\/2024\/03\/7-2-150x150.png\" class=\"attachment-thumbnail size-thumbnail\" alt=\"\" \/><\/a>\n\t\t\t<\/dt><\/dl><br style=\"clear: both\" \/>\n\t\t<\/div>\n\n<p><!-- notionvc: b3a67851-8c82-4a6c-aeb7-c871fc5ea635 --><\/p>\n","protected":false},"excerpt":{"rendered":"<p>O sal\u00e3o de eventos do Hotel Comfort Suites, em Bras\u00edlia\/DF, sediou no s\u00e1bado (23) a Assembleia Geral Ordin\u00e1ria do SINPROFAZ. O encontro reuniu integrantes da Diretoria, das Delegacias Sindicais, da Junta de Julgamento e do Conselho Fiscal do Sindicato.<\/p>\n","protected":false},"author":2,"featured_media":17912,"comment_status":"open","ping_status":"open","sticky":false,"template":"","format":"standard","meta":{"footnotes":""},"categories":[8],"tags":[41,32,25],"featured_image_url":"https:\/\/sinprofaz.org.br\/2024\/wp-content\/uploads\/2024\/03\/1-17.png","character_count":1615,"formatted_date":"26\/03\/2024 - 08:31","contentNovo":"O sal\u00e3o de eventos do Hotel Comfort Suites, em Bras\u00edlia\/DF, sediou no s\u00e1bado (23) a Assembleia Geral Ordin\u00e1ria do SINPROFAZ. O encontro reuniu integrantes da Diretoria, das Delegacias Sindicais, da Junta de Julgamento e do Conselho Fiscal do Sindicato. Cerca de 30 PFNs participaram presencialmente da AGO 2024 e contribu\u00edram com as delibera\u00e7\u00f5es da ocasi\u00e3o.\r\n\r\nOs debates ao longo da Assembleia foram conduzidos pela presidente do SINPROFAZ, Iolanda Guindani. Al\u00e9m da presidente, compuseram a mesa da AGO o vice-presidente, Ricardo Queiroz, e a diretora secret\u00e1ria, Luciane de Abreu. Para as exposi\u00e7\u00f5es acerca do item 2 da pauta, relativo \u00e0s contas do exerc\u00edcio de 2023, foram chamados \u00e0\u00a0mesa os membros do Conselho Fiscal do Sindicato: Jos\u00e9 Edmundo Barros de Lacerda, Maria Helena Urbano Ribemboim e Vl\u00e1dia Bezerra do Carmo.\r\n\r\nApurados os votos, a Assembleia passou a deliberar sobre quest\u00f5es suscitadas pelos presentes. Foi aprovada por aclama\u00e7\u00e3o a proposta do filiado Jos\u00e9 Carlos Loch: o SINPROFAZ pleitear\u00e1, junto \u00e0 Procuradoria-Geral da Fazenda Nacional, uma cadeira no Conselho de Gest\u00e3o Estrat\u00e9gica, a ser ocupada por um Membro da Carreira. Medidas de apoio aos PFNs mais antigos, como a atribui\u00e7\u00e3o de meia carga ou a aloca\u00e7\u00e3o em setores de menor demanda, tamb\u00e9m ser\u00e3o pleiteadas pelo Sindicato, conforme aprova\u00e7\u00e3o da AGO.\r\n\r\nA ata da Assembleia Geral Ordin\u00e1ria 2024 ser\u00e1 em breve disponibilizada na \u00c1rea do Filiado.\u00a0\u00c0quelas e \u00e0queles que participaram da AGO, presencialmente e via procura\u00e7\u00e3o, o SINPROFAZ agradece pelas contribui\u00e7\u00f5es!\r\n\r\n<strong>Resultados da AGO 2024<\/strong>\r\n\r\n1) Ata da Assembleia Geral Ordin\u00e1ria 2023: Aprovada\r\n\r\n2) Contas do exerc\u00edcio de 2023: Aprovadas\r\n\r\n3) Proposta de or\u00e7amento para o exerc\u00edcio de 2024: Aprovada\r\n\r\n4) Autoriza\u00e7\u00e3o para o SINPROFAZ propor a\u00e7\u00f5es judiciais e ratificar as a\u00e7\u00f5es recentemente propostas: Aprovada\r\n\r\n5) Elei\u00e7\u00e3o para a Junta de Julgamento Bi\u00eanio 2024-2026. Eleitos:\r\n\r\nJos\u00e9 Edmundo Barros de Lacerda\r\nSuplente: Victor Galeno Rodrigues Lima\r\n\r\nKennedy Furtado de Mendon\u00e7a\r\nSuplente: Ot\u00e1vio Tavares de Moraes Neto\r\n\r\nVl\u00e1dia Bezerra do Carmo\r\nSuplente: Maria Neuraci Rodrigues Freire Peixoto\r\n\r\n6) Elei\u00e7\u00e3o para o Conselho Fiscal Bi\u00eanio 2024-2026. Eleitos:\r\n\r\nBenedito Paulo de Souza\r\nSuplente: Renato Pereira Pinto\r\n\r\nManolo Aur\u00e9lio Bedin Keller\r\nSuplente: Patr\u00edcia Vignolo Alves\r\n\r\nMaria Helena Urbano Ribemboim\r\nSuplente: Jo\u00e3o Paulo Cordeiro Cavalcanti\r\n\r\n7) Autoriza\u00e7\u00e3o para o SINPROFAZ atuar, perante a Advocacia-Geral da Uni\u00e3o, a Procuradoria-Geral da Fazenda Nacional e o Minist\u00e9rio da Fazenda, com vistas \u00e0 manuten\u00e7\u00e3o do regramento atual que orienta o teletrabalho dos PFNs: Aprovada\r\n\r\n8) Autoriza\u00e7\u00e3o para despesas extraordin\u00e1rias visando \u00e0 defesa de prerrogativas da Carreira, bem como \u00e0 campanha pela recomposi\u00e7\u00e3o do subs\u00eddio: Aprovada\r\n\r\n[gallery link=\"file\" ids=\"17913,17914,17915,17916,17917,17918\"]\r\n\r\n","_links":{"self":[{"href":"https:\/\/sinprofaz.org.br\/2024\/wp-json\/wp\/v2\/posts\/17919"}],"collection":[{"href":"https:\/\/sinprofaz.org.br\/2024\/wp-json\/wp\/v2\/posts"}],"about":[{"href":"https:\/\/sinprofaz.org.br\/2024\/wp-json\/wp\/v2\/types\/post"}],"author":[{"embeddable":true,"href":"https:\/\/sinprofaz.org.br\/2024\/wp-json\/wp\/v2\/users\/2"}],"replies":[{"embeddable":true,"href":"https:\/\/sinprofaz.org.br\/2024\/wp-json\/wp\/v2\/comments?post=17919"}],"version-history":[{"count":1,"href":"https:\/\/sinprofaz.org.br\/2024\/wp-json\/wp\/v2\/posts\/17919\/revisions"}],"predecessor-version":[{"id":17920,"href":"https:\/\/sinprofaz.org.br\/2024\/wp-json\/wp\/v2\/posts\/17919\/revisions\/17920"}],"wp:featuredmedia":[{"embeddable":true,"href":"https:\/\/sinprofaz.org.br\/2024\/wp-json\/wp\/v2\/media\/17912"}],"wp:attachment":[{"href":"https:\/\/sinprofaz.org.br\/2024\/wp-json\/wp\/v2\/media?parent=17919"}],"wp:term":[{"taxonomy":"category","embeddable":true,"href":"https:\/\/sinprofaz.org.br\/2024\/wp-json\/wp\/v2\/categories?post=17919"},{"taxonomy":"post_tag","embeddable":true,"href":"https:\/\/sinprofaz.org.br\/2024\/wp-json\/wp\/v2\/tags?post=17919"}],"curies":[{"name":"wp","href":"https:\/\/api.w.org\/{rel}","templated":true}]}}