{"id":17901,"date":"2024-03-22T08:28:01","date_gmt":"2024-03-22T11:28:01","guid":{"rendered":"http:\/\/www.sinprofaz.org.br\/?p=17901"},"modified":"2024-03-25T11:32:28","modified_gmt":"2024-03-25T14:32:28","slug":"arthur-lira-recebe-sinprofaz-e-demais-entidades-do-mosap","status":"publish","type":"post","link":"https:\/\/sinprofaz.org.br\/2024\/noticias\/arthur-lira-recebe-sinprofaz-e-demais-entidades-do-mosap\/","title":{"rendered":"ARTHUR LIRA RECEBE SINPROFAZ E DEMAIS ENTIDADES DO MOSAP"},"content":{"rendered":"<p>O SINPROFAZ, representado pela presidente Iolanda Guindani e pelo vice-presidente Ricardo Queiroz, compareceu na quarta-feira (20) \u00e0 reuni\u00e3o com Arthur Lira (PP\/AL), presidente da C\u00e2mara dos Deputados. O encontro foi promovido pelo Movimento Nacional dos Servidores P\u00fablicos Aposentados e Pensionistas &#8211; Instituto MOSAP, do qual o Sindicato faz parte, e tamb\u00e9m contou com as presen\u00e7as do deputado federal Cleber Verde (MDB\/MA) e do ex-deputado federal Carlos Motta, autor da PEC 555\/2006.<\/p>\n<p>O objetivo central da reuni\u00e3o realizada na C\u00e2mara foi sensibilizar o presidente a respeito da necessidade de aprova\u00e7\u00e3o do requerimento 624\/2024, que prop\u00f5e o apensamento da PEC 06\/2024 \u00e0 PEC 555\/2006. Ambas as propostas de emenda versam sobre a extin\u00e7\u00e3o da contribui\u00e7\u00e3o previdenci\u00e1ria dos servidores p\u00fablicos aposentados e pensionistas, mas a PEC 555 j\u00e1 se encontra pronta para vota\u00e7\u00e3o. O apensamento, portanto, seria capaz de conferir celeridade \u00e0 tramita\u00e7\u00e3o e \u00e0 eventual aprova\u00e7\u00e3o da proposta pela Casa.<\/p>\n<p>Durante o encontro, Arthur Lira destacou a import\u00e2ncia do trabalho parlamentar desenvolvido pelo MOSAP e pelas entidades filiadas. Lira ressaltou tamb\u00e9m a necessidade de aprofundamento dos estudos e dos demonstrativos que revelam o impacto or\u00e7ament\u00e1rio e os efeitos econ\u00f4micos positivos gerados pelas PECs. Segundo o presidente da C\u00e2mara, a extin\u00e7\u00e3o da contribui\u00e7\u00e3o poderia provocar o aumento do poder de compra dos aposentados e pensionistas e, consequentemente, o est\u00edmulo ao consumo.<\/p>\n<p>Encerrada a reuni\u00e3o, foram definidos encaminhamentos para a atua\u00e7\u00e3o parlamentar do MOSAP, do SINPROFAZ e das demais entidades integrantes. Al\u00e9m da busca por apoio entre os l\u00edderes partid\u00e1rios no Congresso Nacional, uma frente de trabalho se dedicar\u00e1 ao convencimento de ministros de \u00e1reas-chave, como Previd\u00eancia, Gest\u00e3o e Planejamento. Visando ampliar o apoio \u00e0s propostas, ser\u00e1 programada, ainda, a realiza\u00e7\u00e3o de reuni\u00f5es nas bases parlamentares e de eventos nas instala\u00e7\u00f5es da C\u00e2mara dos Deputados.<\/p>\n\n\t\t<style type=\"text\/css\">\n\t\t\t#gallery-1 {\n\t\t\t\tmargin: auto;\n\t\t\t}\n\t\t\t#gallery-1 .gallery-item {\n\t\t\t\tfloat: left;\n\t\t\t\tmargin-top: 10px;\n\t\t\t\ttext-align: center;\n\t\t\t\twidth: 33%;\n\t\t\t}\n\t\t\t#gallery-1 img {\n\t\t\t\tborder: 2px solid #cfcfcf;\n\t\t\t}\n\t\t\t#gallery-1 .gallery-caption {\n\t\t\t\tmargin-left: 0;\n\t\t\t}\n\t\t\t\/* see gallery_shortcode() in wp-includes\/media.php *\/\n\t\t<\/style>\n\t\t<div id='gallery-1' class='gallery galleryid-17901 gallery-columns-3 gallery-size-thumbnail'><dl class='gallery-item'>\n\t\t\t<dt class='gallery-icon landscape'>\n\t\t\t\t<a href='https:\/\/sinprofaz.org.br\/2024\/wp-content\/uploads\/2024\/03\/2-8.png'><img loading=\"lazy\" decoding=\"async\" width=\"150\" height=\"150\" src=\"https:\/\/sinprofaz.org.br\/2024\/wp-content\/uploads\/2024\/03\/2-8-150x150.png\" class=\"attachment-thumbnail size-thumbnail\" alt=\"\" \/><\/a>\n\t\t\t<\/dt><\/dl><dl class='gallery-item'>\n\t\t\t<dt class='gallery-icon landscape'>\n\t\t\t\t<a href='https:\/\/sinprofaz.org.br\/2024\/wp-content\/uploads\/2024\/03\/3-7.png'><img loading=\"lazy\" decoding=\"async\" width=\"150\" height=\"150\" src=\"https:\/\/sinprofaz.org.br\/2024\/wp-content\/uploads\/2024\/03\/3-7-150x150.png\" class=\"attachment-thumbnail size-thumbnail\" alt=\"\" \/><\/a>\n\t\t\t<\/dt><\/dl><dl class='gallery-item'>\n\t\t\t<dt class='gallery-icon landscape'>\n\t\t\t\t<a href='https:\/\/sinprofaz.org.br\/2024\/wp-content\/uploads\/2024\/03\/4-6.png'><img loading=\"lazy\" decoding=\"async\" width=\"150\" height=\"150\" src=\"https:\/\/sinprofaz.org.br\/2024\/wp-content\/uploads\/2024\/03\/4-6-150x150.png\" class=\"attachment-thumbnail size-thumbnail\" alt=\"\" \/><\/a>\n\t\t\t<\/dt><\/dl><br style=\"clear: both\" \/><dl class='gallery-item'>\n\t\t\t<dt class='gallery-icon landscape'>\n\t\t\t\t<a href='https:\/\/sinprofaz.org.br\/2024\/wp-content\/uploads\/2024\/03\/5-4.png'><img loading=\"lazy\" decoding=\"async\" width=\"150\" height=\"150\" src=\"https:\/\/sinprofaz.org.br\/2024\/wp-content\/uploads\/2024\/03\/5-4-150x150.png\" class=\"attachment-thumbnail size-thumbnail\" alt=\"\" \/><\/a>\n\t\t\t<\/dt><\/dl><dl class='gallery-item'>\n\t\t\t<dt class='gallery-icon landscape'>\n\t\t\t\t<a href='https:\/\/sinprofaz.org.br\/2024\/wp-content\/uploads\/2024\/03\/6-2.png'><img loading=\"lazy\" decoding=\"async\" width=\"150\" height=\"150\" src=\"https:\/\/sinprofaz.org.br\/2024\/wp-content\/uploads\/2024\/03\/6-2-150x150.png\" class=\"attachment-thumbnail size-thumbnail\" alt=\"\" \/><\/a>\n\t\t\t<\/dt><\/dl><dl class='gallery-item'>\n\t\t\t<dt class='gallery-icon landscape'>\n\t\t\t\t<a href='https:\/\/sinprofaz.org.br\/2024\/wp-content\/uploads\/2024\/03\/7-1.png'><img loading=\"lazy\" decoding=\"async\" width=\"150\" height=\"150\" src=\"https:\/\/sinprofaz.org.br\/2024\/wp-content\/uploads\/2024\/03\/7-1-150x150.png\" class=\"attachment-thumbnail size-thumbnail\" alt=\"\" \/><\/a>\n\t\t\t<\/dt><\/dl><br style=\"clear: both\" \/><dl class='gallery-item'>\n\t\t\t<dt class='gallery-icon landscape'>\n\t\t\t\t<a href='https:\/\/sinprofaz.org.br\/2024\/wp-content\/uploads\/2024\/03\/8.png'><img loading=\"lazy\" decoding=\"async\" width=\"150\" height=\"150\" src=\"https:\/\/sinprofaz.org.br\/2024\/wp-content\/uploads\/2024\/03\/8-150x150.png\" class=\"attachment-thumbnail size-thumbnail\" alt=\"\" \/><\/a>\n\t\t\t<\/dt><\/dl>\n\t\t\t<br style='clear: both' \/>\n\t\t<\/div>\n\n","protected":false},"excerpt":{"rendered":"<p>O SINPROFAZ, representado pela presidente Iolanda Guindani e pelo vice-presidente Ricardo Queiroz, compareceu \u00e0 reuni\u00e3o com Arthur Lira, presidente da C\u00e2mara dos Deputados. O encontro foi promovido pelo Movimento Nacional dos Servidores P\u00fablicos Aposentados e Pensionistas &#8211; MOSAP, do qual o Sindicato faz parte.<\/p>\n","protected":false},"author":2,"featured_media":17893,"comment_status":"open","ping_status":"open","sticky":false,"template":"","format":"standard","meta":{"footnotes":""},"categories":[8],"tags":[48,73,25],"featured_image_url":"https:\/\/sinprofaz.org.br\/2024\/wp-content\/uploads\/2024\/03\/1-15.png","character_count":1240,"formatted_date":"22\/03\/2024 - 08:28","contentNovo":"O SINPROFAZ, representado pela presidente Iolanda Guindani e pelo vice-presidente Ricardo Queiroz, compareceu na quarta-feira (20) \u00e0 reuni\u00e3o com Arthur Lira (PP\/AL), presidente da C\u00e2mara dos Deputados. O encontro foi promovido pelo Movimento Nacional dos Servidores P\u00fablicos Aposentados e Pensionistas - Instituto MOSAP, do qual o Sindicato faz parte, e tamb\u00e9m contou com as presen\u00e7as do deputado federal Cleber Verde (MDB\/MA) e do ex-deputado federal Carlos Motta, autor da PEC 555\/2006.\r\n\r\nO objetivo central da reuni\u00e3o realizada na C\u00e2mara foi sensibilizar o presidente a respeito da necessidade de aprova\u00e7\u00e3o do requerimento 624\/2024, que prop\u00f5e o apensamento da PEC 06\/2024 \u00e0 PEC 555\/2006. Ambas as propostas de emenda versam sobre a extin\u00e7\u00e3o da contribui\u00e7\u00e3o previdenci\u00e1ria dos servidores p\u00fablicos aposentados e pensionistas, mas a PEC 555 j\u00e1 se encontra pronta para vota\u00e7\u00e3o. O apensamento, portanto, seria capaz de conferir celeridade \u00e0 tramita\u00e7\u00e3o e \u00e0 eventual aprova\u00e7\u00e3o da proposta pela Casa.\r\n\r\nDurante o encontro, Arthur Lira destacou a import\u00e2ncia do trabalho parlamentar desenvolvido pelo MOSAP e pelas entidades filiadas. Lira ressaltou tamb\u00e9m a necessidade de aprofundamento dos estudos e dos demonstrativos que revelam o impacto or\u00e7ament\u00e1rio e os efeitos econ\u00f4micos positivos gerados pelas PECs. Segundo o presidente da C\u00e2mara, a extin\u00e7\u00e3o da contribui\u00e7\u00e3o poderia provocar o aumento do poder de compra dos aposentados e pensionistas e, consequentemente, o est\u00edmulo ao consumo.\r\n\r\nEncerrada a reuni\u00e3o, foram definidos encaminhamentos para a atua\u00e7\u00e3o parlamentar do MOSAP, do SINPROFAZ e das demais entidades integrantes. Al\u00e9m da busca por apoio entre os l\u00edderes partid\u00e1rios no Congresso Nacional, uma frente de trabalho se dedicar\u00e1 ao convencimento de ministros de \u00e1reas-chave, como Previd\u00eancia, Gest\u00e3o e Planejamento. Visando ampliar o apoio \u00e0s propostas, ser\u00e1 programada, ainda, a realiza\u00e7\u00e3o de reuni\u00f5es nas bases parlamentares e de eventos nas instala\u00e7\u00f5es da C\u00e2mara dos Deputados.\r\n\r\n[gallery link=\"file\" ids=\"17894,17895,17896,17897,17898,17899,17900\"]","_links":{"self":[{"href":"https:\/\/sinprofaz.org.br\/2024\/wp-json\/wp\/v2\/posts\/17901"}],"collection":[{"href":"https:\/\/sinprofaz.org.br\/2024\/wp-json\/wp\/v2\/posts"}],"about":[{"href":"https:\/\/sinprofaz.org.br\/2024\/wp-json\/wp\/v2\/types\/post"}],"author":[{"embeddable":true,"href":"https:\/\/sinprofaz.org.br\/2024\/wp-json\/wp\/v2\/users\/2"}],"replies":[{"embeddable":true,"href":"https:\/\/sinprofaz.org.br\/2024\/wp-json\/wp\/v2\/comments?post=17901"}],"version-history":[{"count":2,"href":"https:\/\/sinprofaz.org.br\/2024\/wp-json\/wp\/v2\/posts\/17901\/revisions"}],"predecessor-version":[{"id":17911,"href":"https:\/\/sinprofaz.org.br\/2024\/wp-json\/wp\/v2\/posts\/17901\/revisions\/17911"}],"wp:featuredmedia":[{"embeddable":true,"href":"https:\/\/sinprofaz.org.br\/2024\/wp-json\/wp\/v2\/media\/17893"}],"wp:attachment":[{"href":"https:\/\/sinprofaz.org.br\/2024\/wp-json\/wp\/v2\/media?parent=17901"}],"wp:term":[{"taxonomy":"category","embeddable":true,"href":"https:\/\/sinprofaz.org.br\/2024\/wp-json\/wp\/v2\/categories?post=17901"},{"taxonomy":"post_tag","embeddable":true,"href":"https:\/\/sinprofaz.org.br\/2024\/wp-json\/wp\/v2\/tags?post=17901"}],"curies":[{"name":"wp","href":"https:\/\/api.w.org\/{rel}","templated":true}]}}