{"id":1789,"date":"2014-05-28T15:01:39","date_gmt":"2014-05-28T15:01:39","guid":{"rendered":""},"modified":"-0001-11-30T00:00:00","modified_gmt":"-0001-11-30T03:00:00","slug":"interesse-da-carreira-sinprofaz-participa-de-audiencia-na-oab-pe","status":"publish","type":"post","link":"https:\/\/sinprofaz.org.br\/2024\/noticias\/interesse-da-carreira-sinprofaz-participa-de-audiencia-na-oab-pe\/","title":{"rendered":"Interesse da Carreira: SINPROFAZ participa de audi\u00eancia na OAB\/PE"},"content":{"rendered":"<p><img loading=\"lazy\" decoding=\"async\" style=\"margin-right: 10px; float: left;\" alt=\"foto01\" src=\"images\/noticias\/sinprofaz-audiencia-oab-pe-05-2014\/foto01.jpg\" height=\"150\" width=\"200\" \/>Na \u00faltima segunda-feira, 26\/05, Advogados P\u00fablicos Federais reuniram-se com o presidente da OAB\/PE. Em pauta, as condi\u00e7\u00f5es de trabalho e a estrutura deficit\u00e1ria das Carreiras.<\/p>\n<p>A reuni\u00e3o foi aberta pelo presidente da OAB\/PE, Pedro Henrique Reynaldo Alves, que tamb\u00e9m \u00e9 Advogado P\u00fablico, Procurador do Estado de Pernambuco, que reafirmou o compromisso do \u00f3rg\u00e3o de classe na defesa dos pleitos da Advocacia P\u00fablica. O SINPROFAZ foi representado na reuni\u00e3o pelo Diretor de Rela\u00e7\u00f5es Intersindicais, Jo\u00e3o Paulo Cordeiro Cavalcanti, pelo Delegado Sindical em Pernambuco Juscelino Ferreira e pelo Subdelegado Paulo Times.<\/p>\n<p>A audi\u00eancia tamb\u00e9m contou com a presen\u00e7a do PFN Tadeu Alencar, pr\u00e9-candidato ao cargo de Deputado Federal pelo Estado de Pernambuco, que demonstrou profundo conhecimento dos problemas enfrentados pela Advocacia P\u00fablica e pode compartilhar sua experi\u00eancia de sucesso na reestrutura\u00e7\u00e3o da Procuradoria-Geral do Estado de Pernambuco, quando exerceu a fun\u00e7\u00e3o de Procurador-Geral do Estado.<\/p>\n<p>Na ocasi\u00e3o, o presidente da seccional, Pedro Alves, se comprometeu a falar novamente com os parlamentares de Pernambuco (como j\u00e1 havia feito sobre as quest\u00f5es dos honor\u00e1rios no CPC), agora ressaltando a urg\u00eancia da PEC 82, do ATS e do adicional por Substitui\u00e7\u00e3o para a Advocacia P\u00fablica.<\/p>\n<p>Os Colegas Advogados P\u00fablicos relataram a situa\u00e7\u00e3o prec\u00e1ria que enfrentam, notadamente a sobrecarga de trabalho desumana e o ass\u00e9dio moral institucionalizado.<\/p>\n<p><img loading=\"lazy\" decoding=\"async\" style=\"margin-left: 10px; margin-bottom: 5px; margin-top: 5px; float: right;\" alt=\"foto02\" src=\"images\/noticias\/sinprofaz-audiencia-oab-pe-05-2014\/foto02.jpg\" height=\"113\" width=\"200\" \/>Entre as delibera\u00e7\u00f5es da reuni\u00e3o, destaque para a determina\u00e7\u00e3o de que seja criada uma comiss\u00e3o na OAB\/PE para estudar a carga m\u00e1xima e a estrutura ideal de trabalho de um advogado p\u00fablico. Ap\u00f3s a coleta dos dados, a seccional atuar\u00e1 em todas as inst\u00e2ncias para sanar as distor\u00e7\u00f5es encontradas.<\/p>\n<p>Ap\u00f3s a reuni\u00e3o, a Comiss\u00e3o dos Advogados P\u00fablicos da OAB\/PE, composta por advogados p\u00fablicos federais, estaduais e municipais, aprovou por unanimidade a proposta para exclus\u00e3o do par\u00e1grafo \u00fanico do artigo 10 do novo c\u00f3digo de \u00e9tica e disciplina da OAB, que dever\u00e1 ser votado ainda no m\u00eas de Junho. O malfadado artigo em seu par\u00e1grafo \u00fanico retira a independ\u00eancia t\u00e9cnica dos advogados p\u00fablicos na atividade consultiva. Dessa forma importante a participa\u00e7\u00e3o dos demais Estados para supress\u00e3o do par\u00e1grafo \u00fanico do art. 10.&#8221;<\/p><\/p>\n","protected":false},"excerpt":{"rendered":"<p>Na \u00faltima segunda-feira, 26\/05, Advogados P\u00fablicos Federais reuniram-se com o presidente da OAB\/PE. Em pauta, as condi\u00e7\u00f5es de trabalho e a estrutura deficit\u00e1ria das Carreiras.<\/p>\n","protected":false},"author":1,"featured_media":0,"comment_status":"closed","ping_status":"open","sticky":false,"template":"","format":"standard","meta":{"footnotes":""},"categories":[8],"tags":[],"featured_image_url":"https:\/\/dummyimage.com\/720x400","character_count":1172,"formatted_date":"28\/05\/2014 - 15:01","contentNovo":"\r\n<p>Na \u00faltima segunda-feira, 26\/05, Advogados P\u00fablicos Federais reuniram-se com o presidente da OAB\/PE. Em pauta, as condi\u00e7\u00f5es de trabalho e a estrutura deficit\u00e1ria das Carreiras.<\/p>\r\n<p>A reuni\u00e3o foi aberta pelo presidente da OAB\/PE, Pedro Henrique Reynaldo Alves, que tamb\u00e9m \u00e9 Advogado P\u00fablico, Procurador do Estado de Pernambuco, que reafirmou o compromisso do \u00f3rg\u00e3o de classe na defesa dos pleitos da Advocacia P\u00fablica. O SINPROFAZ foi representado na reuni\u00e3o pelo Diretor de Rela\u00e7\u00f5es Intersindicais, Jo\u00e3o Paulo Cordeiro Cavalcanti, pelo Delegado Sindical em Pernambuco Juscelino Ferreira e pelo Subdelegado Paulo Times.<\/p>\r\n<p>A audi\u00eancia tamb\u00e9m contou com a presen\u00e7a do PFN Tadeu Alencar, pr\u00e9-candidato ao cargo de Deputado Federal pelo Estado de Pernambuco, que demonstrou profundo conhecimento dos problemas enfrentados pela Advocacia P\u00fablica e pode compartilhar sua experi\u00eancia de sucesso na reestrutura\u00e7\u00e3o da Procuradoria-Geral do Estado de Pernambuco, quando exerceu a fun\u00e7\u00e3o de Procurador-Geral do Estado.<\/p>\r\n<p>Na ocasi\u00e3o, o presidente da seccional, Pedro Alves, se comprometeu a falar novamente com os parlamentares de Pernambuco (como j\u00e1 havia feito sobre as quest\u00f5es dos honor\u00e1rios no CPC), agora ressaltando a urg\u00eancia da PEC 82, do ATS e do adicional por Substitui\u00e7\u00e3o para a Advocacia P\u00fablica.<\/p>\r\n<p>Os Colegas Advogados P\u00fablicos relataram a situa\u00e7\u00e3o prec\u00e1ria que enfrentam, notadamente a sobrecarga de trabalho desumana e o ass\u00e9dio moral institucionalizado.<\/p>\r\n<p>Entre as delibera\u00e7\u00f5es da reuni\u00e3o, destaque para a determina\u00e7\u00e3o de que seja criada uma comiss\u00e3o na OAB\/PE para estudar a carga m\u00e1xima e a estrutura ideal de trabalho de um advogado p\u00fablico. Ap\u00f3s a coleta dos dados, a seccional atuar\u00e1 em todas as inst\u00e2ncias para sanar as distor\u00e7\u00f5es encontradas.<\/p>\r\n<p>Ap\u00f3s a reuni\u00e3o, a Comiss\u00e3o dos Advogados P\u00fablicos da OAB\/PE, composta por advogados p\u00fablicos federais, estaduais e municipais, aprovou por unanimidade a proposta para exclus\u00e3o do par\u00e1grafo \u00fanico do artigo 10 do novo c\u00f3digo de \u00e9tica e disciplina da OAB, que dever\u00e1 ser votado ainda no m\u00eas de Junho. O malfadado artigo em seu par\u00e1grafo \u00fanico retira a independ\u00eancia t\u00e9cnica dos advogados p\u00fablicos na atividade consultiva. Dessa forma importante a participa\u00e7\u00e3o dos demais Estados para supress\u00e3o do par\u00e1grafo \u00fanico do art. 10.\"<\/p>\r\n<p><\/p>","_links":{"self":[{"href":"https:\/\/sinprofaz.org.br\/2024\/wp-json\/wp\/v2\/posts\/1789"}],"collection":[{"href":"https:\/\/sinprofaz.org.br\/2024\/wp-json\/wp\/v2\/posts"}],"about":[{"href":"https:\/\/sinprofaz.org.br\/2024\/wp-json\/wp\/v2\/types\/post"}],"author":[{"embeddable":true,"href":"https:\/\/sinprofaz.org.br\/2024\/wp-json\/wp\/v2\/users\/1"}],"replies":[{"embeddable":true,"href":"https:\/\/sinprofaz.org.br\/2024\/wp-json\/wp\/v2\/comments?post=1789"}],"version-history":[{"count":0,"href":"https:\/\/sinprofaz.org.br\/2024\/wp-json\/wp\/v2\/posts\/1789\/revisions"}],"wp:attachment":[{"href":"https:\/\/sinprofaz.org.br\/2024\/wp-json\/wp\/v2\/media?parent=1789"}],"wp:term":[{"taxonomy":"category","embeddable":true,"href":"https:\/\/sinprofaz.org.br\/2024\/wp-json\/wp\/v2\/categories?post=1789"},{"taxonomy":"post_tag","embeddable":true,"href":"https:\/\/sinprofaz.org.br\/2024\/wp-json\/wp\/v2\/tags?post=1789"}],"curies":[{"name":"wp","href":"https:\/\/api.w.org\/{rel}","templated":true}]}}