{"id":17862,"date":"2024-03-21T10:11:46","date_gmt":"2024-03-21T13:11:46","guid":{"rendered":"http:\/\/www.sinprofaz.org.br\/?p=17862"},"modified":"2024-03-22T10:19:53","modified_gmt":"2024-03-22T13:19:53","slug":"no-senado-sinprofaz-debate-modernizacao-do-processo-administrativo-e-tributario","status":"publish","type":"post","link":"https:\/\/sinprofaz.org.br\/2024\/noticias\/no-senado-sinprofaz-debate-modernizacao-do-processo-administrativo-e-tributario\/","title":{"rendered":"NO SENADO, SINPROFAZ DEBATE MODERNIZA\u00c7\u00c3O DO PROCESSO ADMINISTRATIVO E TRIBUT\u00c1RIO"},"content":{"rendered":"<p>A presidente Iolanda Guindani representou o SINPROFAZ em audi\u00eancia p\u00fablica realizada na quarta-feira (20), no Senado Federal. A reuni\u00e3o foi promovida no \u00e2mbito da Comiss\u00e3o Tempor\u00e1ria Interna, presidida pelo senador Izalci Lucas (PSDB\/DF), voltada \u00e0 Consolida\u00e7\u00e3o dos Anteprojetos de Unifica\u00e7\u00e3o e Moderniza\u00e7\u00e3o do Processo Administrativo e Tribut\u00e1rio Nacional (CTIADMTR). Al\u00e9m de contar com a presen\u00e7a do presidente da Comiss\u00e3o, a audi\u00eancia teve a participa\u00e7\u00e3o do senador Efraim Filho (UNI\u00c3O\/PB).<\/p>\n<p>Ao longo da exposi\u00e7\u00e3o, Iolanda Guindani ressaltou que a discuss\u00e3o sobre o processo administrativo e tribut\u00e1rio est\u00e1 diretamente relacionada ao combate \u00e0 litig\u00e2ncia excessiva no \u00e2mbito administrativo e judicial &#8211; litig\u00e2ncia capaz de provocar decis\u00f5es conflitantes e gerar inefici\u00eancia administrativa. &#8220;Assim, cabe aos \u00f3rg\u00e3os p\u00fablicos e aos contribuintes priorizar o uso de m\u00e9todos autocompositivos criados para a resolu\u00e7\u00e3o de controv\u00e9rsias. A transa\u00e7\u00e3o tribut\u00e1ria \u00e9 um desses importantes m\u00e9todos utilizados pela Procuradoria da Fazenda Nacional&#8221;, destacou a presidente do SINPROFAZ.<\/p>\n<p>De acordo com a dirigente sindical, o instituto da transa\u00e7\u00e3o tribut\u00e1ria representa uma importante pol\u00edtica p\u00fablica que, gra\u00e7as ao excelente trabalho de procuradoras e procuradores da Fazenda, vem conquistando cada vez mais espa\u00e7o e confian\u00e7a: &#8220;Entre o in\u00edcio do programa de transa\u00e7\u00e3o e o primeiro semestre de 2023, j\u00e1 foram regularizados mais de R$ 466,6 bilh\u00f5es. Somente no ano passado, a transa\u00e7\u00e3o foi respons\u00e1vel por 42,4% do valor recuperado da d\u00edvida ativa da Uni\u00e3o &#8211; estando consolidado, portanto, como o mecanismo mais amplo e justo de regulariza\u00e7\u00e3o fiscal j\u00e1 visto&#8221;.<\/p>\n<p>Para encerrar a participa\u00e7\u00e3o na audi\u00eancia p\u00fablica sobre a moderniza\u00e7\u00e3o da legisla\u00e7\u00e3o processual, Iolanda Guindani agradeceu o espa\u00e7o concedido e se comprometeu a fornecer ao Senado os n\u00fameros do Soneg\u00f4metro, que est\u00e1 em processo de atualiza\u00e7\u00e3o. &#8220;O papel do SINPROFAZ ser\u00e1 sempre o de contribuir com iniciativas como esta, que refor\u00e7am a disposi\u00e7\u00e3o do Senado Federal de construir uma legisla\u00e7\u00e3o moderna, alinhada ao interesse p\u00fablico e capaz de fortalecer a Advocacia P\u00fablica como Institui\u00e7\u00e3o cujo <em>mister<\/em> est\u00e1 na prote\u00e7\u00e3o do Estado e dos direitos do contribuinte.&#8221;<\/p>\n<p><!-- notionvc: 450891b6-5f06-49a0-a3f1-6a877b905735 --><\/p>\n\n\t\t<style type=\"text\/css\">\n\t\t\t#gallery-1 {\n\t\t\t\tmargin: auto;\n\t\t\t}\n\t\t\t#gallery-1 .gallery-item {\n\t\t\t\tfloat: left;\n\t\t\t\tmargin-top: 10px;\n\t\t\t\ttext-align: center;\n\t\t\t\twidth: 33%;\n\t\t\t}\n\t\t\t#gallery-1 img {\n\t\t\t\tborder: 2px solid #cfcfcf;\n\t\t\t}\n\t\t\t#gallery-1 .gallery-caption {\n\t\t\t\tmargin-left: 0;\n\t\t\t}\n\t\t\t\/* see gallery_shortcode() in wp-includes\/media.php *\/\n\t\t<\/style>\n\t\t<div id='gallery-1' class='gallery galleryid-17862 gallery-columns-3 gallery-size-thumbnail'><dl class='gallery-item'>\n\t\t\t<dt class='gallery-icon landscape'>\n\t\t\t\t<a href='https:\/\/sinprofaz.org.br\/2024\/wp-content\/uploads\/2024\/03\/2-7.png'><img loading=\"lazy\" decoding=\"async\" width=\"150\" height=\"150\" src=\"https:\/\/sinprofaz.org.br\/2024\/wp-content\/uploads\/2024\/03\/2-7-150x150.png\" class=\"attachment-thumbnail size-thumbnail\" alt=\"\" aria-describedby=\"gallery-1-17859\" \/><\/a>\n\t\t\t<\/dt>\n\t\t\t\t<dd class='wp-caption-text gallery-caption' id='gallery-1-17859'>\n\t\t\t\tIolanda Guindani discursa em audi\u00eancia p\u00fablica\n\t\t\t\t<\/dd><\/dl><dl class='gallery-item'>\n\t\t\t<dt class='gallery-icon landscape'>\n\t\t\t\t<a href='https:\/\/sinprofaz.org.br\/2024\/wp-content\/uploads\/2024\/03\/3-6.png'><img loading=\"lazy\" decoding=\"async\" width=\"150\" height=\"150\" src=\"https:\/\/sinprofaz.org.br\/2024\/wp-content\/uploads\/2024\/03\/3-6-150x150.png\" class=\"attachment-thumbnail size-thumbnail\" alt=\"\" aria-describedby=\"gallery-1-17860\" \/><\/a>\n\t\t\t<\/dt>\n\t\t\t\t<dd class='wp-caption-text gallery-caption' id='gallery-1-17860'>\n\t\t\t\tSenador Izalci Lucas e Iolanda Guindani\n\t\t\t\t<\/dd><\/dl><dl class='gallery-item'>\n\t\t\t<dt class='gallery-icon landscape'>\n\t\t\t\t<a href='https:\/\/sinprofaz.org.br\/2024\/wp-content\/uploads\/2024\/03\/4-5.png'><img loading=\"lazy\" decoding=\"async\" width=\"150\" height=\"150\" src=\"https:\/\/sinprofaz.org.br\/2024\/wp-content\/uploads\/2024\/03\/4-5-150x150.png\" class=\"attachment-thumbnail size-thumbnail\" alt=\"\" aria-describedby=\"gallery-1-17861\" \/><\/a>\n\t\t\t<\/dt>\n\t\t\t\t<dd class='wp-caption-text gallery-caption' id='gallery-1-17861'>\n\t\t\t\tPresen\u00e7a do senador Efraim Filho\n\t\t\t\t<\/dd><\/dl><br style=\"clear: both\" \/>\n\t\t<\/div>\n\n","protected":false},"excerpt":{"rendered":"<p>Iolanda Guindani participou de audi\u00eancia p\u00fablica do Senado Federal. A reuni\u00e3o foi promovida pela Comiss\u00e3o Tempor\u00e1ria, presidida pelo senador Izalci Lucas, voltada \u00e0 Consolida\u00e7\u00e3o dos Anteprojetos de Unifica\u00e7\u00e3o e Moderniza\u00e7\u00e3o do Processo Administrativo e Tribut\u00e1rio.<\/p>\n","protected":false},"author":2,"featured_media":17858,"comment_status":"open","ping_status":"open","sticky":false,"template":"","format":"standard","meta":{"footnotes":""},"categories":[8],"tags":[32,53,25],"featured_image_url":"https:\/\/sinprofaz.org.br\/2024\/wp-content\/uploads\/2024\/03\/1-12.png","character_count":1450,"formatted_date":"21\/03\/2024 - 10:11","contentNovo":"A presidente Iolanda Guindani representou o SINPROFAZ em audi\u00eancia p\u00fablica realizada na quarta-feira (20), no Senado Federal. A reuni\u00e3o foi promovida no \u00e2mbito da Comiss\u00e3o Tempor\u00e1ria Interna, presidida pelo senador Izalci Lucas (PSDB\/DF), voltada \u00e0 Consolida\u00e7\u00e3o dos Anteprojetos de Unifica\u00e7\u00e3o e Moderniza\u00e7\u00e3o do Processo Administrativo e Tribut\u00e1rio Nacional (CTIADMTR). Al\u00e9m de contar com a presen\u00e7a do presidente da Comiss\u00e3o, a audi\u00eancia teve a participa\u00e7\u00e3o do senador Efraim Filho (UNI\u00c3O\/PB).\r\n\r\nAo longo da exposi\u00e7\u00e3o, Iolanda Guindani ressaltou que a discuss\u00e3o sobre o processo administrativo e tribut\u00e1rio est\u00e1 diretamente relacionada ao combate \u00e0 litig\u00e2ncia excessiva no \u00e2mbito administrativo e judicial - litig\u00e2ncia capaz de provocar decis\u00f5es conflitantes e gerar inefici\u00eancia administrativa. \"Assim, cabe aos \u00f3rg\u00e3os p\u00fablicos e aos contribuintes priorizar o uso de m\u00e9todos autocompositivos criados para a resolu\u00e7\u00e3o de controv\u00e9rsias. A transa\u00e7\u00e3o tribut\u00e1ria \u00e9 um desses importantes m\u00e9todos utilizados pela Procuradoria da Fazenda Nacional\", destacou a presidente do SINPROFAZ.\r\n\r\nDe acordo com a dirigente sindical, o instituto da transa\u00e7\u00e3o tribut\u00e1ria representa uma importante pol\u00edtica p\u00fablica que, gra\u00e7as ao excelente trabalho de procuradoras e procuradores da Fazenda, vem conquistando cada vez mais espa\u00e7o e confian\u00e7a: \"Entre o in\u00edcio do programa de transa\u00e7\u00e3o e o primeiro semestre de 2023, j\u00e1 foram regularizados mais de R$ 466,6 bilh\u00f5es. Somente no ano passado, a transa\u00e7\u00e3o foi respons\u00e1vel por 42,4% do valor recuperado da d\u00edvida ativa da Uni\u00e3o - estando consolidado, portanto, como o mecanismo mais amplo e justo de regulariza\u00e7\u00e3o fiscal j\u00e1 visto\".\r\n\r\nPara encerrar a participa\u00e7\u00e3o na audi\u00eancia p\u00fablica sobre a moderniza\u00e7\u00e3o da legisla\u00e7\u00e3o processual, Iolanda Guindani agradeceu o espa\u00e7o concedido e se comprometeu a fornecer ao Senado os n\u00fameros do Soneg\u00f4metro, que est\u00e1 em processo de atualiza\u00e7\u00e3o. \"O papel do SINPROFAZ ser\u00e1 sempre o de contribuir com iniciativas como esta, que refor\u00e7am a disposi\u00e7\u00e3o do Senado Federal de construir uma legisla\u00e7\u00e3o moderna, alinhada ao interesse p\u00fablico e capaz de fortalecer a Advocacia P\u00fablica como Institui\u00e7\u00e3o cujo <em>mister<\/em> est\u00e1 na prote\u00e7\u00e3o do Estado e dos direitos do contribuinte.\"\r\n\r\n\r\n\r\n[gallery link=\"file\" ids=\"17859,17860,17861\"]","_links":{"self":[{"href":"https:\/\/sinprofaz.org.br\/2024\/wp-json\/wp\/v2\/posts\/17862"}],"collection":[{"href":"https:\/\/sinprofaz.org.br\/2024\/wp-json\/wp\/v2\/posts"}],"about":[{"href":"https:\/\/sinprofaz.org.br\/2024\/wp-json\/wp\/v2\/types\/post"}],"author":[{"embeddable":true,"href":"https:\/\/sinprofaz.org.br\/2024\/wp-json\/wp\/v2\/users\/2"}],"replies":[{"embeddable":true,"href":"https:\/\/sinprofaz.org.br\/2024\/wp-json\/wp\/v2\/comments?post=17862"}],"version-history":[{"count":2,"href":"https:\/\/sinprofaz.org.br\/2024\/wp-json\/wp\/v2\/posts\/17862\/revisions"}],"predecessor-version":[{"id":17904,"href":"https:\/\/sinprofaz.org.br\/2024\/wp-json\/wp\/v2\/posts\/17862\/revisions\/17904"}],"wp:featuredmedia":[{"embeddable":true,"href":"https:\/\/sinprofaz.org.br\/2024\/wp-json\/wp\/v2\/media\/17858"}],"wp:attachment":[{"href":"https:\/\/sinprofaz.org.br\/2024\/wp-json\/wp\/v2\/media?parent=17862"}],"wp:term":[{"taxonomy":"category","embeddable":true,"href":"https:\/\/sinprofaz.org.br\/2024\/wp-json\/wp\/v2\/categories?post=17862"},{"taxonomy":"post_tag","embeddable":true,"href":"https:\/\/sinprofaz.org.br\/2024\/wp-json\/wp\/v2\/tags?post=17862"}],"curies":[{"name":"wp","href":"https:\/\/api.w.org\/{rel}","templated":true}]}}