{"id":1786,"date":"2014-05-27T17:11:43","date_gmt":"2014-05-27T17:11:43","guid":{"rendered":""},"modified":"-0001-11-30T00:00:00","modified_gmt":"-0001-11-30T03:00:00","slug":"sinprofaz-na-bahia","status":"publish","type":"post","link":"https:\/\/sinprofaz.org.br\/2024\/noticias\/sinprofaz-na-bahia\/","title":{"rendered":"SINPROFAZ na Bahia"},"content":{"rendered":"<p><img loading=\"lazy\" decoding=\"async\" style=\"margin-right: 10px; float: left;\" alt=\"\" src=\"images\/noticias\/sinprofaz-bahia\/foto01.jpg\" height=\"150\" width=\"200\" \/>A reuni\u00e3o contou com a expressiva presen\u00e7a de 20 Procuradores da Fazenda Nacional. Tr\u00eas Diretores representaram o Sindicato no encontro com Colegas da Bahia.<\/p>\n<p>A Diretoria abriu a palavra aos Colegas presentes com o intuito de inteirar-se dos problemas que afligem a unidade. Representaram o SINPROFAZ: o Diretor Administrativo, Achilles Linhares de Campos Frias; o Diretor de Rela\u00e7\u00f5es Intersindicais, Jo\u00e3o Paulo Cordeiro Cavalcanti; e a Diretora Jur\u00eddica, Maria Regina Dantas de Alc\u00e2ntara.<\/p>\n<p>Os Colegas PFNs ressaltaram que v\u00e1rios Procuradores est\u00e3o contraindo Les\u00f5es por Esfor\u00e7o Repetitivo (LER) em raz\u00e3o da sobrecarga de trabalho e tendo em conta o acesso a in\u00fameros sistemas de consultas. &nbsp;Asseveraram que a Administra\u00e7\u00e3o n\u00e3o tem prestado qualquer apoio aos PFNs, em virtude do comprometimento da sa\u00fade dos mesmos.<\/p>\n<p>A situa\u00e7\u00e3o \u00e9 agravada pela grande car\u00eancia de Procuradores na PFN\/BA. Cumpre ressaltar que a Administra\u00e7\u00e3o comete in\u00fameras falhas no caso: lota\u00e7\u00e3o insuficiente de Procuradores, falta de apoio aos que t\u00eam a sua sa\u00fade comprometida e sujei\u00e7\u00e3o dos PFNs a atividade de consulta em detrimento do exerc\u00edcio de sua atividade fim, qual seja, o exerc\u00edcio da advocacia. O desvio de fun\u00e7\u00e3o, al\u00e9m de trazer graves preju\u00edzos \u00e0 sa\u00fade, implica em evidente preju\u00edzo ao Er\u00e1rio, na medida em que imp\u00f5e a Membros da AGU (advogados preparados e altamente especializados) a exaustiva e n\u00e3o intelectual atividade de consultar sistemas que poderiam ser acessados por servidores sem maiores qualifica\u00e7\u00f5es.<\/p>\n<p><img loading=\"lazy\" decoding=\"async\" style=\"margin-left: 5px; margin-bottom: 5px; margin-top: 5px; float: right;\" alt=\"\" src=\"images\/noticias\/sinprofaz-bahia\/foto02.jpg\" height=\"150\" width=\"200\" \/><img loading=\"lazy\" decoding=\"async\" style=\"margin-bottom: 5px; margin-top: 5px; margin-left: 10px; float: right;\" alt=\"\" src=\"images\/noticias\/sinprofaz-bahia\/foto03.jpg\" height=\"150\" width=\"200\" \/>Observaram ainda que, n\u00e3o bastasse o volume desumano de trabalho, h\u00e1 casos de pedidos de pareceres referentes a outras pessoas jur\u00eddicas que n\u00e3o a Uni\u00e3o. Relataram o caso recente de envio de Processo Administrativo oriundo da Universidade Federal da Bahia (UFBA) para parecer de PFNs em Salvador. A mentalidade de assun\u00e7\u00e3o, por parte da PGFN, de atribui\u00e7\u00f5es de outros \u00f3rg\u00e3os ou pessoas jur\u00eddicas contribui apenas por tornar ainda mais insuport\u00e1vel a j\u00e1 elevada carga de trabalho dos Procuradores da Fazenda Nacional.<\/p>\n<p>Ap\u00f3s a exposi\u00e7\u00e3o de tais dificuldades, os Diretores do SINPROFAZ relataram o real cen\u00e1rio pol\u00edtico de Bras\u00edlia, as implica\u00e7\u00f5es das elei\u00e7\u00f5es na pauta de atua\u00e7\u00e3o sindical e as principais estrat\u00e9gias a serem adotadas no momento.<\/p>\n<p>Foi externado ainda um panorama dos principais Projetos de Lei e PECs em tramita\u00e7\u00e3o, de interesse da Advocacia P\u00fablica, seu atual est\u00e1gio e perspectivas e impress\u00f5es sobre a possibilidade de sucesso de cada um.<\/p>\n<p>Foi ressaltada ainda a necessidade de engajamento da base nas lutas e mobiliza\u00e7\u00f5es bem como a busca pela integra\u00e7\u00e3o da Seccional da OAB nas causas da Advocacia P\u00fablica, conclamando a Carreira a ocupar os espa\u00e7os no \u00d3rg\u00e3o de Classe, inicialmente na Comiss\u00e3o da Advocacia P\u00fablica local.<\/p>\n<p>Em seguida a essa primeira parte da reuni\u00e3o, foi realizada a vota\u00e7\u00e3o para escolha do novo Delegado Sindical da Bahia, sendo eleito por aclama\u00e7\u00e3o o Colega Roberto Levy, tendo como sua Subdelegada a Colega Paula Morais. Na ocasi\u00e3o, estava presente a Colega Moema Quadros d\u2019Almeida, da Seccional de Feira de Santana, que se voluntariou para ser Subdelegada pela Seccional.<\/p>\n<p>T\u00e3o logo foram escolhidos Delegado e Subdelegadas, foi relatada pela Diretoria a atual situa\u00e7\u00e3o das a\u00e7\u00f5es judiciais patrocinadas pelo Sindicato.<\/p>\n<p>Aberta a palavra para os presentes, foram feitas considera\u00e7\u00f5es e dadas sugest\u00f5es sobre a atua\u00e7\u00e3o sindical, bem como esclarecidas as principais quest\u00f5es referentes \u00e0s a\u00e7\u00f5es judiciais de interesse dos presentes.<\/p>\n<p><img loading=\"lazy\" decoding=\"async\" style=\"margin-left: 10px; margin-bottom: 5px; margin-top: 5px; float: right;\" alt=\"\" src=\"images\/noticias\/sinprofaz-bahia\/foto04.jpg\" height=\"150\" width=\"200\" \/>Por fim, cumpre registrar o clima de grande satisfa\u00e7\u00e3o dos Colegas da PFN\/BA em receberem uma visita do Sindicato, oportunidade em que se sentiram novamente inseridos nas quest\u00f5es de interesse da Carreira e ouvidos em seus anseios.<\/p>\n<p>Assim, resta-nos apenas agradecer a calorosa e respeitosa acolhida que nos foi dada por todos que comp\u00f5em o valoroso quadro da PFN\/BA<\/p>\n","protected":false},"excerpt":{"rendered":"<p>A reuni\u00e3o contou com a expressiva presen\u00e7a de 20 Procuradores da Fazenda Nacional. Tr\u00eas Diretores representaram o Sindicato no encontro com Colegas da Bahia.<\/p>\n","protected":false},"author":1,"featured_media":0,"comment_status":"closed","ping_status":"open","sticky":false,"template":"","format":"standard","meta":{"footnotes":""},"categories":[8],"tags":[],"featured_image_url":"https:\/\/dummyimage.com\/720x400","character_count":1972,"formatted_date":"27\/05\/2014 - 17:11","contentNovo":"\r\n<p>A reuni\u00e3o contou com a expressiva presen\u00e7a de 20 Procuradores da Fazenda Nacional. Tr\u00eas Diretores representaram o Sindicato no encontro com Colegas da Bahia.<\/p>\r\n<p>A Diretoria abriu a palavra aos Colegas presentes com o intuito de inteirar-se dos problemas que afligem a unidade. Representaram o SINPROFAZ: o Diretor Administrativo, Achilles Linhares de Campos Frias; o Diretor de Rela\u00e7\u00f5es Intersindicais, Jo\u00e3o Paulo Cordeiro Cavalcanti; e a Diretora Jur\u00eddica, Maria Regina Dantas de Alc\u00e2ntara.<\/p>\r\n<p>Os Colegas PFNs ressaltaram que v\u00e1rios Procuradores est\u00e3o contraindo Les\u00f5es por Esfor\u00e7o Repetitivo (LER) em raz\u00e3o da sobrecarga de trabalho e tendo em conta o acesso a in\u00fameros sistemas de consultas. &nbsp;Asseveraram que a Administra\u00e7\u00e3o n\u00e3o tem prestado qualquer apoio aos PFNs, em virtude do comprometimento da sa\u00fade dos mesmos.<\/p>\r\n<p>A situa\u00e7\u00e3o \u00e9 agravada pela grande car\u00eancia de Procuradores na PFN\/BA. Cumpre ressaltar que a Administra\u00e7\u00e3o comete in\u00fameras falhas no caso: lota\u00e7\u00e3o insuficiente de Procuradores, falta de apoio aos que t\u00eam a sua sa\u00fade comprometida e sujei\u00e7\u00e3o dos PFNs a atividade de consulta em detrimento do exerc\u00edcio de sua atividade fim, qual seja, o exerc\u00edcio da advocacia. O desvio de fun\u00e7\u00e3o, al\u00e9m de trazer graves preju\u00edzos \u00e0 sa\u00fade, implica em evidente preju\u00edzo ao Er\u00e1rio, na medida em que imp\u00f5e a Membros da AGU (advogados preparados e altamente especializados) a exaustiva e n\u00e3o intelectual atividade de consultar sistemas que poderiam ser acessados por servidores sem maiores qualifica\u00e7\u00f5es.<\/p>\r\n<p>Observaram ainda que, n\u00e3o bastasse o volume desumano de trabalho, h\u00e1 casos de pedidos de pareceres referentes a outras pessoas jur\u00eddicas que n\u00e3o a Uni\u00e3o. Relataram o caso recente de envio de Processo Administrativo oriundo da Universidade Federal da Bahia (UFBA) para parecer de PFNs em Salvador. A mentalidade de assun\u00e7\u00e3o, por parte da PGFN, de atribui\u00e7\u00f5es de outros \u00f3rg\u00e3os ou pessoas jur\u00eddicas contribui apenas por tornar ainda mais insuport\u00e1vel a j\u00e1 elevada carga de trabalho dos Procuradores da Fazenda Nacional.<\/p>\r\n<p>Ap\u00f3s a exposi\u00e7\u00e3o de tais dificuldades, os Diretores do SINPROFAZ relataram o real cen\u00e1rio pol\u00edtico de Bras\u00edlia, as implica\u00e7\u00f5es das elei\u00e7\u00f5es na pauta de atua\u00e7\u00e3o sindical e as principais estrat\u00e9gias a serem adotadas no momento.<\/p>\r\n<p>Foi externado ainda um panorama dos principais Projetos de Lei e PECs em tramita\u00e7\u00e3o, de interesse da Advocacia P\u00fablica, seu atual est\u00e1gio e perspectivas e impress\u00f5es sobre a possibilidade de sucesso de cada um.<\/p>\r\n<p>Foi ressaltada ainda a necessidade de engajamento da base nas lutas e mobiliza\u00e7\u00f5es bem como a busca pela integra\u00e7\u00e3o da Seccional da OAB nas causas da Advocacia P\u00fablica, conclamando a Carreira a ocupar os espa\u00e7os no \u00d3rg\u00e3o de Classe, inicialmente na Comiss\u00e3o da Advocacia P\u00fablica local.<\/p>\r\n<p>Em seguida a essa primeira parte da reuni\u00e3o, foi realizada a vota\u00e7\u00e3o para escolha do novo Delegado Sindical da Bahia, sendo eleito por aclama\u00e7\u00e3o o Colega Roberto Levy, tendo como sua Subdelegada a Colega Paula Morais. Na ocasi\u00e3o, estava presente a Colega Moema Quadros d\u2019Almeida, da Seccional de Feira de Santana, que se voluntariou para ser Subdelegada pela Seccional.<\/p>\r\n<p>T\u00e3o logo foram escolhidos Delegado e Subdelegadas, foi relatada pela Diretoria a atual situa\u00e7\u00e3o das a\u00e7\u00f5es judiciais patrocinadas pelo Sindicato.<\/p>\r\n<p>Aberta a palavra para os presentes, foram feitas considera\u00e7\u00f5es e dadas sugest\u00f5es sobre a atua\u00e7\u00e3o sindical, bem como esclarecidas as principais quest\u00f5es referentes \u00e0s a\u00e7\u00f5es judiciais de interesse dos presentes.<\/p>\r\n<p>Por fim, cumpre registrar o clima de grande satisfa\u00e7\u00e3o dos Colegas da PFN\/BA em receberem uma visita do Sindicato, oportunidade em que se sentiram novamente inseridos nas quest\u00f5es de interesse da Carreira e ouvidos em seus anseios.<\/p>\r\n<p>Assim, resta-nos apenas agradecer a calorosa e respeitosa acolhida que nos foi dada por todos que comp\u00f5em o valoroso quadro da PFN\/BA<\/p>","_links":{"self":[{"href":"https:\/\/sinprofaz.org.br\/2024\/wp-json\/wp\/v2\/posts\/1786"}],"collection":[{"href":"https:\/\/sinprofaz.org.br\/2024\/wp-json\/wp\/v2\/posts"}],"about":[{"href":"https:\/\/sinprofaz.org.br\/2024\/wp-json\/wp\/v2\/types\/post"}],"author":[{"embeddable":true,"href":"https:\/\/sinprofaz.org.br\/2024\/wp-json\/wp\/v2\/users\/1"}],"replies":[{"embeddable":true,"href":"https:\/\/sinprofaz.org.br\/2024\/wp-json\/wp\/v2\/comments?post=1786"}],"version-history":[{"count":0,"href":"https:\/\/sinprofaz.org.br\/2024\/wp-json\/wp\/v2\/posts\/1786\/revisions"}],"wp:attachment":[{"href":"https:\/\/sinprofaz.org.br\/2024\/wp-json\/wp\/v2\/media?parent=1786"}],"wp:term":[{"taxonomy":"category","embeddable":true,"href":"https:\/\/sinprofaz.org.br\/2024\/wp-json\/wp\/v2\/categories?post=1786"},{"taxonomy":"post_tag","embeddable":true,"href":"https:\/\/sinprofaz.org.br\/2024\/wp-json\/wp\/v2\/tags?post=1786"}],"curies":[{"name":"wp","href":"https:\/\/api.w.org\/{rel}","templated":true}]}}