{"id":1785,"date":"2014-05-26T19:57:18","date_gmt":"2014-05-26T19:57:18","guid":{"rendered":""},"modified":"-0001-11-30T00:00:00","modified_gmt":"-0001-11-30T03:00:00","slug":"pfns-vao-eleger-novos-representantes-da-carreira-para-o-csagu","status":"publish","type":"post","link":"https:\/\/sinprofaz.org.br\/2024\/noticias\/pfns-vao-eleger-novos-representantes-da-carreira-para-o-csagu\/","title":{"rendered":"PFNs v\u00e3o eleger novos representantes da Carreira para o CSAGU"},"content":{"rendered":"<p>A vota\u00e7\u00e3o \u00e9 eletr\u00f4nica e o Procurador da Fazenda precisa estar cadastrado na Rede AGU ou atualizar o cadastro j\u00e1 existente (para aqueles que n\u00e3o lembram da senha) at\u00e9 o dia 06 de junho de 2014. Para quem j\u00e1 \u00e9 cadastrado e lembra da senha s\u00f3 precisar\u00e1 entrar no site no dia da elei\u00e7\u00e3o (10 de junho de 2014).<\/p>\n<p>Para aqueles que n\u00e3o possuem senha\/cadastro, o procedimento \u00e9 o seguinte: clicar no link \u201cAinda n\u00e3o tenho senha\u201d, encaminhando-se para uma p\u00e1gina destinada a cadastrar a senha, onde dever\u00e1 confirmar seu CPF, documento de identidade, data de nascimento, Siape e e-mail. Ao final do processo, \u00e9 necess\u00e1rio concretizar o seu cadastro.<\/p>\n<p>J\u00e1 aqueles que esqueceram a senha devem clicar no link \u201cEsqueci a minha senha\u201d, encaminhando-se para uma p\u00e1gina destinada a recuper\u00e1-la, atrav\u00e9s da informa\u00e7\u00e3o do CPF.<\/p>\n<p>Conhe\u00e7a as tr\u00eas chapas de Colegas PFNs:<\/p>\n<p><strong>Chapa 1<\/strong><\/p>\n<p>Allan Titonelli Nunes<br \/> <strong>Titular: Lota\u00e7\u00e3o\/Exerc:<\/strong> PSFN 2\u00aa Regi\u00e3o \u2013 Itabora\u00ed\/RJ<\/p>\n<p>Elmo Jos\u00e9 Duarte de Almeida Junior<br \/> <strong>Suplente: Lota\u00e7\u00e3o\/Exerc:<\/strong> PFN\/GO \u2013 1\u00aa Regi\u00e3o<\/p>\n<p><strong>Chapa 2<\/strong><\/p>\n<p>Natacha Albuquerque de Olivera<br \/> <strong>Titular: Lota\u00e7\u00e3o\/Exerc:<\/strong> PGFN \u2013 Bras\u00edlia\/DF<\/p>\n<p>Andr\u00e9a Geraldes Cabral Walter<br \/> <strong>Suplente: Lota\u00e7\u00e3o\/Exerc:<\/strong> PGFN \u2013 Bras\u00edlia\/DF<\/p>\n<p><strong>Chapa 3<\/strong><\/p>\n<p>Omar In\u00eas Sobrinho<br \/> <strong>Titular: Lota\u00e7\u00e3o\/Exerc:<\/strong> PRFN 3\u00aa Regi\u00e3o \u2013 S\u00e3o Paulo\/SP<\/p>\n<p>Paulo Renato Gonzalez Nardelli<br \/> <strong>Suplente: Lota\u00e7\u00e3o\/Exerc:<\/strong> PGFN &#8211; Bras\u00edlia\/DF<\/p>\n<p>Quem ainda n\u00e3o possui a senha de acesso poder\u00e1 <a href=\"https:\/\/redeagu.agu.gov.br\/CadastroSenha.aspx\" target=\"_blank\">clicar aqui.<\/a> Caso tenha esquecido, <a href=\"https:\/\/redeagu.agu.gov.br\/Acesso.aspx\" target=\"_blank\">clique aqui<\/a>.<\/p>\n","protected":false},"excerpt":{"rendered":"<p>A elei\u00e7\u00e3o ocorrer\u00e1 no pr\u00f3ximo dia 10 de junho. H\u00e1 tr\u00eas chapas concorrendo para representar a Carreira de Procurador da Fazenda Nacional no Conselho Superior da AGU.<\/p>\n","protected":false},"author":1,"featured_media":0,"comment_status":"closed","ping_status":"open","sticky":false,"template":"","format":"standard","meta":{"footnotes":""},"categories":[8],"tags":[],"featured_image_url":"https:\/\/dummyimage.com\/720x400","character_count":748,"formatted_date":"26\/05\/2014 - 19:57","contentNovo":"\r\n<p>A vota\u00e7\u00e3o \u00e9 eletr\u00f4nica e o Procurador da Fazenda precisa estar cadastrado na Rede AGU ou atualizar o cadastro j\u00e1 existente (para aqueles que n\u00e3o lembram da senha) at\u00e9 o dia 06 de junho de 2014. Para quem j\u00e1 \u00e9 cadastrado e lembra da senha s\u00f3 precisar\u00e1 entrar no site no dia da elei\u00e7\u00e3o (10 de junho de 2014).<\/p>\r\n<p>Para aqueles que n\u00e3o possuem senha\/cadastro, o procedimento \u00e9 o seguinte: clicar no link \u201cAinda n\u00e3o tenho senha\u201d, encaminhando-se para uma p\u00e1gina destinada a cadastrar a senha, onde dever\u00e1 confirmar seu CPF, documento de identidade, data de nascimento, Siape e e-mail. Ao final do processo, \u00e9 necess\u00e1rio concretizar o seu cadastro.<\/p>\r\n<p>J\u00e1 aqueles que esqueceram a senha devem clicar no link \u201cEsqueci a minha senha\u201d, encaminhando-se para uma p\u00e1gina destinada a recuper\u00e1-la, atrav\u00e9s da informa\u00e7\u00e3o do CPF.<\/p>\r\n<p>Conhe\u00e7a as tr\u00eas chapas de Colegas PFNs:<\/p>\r\n<p><strong>Chapa 1<\/strong><\/p>\r\n<p>Allan Titonelli Nunes <strong>Titular: Lota\u00e7\u00e3o\/Exerc:<\/strong> PSFN 2\u00aa Regi\u00e3o \u2013 Itabora\u00ed\/RJ<\/p>\r\n<p>Elmo Jos\u00e9 Duarte de Almeida Junior <strong>Suplente: Lota\u00e7\u00e3o\/Exerc:<\/strong> PFN\/GO \u2013 1\u00aa Regi\u00e3o<\/p>\r\n<p><strong>Chapa 2<\/strong><\/p>\r\n<p>Natacha Albuquerque de Olivera <strong>Titular: Lota\u00e7\u00e3o\/Exerc:<\/strong> PGFN \u2013 Bras\u00edlia\/DF<\/p>\r\n<p>Andr\u00e9a Geraldes Cabral Walter <strong>Suplente: Lota\u00e7\u00e3o\/Exerc:<\/strong> PGFN \u2013 Bras\u00edlia\/DF<\/p>\r\n<p><strong>Chapa 3<\/strong><\/p>\r\n<p>Omar In\u00eas Sobrinho <strong>Titular: Lota\u00e7\u00e3o\/Exerc:<\/strong> PRFN 3\u00aa Regi\u00e3o \u2013 S\u00e3o Paulo\/SP<\/p>\r\n<p>Paulo Renato Gonzalez Nardelli <strong>Suplente: Lota\u00e7\u00e3o\/Exerc:<\/strong> PGFN - Bras\u00edlia\/DF<\/p>\r\n<p>Quem ainda n\u00e3o possui a senha de acesso poder\u00e1 <a href=\"https:\/\/redeagu.agu.gov.br\/CadastroSenha.aspx\" target=\"_blank\">clicar aqui.<\/a> Caso tenha esquecido, <a href=\"https:\/\/redeagu.agu.gov.br\/Acesso.aspx\" target=\"_blank\">clique aqui<\/a>.<\/p>","_links":{"self":[{"href":"https:\/\/sinprofaz.org.br\/2024\/wp-json\/wp\/v2\/posts\/1785"}],"collection":[{"href":"https:\/\/sinprofaz.org.br\/2024\/wp-json\/wp\/v2\/posts"}],"about":[{"href":"https:\/\/sinprofaz.org.br\/2024\/wp-json\/wp\/v2\/types\/post"}],"author":[{"embeddable":true,"href":"https:\/\/sinprofaz.org.br\/2024\/wp-json\/wp\/v2\/users\/1"}],"replies":[{"embeddable":true,"href":"https:\/\/sinprofaz.org.br\/2024\/wp-json\/wp\/v2\/comments?post=1785"}],"version-history":[{"count":0,"href":"https:\/\/sinprofaz.org.br\/2024\/wp-json\/wp\/v2\/posts\/1785\/revisions"}],"wp:attachment":[{"href":"https:\/\/sinprofaz.org.br\/2024\/wp-json\/wp\/v2\/media?parent=1785"}],"wp:term":[{"taxonomy":"category","embeddable":true,"href":"https:\/\/sinprofaz.org.br\/2024\/wp-json\/wp\/v2\/categories?post=1785"},{"taxonomy":"post_tag","embeddable":true,"href":"https:\/\/sinprofaz.org.br\/2024\/wp-json\/wp\/v2\/tags?post=1785"}],"curies":[{"name":"wp","href":"https:\/\/api.w.org\/{rel}","templated":true}]}}