{"id":17840,"date":"2024-03-18T08:57:20","date_gmt":"2024-03-18T11:57:20","guid":{"rendered":"http:\/\/www.sinprofaz.org.br\/?p=17840"},"modified":"2024-03-18T08:57:20","modified_gmt":"2024-03-18T11:57:20","slug":"lancado-o-2o-volume-da-obra-o-poder-feminino-entre-percursos-e-desafios","status":"publish","type":"post","link":"https:\/\/sinprofaz.org.br\/2024\/noticias\/lancado-o-2o-volume-da-obra-o-poder-feminino-entre-percursos-e-desafios\/","title":{"rendered":"LAN\u00c7ADO O 2\u00ba VOLUME DA OBRA &#8220;O PODER FEMININO: ENTRE PERCURSOS E DESAFIOS&#8221;"},"content":{"rendered":"<p>A presidente Iolanda Guindani compareceu na quarta-feira (13) ao lan\u00e7amento do segundo volume da obra<b><i>\u00a0O Poder Feminino: entre percursos e desafios. As mulheres perante a legisla\u00e7\u00e3o, a aplica\u00e7\u00e3o do direito e as pol\u00edticas p\u00fablicas e tribut\u00e1rias<\/i><\/b>. O evento, realizado na Biblioteca Ministro Victor Nunes Leal, no Supremo Tribunal Federal, foi prestigiado por autoridades como\u00a0Edson Fachin,\u00a0Cristiano Zanin e Nunes Marques, ministros do STF, assim como por Anelize Ruas, procuradora-geral da Fazenda Nacional.<\/p>\n<p>Organizado pelas filiadas Herta Rani e M\u00f4nica Antinarelli, o livro \u00e9 composto por artigos de advogadas p\u00fablicas e privadas.\u00a0A obra apresenta reflex\u00f5es pol\u00edtico-sociais e jur\u00eddicas e, a partir da perspectiva da mulher, incita o debate a respeito das dificuldades do mundo. Assim, ao abordar assuntos como tributa\u00e7\u00e3o, or\u00e7amento, direito de fam\u00edlia e outros temas que caracterizam a sociedade machista e patriarcal, o livro reflete o olhar das autoras sobre a interse\u00e7\u00e3o entre o feminismo e as quest\u00f5es jur\u00eddicas e econ\u00f4micas, bem como sobre os problemas decorrentes da desigualdade social no Brasil.<\/p>\n<p>Entre as autoras da obra, est\u00e3o as procuradoras da Fazenda Nacional Ana Paula Barbeja, Ana Paula Ramalho, Camilla Cabral, Carolina Zancaner, Fernanda Delatorre, Graziela Honorato, Greyce Carvalho, Herta Rani, Jersilene Moura, Juliana Furtado, Keila Melo, Lana Borges, Lorena Narcizo, Louise Barbosa, Maria Dionne Felipe, Maria L\u00facia Oliveira, M\u00f4nica Antinarelli, Natacha Albuquerque, Regina Hirose, Rita Nolasco, Simone Anacleto, Tatiana Irber e Thayana Felix.<\/p>\n<p>Para saber mais sobre a obra e adquirir um exemplar, acesse:\u00a0<a href=\"https:\/\/arraeseditores.com.br\/pre-venda-o-poder-feminino-entre-percursos-e-desafios-823.html\" target=\"_blank\" rel=\"noopener\">https:\/\/arraeseditores.com.br\/pre-venda-o-poder-feminino-entre-percursos-e-desafios-823.html<\/a><\/p>\n\n\t\t<style type=\"text\/css\">\n\t\t\t#gallery-1 {\n\t\t\t\tmargin: auto;\n\t\t\t}\n\t\t\t#gallery-1 .gallery-item {\n\t\t\t\tfloat: left;\n\t\t\t\tmargin-top: 10px;\n\t\t\t\ttext-align: center;\n\t\t\t\twidth: 33%;\n\t\t\t}\n\t\t\t#gallery-1 img {\n\t\t\t\tborder: 2px solid #cfcfcf;\n\t\t\t}\n\t\t\t#gallery-1 .gallery-caption {\n\t\t\t\tmargin-left: 0;\n\t\t\t}\n\t\t\t\/* see gallery_shortcode() in wp-includes\/media.php *\/\n\t\t<\/style>\n\t\t<div id='gallery-1' class='gallery galleryid-17840 gallery-columns-3 gallery-size-thumbnail'><dl class='gallery-item'>\n\t\t\t<dt class='gallery-icon landscape'>\n\t\t\t\t<a href='https:\/\/sinprofaz.org.br\/2024\/wp-content\/uploads\/2024\/03\/2-6.png'><img loading=\"lazy\" decoding=\"async\" width=\"150\" height=\"150\" src=\"https:\/\/sinprofaz.org.br\/2024\/wp-content\/uploads\/2024\/03\/2-6-150x150.png\" class=\"attachment-thumbnail size-thumbnail\" alt=\"\" \/><\/a>\n\t\t\t<\/dt><\/dl><dl class='gallery-item'>\n\t\t\t<dt class='gallery-icon landscape'>\n\t\t\t\t<a href='https:\/\/sinprofaz.org.br\/2024\/wp-content\/uploads\/2024\/03\/3-5.png'><img loading=\"lazy\" decoding=\"async\" width=\"150\" height=\"150\" src=\"https:\/\/sinprofaz.org.br\/2024\/wp-content\/uploads\/2024\/03\/3-5-150x150.png\" class=\"attachment-thumbnail size-thumbnail\" alt=\"\" \/><\/a>\n\t\t\t<\/dt><\/dl><dl class='gallery-item'>\n\t\t\t<dt class='gallery-icon landscape'>\n\t\t\t\t<a href='https:\/\/sinprofaz.org.br\/2024\/wp-content\/uploads\/2024\/03\/4-4.png'><img loading=\"lazy\" decoding=\"async\" width=\"150\" height=\"150\" src=\"https:\/\/sinprofaz.org.br\/2024\/wp-content\/uploads\/2024\/03\/4-4-150x150.png\" class=\"attachment-thumbnail size-thumbnail\" alt=\"\" \/><\/a>\n\t\t\t<\/dt><\/dl><br style=\"clear: both\" \/><dl class='gallery-item'>\n\t\t\t<dt class='gallery-icon landscape'>\n\t\t\t\t<a href='https:\/\/sinprofaz.org.br\/2024\/wp-content\/uploads\/2024\/03\/5-3.png'><img loading=\"lazy\" decoding=\"async\" width=\"150\" height=\"150\" src=\"https:\/\/sinprofaz.org.br\/2024\/wp-content\/uploads\/2024\/03\/5-3-150x150.png\" class=\"attachment-thumbnail size-thumbnail\" alt=\"\" \/><\/a>\n\t\t\t<\/dt><\/dl><dl class='gallery-item'>\n\t\t\t<dt class='gallery-icon landscape'>\n\t\t\t\t<a href='https:\/\/sinprofaz.org.br\/2024\/wp-content\/uploads\/2024\/03\/6-1.png'><img loading=\"lazy\" decoding=\"async\" width=\"150\" height=\"150\" src=\"https:\/\/sinprofaz.org.br\/2024\/wp-content\/uploads\/2024\/03\/6-1-150x150.png\" class=\"attachment-thumbnail size-thumbnail\" alt=\"\" \/><\/a>\n\t\t\t<\/dt><\/dl>\n\t\t\t<br style='clear: both' \/>\n\t\t<\/div>\n\n<p>&nbsp;<\/p>\n","protected":false},"excerpt":{"rendered":"<p>O evento, realizado na Biblioteca Ministro Victor Nunes Leal, no Supremo Tribunal Federal, foi prestigiado por autoridades como Edson Fachin, Cristiano Zanin e Nunes Marques, ministros do STF, assim como por Anelize Ruas, procuradora-geral da Fazenda Nacional.<\/p>\n","protected":false},"author":2,"featured_media":17841,"comment_status":"open","ping_status":"open","sticky":false,"template":"","format":"standard","meta":{"footnotes":""},"categories":[8],"tags":[32,121,25],"featured_image_url":"https:\/\/sinprofaz.org.br\/2024\/wp-content\/uploads\/2024\/03\/1-9.png","character_count":1082,"formatted_date":"18\/03\/2024 - 08:57","contentNovo":"A presidente Iolanda Guindani compareceu na quarta-feira (13) ao lan\u00e7amento do segundo volume da obra\u00a0O Poder Feminino: entre percursos e desafios. As mulheres perante a legisla\u00e7\u00e3o, a aplica\u00e7\u00e3o do direito e as pol\u00edticas p\u00fablicas e tribut\u00e1rias. O evento, realizado na Biblioteca Ministro Victor Nunes Leal, no Supremo Tribunal Federal, foi prestigiado por autoridades como\u00a0Edson Fachin,\u00a0Cristiano Zanin e Nunes Marques, ministros do STF, assim como por Anelize Ruas, procuradora-geral da Fazenda Nacional.\r\n\r\nOrganizado pelas filiadas Herta Rani e M\u00f4nica Antinarelli, o livro \u00e9 composto por artigos de advogadas p\u00fablicas e privadas.\u00a0A obra apresenta reflex\u00f5es pol\u00edtico-sociais e jur\u00eddicas e, a partir da perspectiva da mulher, incita o debate a respeito das dificuldades do mundo. Assim, ao abordar assuntos como tributa\u00e7\u00e3o, or\u00e7amento, direito de fam\u00edlia e outros temas que caracterizam a sociedade machista e patriarcal, o livro reflete o olhar das autoras sobre a interse\u00e7\u00e3o entre o feminismo e as quest\u00f5es jur\u00eddicas e econ\u00f4micas, bem como sobre os problemas decorrentes da desigualdade social no Brasil.\r\n\r\nEntre as autoras da obra, est\u00e3o as procuradoras da Fazenda Nacional Ana Paula Barbeja, Ana Paula Ramalho, Camilla Cabral, Carolina Zancaner, Fernanda Delatorre, Graziela Honorato, Greyce Carvalho, Herta Rani, Jersilene Moura, Juliana Furtado, Keila Melo, Lana Borges, Lorena Narcizo, Louise Barbosa, Maria Dionne Felipe, Maria L\u00facia Oliveira, M\u00f4nica Antinarelli, Natacha Albuquerque, Regina Hirose, Rita Nolasco, Simone Anacleto, Tatiana Irber e Thayana Felix.\r\n\r\nPara saber mais sobre a obra e adquirir um exemplar, acesse:\u00a0<a href=\"https:\/\/arraeseditores.com.br\/pre-venda-o-poder-feminino-entre-percursos-e-desafios-823.html\" target=\"_blank\" rel=\"noopener\">https:\/\/arraeseditores.com.br\/pre-venda-o-poder-feminino-entre-percursos-e-desafios-823.html<\/a>\r\n\r\n[gallery link=\"file\" ids=\"17842,17843,17844,17845,17846\"]\r\n\r\n&nbsp;","_links":{"self":[{"href":"https:\/\/sinprofaz.org.br\/2024\/wp-json\/wp\/v2\/posts\/17840"}],"collection":[{"href":"https:\/\/sinprofaz.org.br\/2024\/wp-json\/wp\/v2\/posts"}],"about":[{"href":"https:\/\/sinprofaz.org.br\/2024\/wp-json\/wp\/v2\/types\/post"}],"author":[{"embeddable":true,"href":"https:\/\/sinprofaz.org.br\/2024\/wp-json\/wp\/v2\/users\/2"}],"replies":[{"embeddable":true,"href":"https:\/\/sinprofaz.org.br\/2024\/wp-json\/wp\/v2\/comments?post=17840"}],"version-history":[{"count":1,"href":"https:\/\/sinprofaz.org.br\/2024\/wp-json\/wp\/v2\/posts\/17840\/revisions"}],"predecessor-version":[{"id":17847,"href":"https:\/\/sinprofaz.org.br\/2024\/wp-json\/wp\/v2\/posts\/17840\/revisions\/17847"}],"wp:featuredmedia":[{"embeddable":true,"href":"https:\/\/sinprofaz.org.br\/2024\/wp-json\/wp\/v2\/media\/17841"}],"wp:attachment":[{"href":"https:\/\/sinprofaz.org.br\/2024\/wp-json\/wp\/v2\/media?parent=17840"}],"wp:term":[{"taxonomy":"category","embeddable":true,"href":"https:\/\/sinprofaz.org.br\/2024\/wp-json\/wp\/v2\/categories?post=17840"},{"taxonomy":"post_tag","embeddable":true,"href":"https:\/\/sinprofaz.org.br\/2024\/wp-json\/wp\/v2\/tags?post=17840"}],"curies":[{"name":"wp","href":"https:\/\/api.w.org\/{rel}","templated":true}]}}