{"id":17835,"date":"2024-03-15T15:00:54","date_gmt":"2024-03-15T18:00:54","guid":{"rendered":"http:\/\/www.sinprofaz.org.br\/?p=17835"},"modified":"2024-03-15T15:06:34","modified_gmt":"2024-03-15T18:06:34","slug":"mosap-divulga-nota-tecnica-sobre-a-pec-6-2024-conhecida-por-pec-social","status":"publish","type":"post","link":"https:\/\/sinprofaz.org.br\/2024\/noticias\/mosap-divulga-nota-tecnica-sobre-a-pec-6-2024-conhecida-por-pec-social\/","title":{"rendered":"MOSAP DIVULGA NOTA T\u00c9CNICA SOBRE A PEC 6\/2024, CONHECIDA POR &#8220;PEC SOCIAL&#8221;"},"content":{"rendered":"<p>Com o apoio do SINPROFAZ, a PEC 6\/2024 &#8211; que atualiza os fundamentos da PEC 555\/2006 e prop\u00f5e a gradativa redu\u00e7\u00e3o da contribui\u00e7\u00e3o previdenci\u00e1ria de servidores aposentados e pensionistas &#8211; alcan\u00e7ou o n\u00famero de assinaturas necess\u00e1rias e iniciou a tramita\u00e7\u00e3o na C\u00e2mara dos Deputados.<\/p>\n<p>O Movimento Nacional dos Servidores P\u00fablicos Aposentados e Pensionistas &#8211; Instituto MOSAP, do qual o Sindicato faz parte, lidera a luta pela aprova\u00e7\u00e3o da proposta no Congresso Nacional e, para conferir legitimidade ainda maior ao trabalho realizado, divulgou Nota T\u00e9cnica sobre a PEC 6\/2024.<\/p>\n<p>O documento, elaborado pelo consultor Luiz Alberto dos Santos, apresenta os diversos aspectos da mat\u00e9ria que, devido \u00e0 relev\u00e2ncia, vem sendo chamada de &#8220;PEC\u00a0Social&#8221;. A partir de quadros e gr\u00e1ficos, a Nota demonstra os impactos or\u00e7ament\u00e1rios do texto apresentado pelo deputado Cleber Verde (MDB\/MA).<\/p>\n<p>A pr\u00f3xima etapa do trabalho parlamentar dever\u00e1 focar na apensa\u00e7\u00e3o da PEC 6\/2024 \u00e0 PEC 555\/2006, que se encontra pronta para vota\u00e7\u00e3o no plen\u00e1rio da C\u00e2mara desde 2010. Para conferir a Nota T\u00e9cnica, acesse:\u00a0<a href=\"https:\/\/institutomosap.org.br\/wp-content\/uploads\/2024\/03\/NOTA-PEC-555-2006-E-PEC-6-2024-CPSS-INATIVOS.pdf\">https:\/\/institutomosap.org.br\/wp-content\/uploads\/2024\/03\/NOTA-PEC-555-2006-E-PEC-6-2024-CPSS-INATIVOS.pdf<\/a><\/p>\n","protected":false},"excerpt":{"rendered":"<p>A PEC 6\/2024 &#8211; que atualiza os fundamentos da PEC 555\/2006 e prop\u00f5e a gradativa redu\u00e7\u00e3o da contribui\u00e7\u00e3o previdenci\u00e1ria de servidores aposentados e pensionistas &#8211; alcan\u00e7ou o n\u00famero de assinaturas necess\u00e1rias e iniciou a tramita\u00e7\u00e3o na C\u00e2mara dos Deputados.<\/p>\n","protected":false},"author":2,"featured_media":17836,"comment_status":"open","ping_status":"open","sticky":false,"template":"","format":"standard","meta":{"footnotes":""},"categories":[8],"tags":[48,218,25],"featured_image_url":"https:\/\/sinprofaz.org.br\/2024\/wp-content\/uploads\/2024\/03\/nota-Sinprofaz.png","character_count":623,"formatted_date":"15\/03\/2024 - 15:00","contentNovo":"Com o apoio do SINPROFAZ, a PEC 6\/2024 - que atualiza os fundamentos da PEC 555\/2006 e prop\u00f5e a gradativa redu\u00e7\u00e3o da contribui\u00e7\u00e3o previdenci\u00e1ria de servidores aposentados e pensionistas - alcan\u00e7ou o n\u00famero de assinaturas necess\u00e1rias e iniciou a tramita\u00e7\u00e3o na C\u00e2mara dos Deputados.\r\n\r\nO Movimento Nacional dos Servidores P\u00fablicos Aposentados e Pensionistas - Instituto MOSAP, do qual o Sindicato faz parte, lidera a luta pela aprova\u00e7\u00e3o da proposta no Congresso Nacional e, para conferir legitimidade ainda maior ao trabalho realizado, divulgou Nota T\u00e9cnica sobre a PEC 6\/2024.\r\n\r\nO documento, elaborado pelo consultor Luiz Alberto dos Santos, apresenta os diversos aspectos da mat\u00e9ria que, devido \u00e0 relev\u00e2ncia, vem sendo chamada de \"PEC\u00a0Social\". A partir de quadros e gr\u00e1ficos, a Nota demonstra os impactos or\u00e7ament\u00e1rios do texto apresentado pelo deputado Cleber Verde (MDB\/MA).\r\n\r\nA pr\u00f3xima etapa do trabalho parlamentar dever\u00e1 focar na apensa\u00e7\u00e3o da PEC 6\/2024 \u00e0 PEC 555\/2006, que se encontra pronta para vota\u00e7\u00e3o no plen\u00e1rio da C\u00e2mara desde 2010. Para conferir a Nota T\u00e9cnica, acesse:\u00a0<a href=\"https:\/\/institutomosap.org.br\/wp-content\/uploads\/2024\/03\/NOTA-PEC-555-2006-E-PEC-6-2024-CPSS-INATIVOS.pdf\">https:\/\/institutomosap.org.br\/wp-content\/uploads\/2024\/03\/NOTA-PEC-555-2006-E-PEC-6-2024-CPSS-INATIVOS.pdf<\/a>","_links":{"self":[{"href":"https:\/\/sinprofaz.org.br\/2024\/wp-json\/wp\/v2\/posts\/17835"}],"collection":[{"href":"https:\/\/sinprofaz.org.br\/2024\/wp-json\/wp\/v2\/posts"}],"about":[{"href":"https:\/\/sinprofaz.org.br\/2024\/wp-json\/wp\/v2\/types\/post"}],"author":[{"embeddable":true,"href":"https:\/\/sinprofaz.org.br\/2024\/wp-json\/wp\/v2\/users\/2"}],"replies":[{"embeddable":true,"href":"https:\/\/sinprofaz.org.br\/2024\/wp-json\/wp\/v2\/comments?post=17835"}],"version-history":[{"count":1,"href":"https:\/\/sinprofaz.org.br\/2024\/wp-json\/wp\/v2\/posts\/17835\/revisions"}],"predecessor-version":[{"id":17837,"href":"https:\/\/sinprofaz.org.br\/2024\/wp-json\/wp\/v2\/posts\/17835\/revisions\/17837"}],"wp:featuredmedia":[{"embeddable":true,"href":"https:\/\/sinprofaz.org.br\/2024\/wp-json\/wp\/v2\/media\/17836"}],"wp:attachment":[{"href":"https:\/\/sinprofaz.org.br\/2024\/wp-json\/wp\/v2\/media?parent=17835"}],"wp:term":[{"taxonomy":"category","embeddable":true,"href":"https:\/\/sinprofaz.org.br\/2024\/wp-json\/wp\/v2\/categories?post=17835"},{"taxonomy":"post_tag","embeddable":true,"href":"https:\/\/sinprofaz.org.br\/2024\/wp-json\/wp\/v2\/tags?post=17835"}],"curies":[{"name":"wp","href":"https:\/\/api.w.org\/{rel}","templated":true}]}}