{"id":1782,"date":"2014-05-23T14:09:33","date_gmt":"2014-05-23T14:09:33","guid":{"rendered":""},"modified":"-0001-11-30T00:00:00","modified_gmt":"-0001-11-30T03:00:00","slug":"pec-do-ats-pelo-tratamento-isonomico-entre-as-carreiras-exclusivas-de-estado","status":"publish","type":"post","link":"https:\/\/sinprofaz.org.br\/2024\/noticias\/pec-do-ats-pelo-tratamento-isonomico-entre-as-carreiras-exclusivas-de-estado\/","title":{"rendered":"PEC do ATS: pelo tratamento ison\u00f4mico entre as carreiras exclusivas de Estado"},"content":{"rendered":"<p style=\"text-align: justify;\"><img loading=\"lazy\" decoding=\"async\" style=\"margin-right: 10px; float: left;\" alt=\"\" src=\"images\/noticias\/pecs\/ats\/01.jpg\" height=\"314\" width=\"218\" \/>SINPROFAZ e demais entidades representativas da Advocacia P\u00fablica continuam atuando para que seja estendido \u00e0s Carreiras da AGU o Adicional por Tempo de Servi\u00e7o.<\/p>\n<p style=\"text-align: justify;\">Nesta quinta-feira, 22\/05, as entidades sindicais e associativas da Advocacia P\u00fablica Federal protocolaram of\u00edcio conjunto no gabinete do senador Vital do Rego (PMDB-PB), presidente da CCJ e relator neste colegiado da PEC 63\/2013.<\/p>\n<p style=\"text-align: justify;\">O relat\u00f3rio de Vital do Rego, aprovado esta semana na CCJ, prev\u00ea apenas aos membros da Magistratura e do Minist\u00e9rio P\u00fablico o benef\u00edcio do Adicional por Tempo de Servi\u00e7o.<\/p>\n<p style=\"text-align: justify;\">No of\u00edcio, as entidades exigem tratamento ison\u00f4mico entre as Fun\u00e7\u00f5es Essenciais \u00e0 Justi\u00e7a no que se refere ao ATS. Outras carreiras exclusivas de Estado tamb\u00e9m assinam o of\u00edcio.<\/p>\n<p style=\"text-align: justify;\">O documento registra \u201ca irresigna\u00e7\u00e3o das categorias essenciais e exclusivas de Estado que restaram relegadas na concess\u00e3o de Adicional por Tempo de Servi\u00e7o\u201d.<\/p>\n","protected":false},"excerpt":{"rendered":"<p style=\"text-align: justify;\">SINPROFAZ e demais entidades representativas da Advocacia P\u00fablica continuam atuando para que seja estendido \u00e0s Carreiras da AGU o Adicional por Tempo de Servi\u00e7o.<\/p>\n","protected":false},"author":1,"featured_media":0,"comment_status":"closed","ping_status":"open","sticky":false,"template":"","format":"standard","meta":{"footnotes":""},"categories":[8],"tags":[],"featured_image_url":"https:\/\/dummyimage.com\/720x400","character_count":464,"formatted_date":"23\/05\/2014 - 14:09","contentNovo":"\r\n<p style=\"text-align: justify;\">SINPROFAZ e demais entidades representativas da Advocacia P\u00fablica continuam atuando para que seja estendido \u00e0s Carreiras da AGU o Adicional por Tempo de Servi\u00e7o.<\/p>\r\n<p style=\"text-align: justify;\">Nesta quinta-feira, 22\/05, as entidades sindicais e associativas da Advocacia P\u00fablica Federal protocolaram of\u00edcio conjunto no gabinete do senador Vital do Rego (PMDB-PB), presidente da CCJ e relator neste colegiado da PEC 63\/2013.<\/p>\r\n<p style=\"text-align: justify;\">O relat\u00f3rio de Vital do Rego, aprovado esta semana na CCJ, prev\u00ea apenas aos membros da Magistratura e do Minist\u00e9rio P\u00fablico o benef\u00edcio do Adicional por Tempo de Servi\u00e7o.<\/p>\r\n<p style=\"text-align: justify;\">No of\u00edcio, as entidades exigem tratamento ison\u00f4mico entre as Fun\u00e7\u00f5es Essenciais \u00e0 Justi\u00e7a no que se refere ao ATS. Outras carreiras exclusivas de Estado tamb\u00e9m assinam o of\u00edcio.<\/p>\r\n<p style=\"text-align: justify;\">O documento registra \u201ca irresigna\u00e7\u00e3o das categorias essenciais e exclusivas de Estado que restaram relegadas na concess\u00e3o de Adicional por Tempo de Servi\u00e7o\u201d.<\/p>","_links":{"self":[{"href":"https:\/\/sinprofaz.org.br\/2024\/wp-json\/wp\/v2\/posts\/1782"}],"collection":[{"href":"https:\/\/sinprofaz.org.br\/2024\/wp-json\/wp\/v2\/posts"}],"about":[{"href":"https:\/\/sinprofaz.org.br\/2024\/wp-json\/wp\/v2\/types\/post"}],"author":[{"embeddable":true,"href":"https:\/\/sinprofaz.org.br\/2024\/wp-json\/wp\/v2\/users\/1"}],"replies":[{"embeddable":true,"href":"https:\/\/sinprofaz.org.br\/2024\/wp-json\/wp\/v2\/comments?post=1782"}],"version-history":[{"count":0,"href":"https:\/\/sinprofaz.org.br\/2024\/wp-json\/wp\/v2\/posts\/1782\/revisions"}],"wp:attachment":[{"href":"https:\/\/sinprofaz.org.br\/2024\/wp-json\/wp\/v2\/media?parent=1782"}],"wp:term":[{"taxonomy":"category","embeddable":true,"href":"https:\/\/sinprofaz.org.br\/2024\/wp-json\/wp\/v2\/categories?post=1782"},{"taxonomy":"post_tag","embeddable":true,"href":"https:\/\/sinprofaz.org.br\/2024\/wp-json\/wp\/v2\/tags?post=1782"}],"curies":[{"name":"wp","href":"https:\/\/api.w.org\/{rel}","templated":true}]}}