{"id":17784,"date":"2024-03-12T08:24:29","date_gmt":"2024-03-12T11:24:29","guid":{"rendered":"http:\/\/www.sinprofaz.org.br\/?p=17784"},"modified":"2024-03-12T18:17:10","modified_gmt":"2024-03-12T21:17:10","slug":"chamada-aos-pfns-que-ajuizaram-acoes-individuais-cumprimento-de-sentenca-para-pagamento-dos-valores-descontados-a-titulo-de-cota-parte-e-ir-sobre-auxilio-pre-escolar","status":"publish","type":"post","link":"https:\/\/sinprofaz.org.br\/2024\/noticias\/chamada-aos-pfns-que-ajuizaram-acoes-individuais-cumprimento-de-sentenca-para-pagamento-dos-valores-descontados-a-titulo-de-cota-parte-e-ir-sobre-auxilio-pre-escolar\/","title":{"rendered":"CHAMADA AOS PFNS QUE AJUIZARAM A\u00c7\u00d5ES INDIVIDUAIS: CUMPRIMENTO DE SENTEN\u00c7A PARA PAGAMENTO DOS VALORES DESCONTADOS A T\u00cdTULO DE COTA-PARTE E IR SOBRE AUX\u00cdLIO PR\u00c9-ESCOLAR"},"content":{"rendered":"<p>O SINPROFAZ ingressou com o cumprimento de senten\u00e7a para pagamento dos valores indevidamente descontados a t\u00edtulo de cota-parte e de imposto de renda sobre a rubrica de aux\u00edlio pr\u00e9-escolar, nos termos do t\u00edtulo executivo judicial formado nos autos do processo n\u00ba 0034832-25.2013.4.01.3400.<\/p>\n<p>O cumprimento de senten\u00e7a foi promovido nos pr\u00f3prios autos do processo, que tramita na 22\u00aa Vara Federal da Se\u00e7\u00e3o Judici\u00e1ria do Distrito Federal, para todos os filiados do SINPROFAZ que tiveram desconto a t\u00edtulo de cota-parte e de IR sobre a rubrica de aux\u00edlio pr\u00e9-escolar, desde os cinco anos que antecederam o ajuizamento da a\u00e7\u00e3o, com base nas informa\u00e7\u00f5es financeiras encaminhadas pelo Minist\u00e9rio da Economia em dezembro\/2021, as quais faziam men\u00e7\u00e3o apenas aos filiados beneficiados pelo aux\u00edlio pr\u00e9-escolar de 01\/07\/2008 at\u00e9 aquele momento.<\/p>\n<p>Na eventualidade de algum dos filiados listados j\u00e1 ter ingressado com execu\u00e7\u00e3o individual sobre as mesmas verbas, solicitamos que seja encaminhado e-mail, com urg\u00eancia, at\u00e9 o dia 18 de mar\u00e7o, para\u00a0<a href=\"mailto:falecomjuridico@sinprofaz.org.br\">falecomjuridico@sinprofaz.org.br<\/a>, com o respectivo Termo de Autoriza\u00e7\u00e3o de exclus\u00e3o do rol de exequentes beneficiados, no referido cumprimento de senten\u00e7a, devidamente preenchido e assinado, conforme minuta disponibilizada no link\u00a0<a href=\"http:\/\/bit.ly\/Autoriza%C3%A7%C3%A3odeExclus%C3%A3o\" target=\"_blank\" rel=\"noopener\">bit.ly\/Autoriza\u00e7\u00e3odeExclus\u00e3o<\/a>, a fim de que possamos requerer a exclus\u00e3o dos autos da execu\u00e7\u00e3o coletiva.<\/p>\n<p>Atenciosamente,<\/p>\n<p>Diretoria do SINPROFAZ<\/p>\n<p><!-- notionvc: c18686b0-25e4-4dd8-b814-92d1fd6e05ec --><\/p>\n","protected":false},"excerpt":{"rendered":"<p>O processo tramita na 22\u00aa Vara Federal do DF.<\/p>\n","protected":false},"author":2,"featured_media":17269,"comment_status":"open","ping_status":"open","sticky":false,"template":"","format":"standard","meta":{"footnotes":""},"categories":[8],"tags":[32,26,146,25],"featured_image_url":"https:\/\/sinprofaz.org.br\/2024\/wp-content\/uploads\/2023\/12\/1-1-1.png","character_count":724,"formatted_date":"12\/03\/2024 - 08:24","contentNovo":"O SINPROFAZ ingressou com o cumprimento de senten\u00e7a para pagamento dos valores indevidamente descontados a t\u00edtulo de cota-parte e de imposto de renda sobre a rubrica de aux\u00edlio pr\u00e9-escolar, nos termos do t\u00edtulo executivo judicial formado nos autos do processo n\u00ba 0034832-25.2013.4.01.3400.\r\n\r\nO cumprimento de senten\u00e7a foi promovido nos pr\u00f3prios autos do processo, que tramita na 22\u00aa Vara Federal da Se\u00e7\u00e3o Judici\u00e1ria do Distrito Federal, para todos os filiados do SINPROFAZ que tiveram desconto a t\u00edtulo de cota-parte e de IR sobre a rubrica de aux\u00edlio pr\u00e9-escolar, desde os cinco anos que antecederam o ajuizamento da a\u00e7\u00e3o, com base nas informa\u00e7\u00f5es financeiras encaminhadas pelo Minist\u00e9rio da Economia em dezembro\/2021, as quais faziam men\u00e7\u00e3o apenas aos filiados beneficiados pelo aux\u00edlio pr\u00e9-escolar de 01\/07\/2008 at\u00e9 aquele momento.\r\n\r\nNa eventualidade de algum dos filiados listados j\u00e1 ter ingressado com execu\u00e7\u00e3o individual sobre as mesmas verbas, solicitamos que seja encaminhado e-mail, com urg\u00eancia, at\u00e9 o dia 18 de mar\u00e7o, para\u00a0<a href=\"mailto:falecomjuridico@sinprofaz.org.br\">falecomjuridico@sinprofaz.org.br<\/a>, com o respectivo Termo de Autoriza\u00e7\u00e3o de exclus\u00e3o do rol de exequentes beneficiados, no referido cumprimento de senten\u00e7a, devidamente preenchido e assinado, conforme minuta disponibilizada no link\u00a0<a href=\"http:\/\/bit.ly\/Autoriza%C3%A7%C3%A3odeExclus%C3%A3o\" target=\"_blank\" rel=\"noopener\">bit.ly\/Autoriza\u00e7\u00e3odeExclus\u00e3o<\/a>, a fim de que possamos requerer a exclus\u00e3o dos autos da execu\u00e7\u00e3o coletiva.\r\n\r\nAtenciosamente,\r\n\r\nDiretoria do SINPROFAZ\r\n\r\n","_links":{"self":[{"href":"https:\/\/sinprofaz.org.br\/2024\/wp-json\/wp\/v2\/posts\/17784"}],"collection":[{"href":"https:\/\/sinprofaz.org.br\/2024\/wp-json\/wp\/v2\/posts"}],"about":[{"href":"https:\/\/sinprofaz.org.br\/2024\/wp-json\/wp\/v2\/types\/post"}],"author":[{"embeddable":true,"href":"https:\/\/sinprofaz.org.br\/2024\/wp-json\/wp\/v2\/users\/2"}],"replies":[{"embeddable":true,"href":"https:\/\/sinprofaz.org.br\/2024\/wp-json\/wp\/v2\/comments?post=17784"}],"version-history":[{"count":2,"href":"https:\/\/sinprofaz.org.br\/2024\/wp-json\/wp\/v2\/posts\/17784\/revisions"}],"predecessor-version":[{"id":17795,"href":"https:\/\/sinprofaz.org.br\/2024\/wp-json\/wp\/v2\/posts\/17784\/revisions\/17795"}],"wp:featuredmedia":[{"embeddable":true,"href":"https:\/\/sinprofaz.org.br\/2024\/wp-json\/wp\/v2\/media\/17269"}],"wp:attachment":[{"href":"https:\/\/sinprofaz.org.br\/2024\/wp-json\/wp\/v2\/media?parent=17784"}],"wp:term":[{"taxonomy":"category","embeddable":true,"href":"https:\/\/sinprofaz.org.br\/2024\/wp-json\/wp\/v2\/categories?post=17784"},{"taxonomy":"post_tag","embeddable":true,"href":"https:\/\/sinprofaz.org.br\/2024\/wp-json\/wp\/v2\/tags?post=17784"}],"curies":[{"name":"wp","href":"https:\/\/api.w.org\/{rel}","templated":true}]}}