{"id":17779,"date":"2024-03-11T14:35:37","date_gmt":"2024-03-11T17:35:37","guid":{"rendered":"http:\/\/www.sinprofaz.org.br\/?p=17779"},"modified":"2024-03-12T09:03:58","modified_gmt":"2024-03-12T12:03:58","slug":"candidatos-aprovados-sao-recebidos-por-futuros-colegas-da-pfn-es","status":"publish","type":"post","link":"https:\/\/sinprofaz.org.br\/2024\/noticias\/candidatos-aprovados-sao-recebidos-por-futuros-colegas-da-pfn-es\/","title":{"rendered":"CANDIDATOS APROVADOS S\u00c3O RECEBIDOS POR FUTUROS COLEGAS DA PFN\/ES"},"content":{"rendered":"<p>Futuras procuradoras e futuros procuradores da Fazenda Nacional aprovados no concurso p\u00fablico para a Carreira visitaram a sede da PFN em Vit\u00f3ria\/ES. Na ocasi\u00e3o, o SINPROFAZ foi representado pelo delegado\u00a0Guilherme Wayand, assim como por Colegas filiados lotados na Unidade.<\/p>\n<p>Durante a visita, os aprovados manifestaram a expectativa pela r\u00e1pida nomea\u00e7\u00e3o, de modo que possam logo contribuir para os avan\u00e7os da Carreira. A mesma expectativa foi demonstrada pelos PFNs, cientes da excel\u00eancia dos quadros que aguardam o ingresso na Institui\u00e7\u00e3o.<\/p>\n","protected":false},"excerpt":{"rendered":"<p>Futuras procuradoras e futuros procuradores aprovados no concurso para a Carreira visitaram a sede da PFN em Vit\u00f3ria\/ES. Na ocasi\u00e3o, o SINPROFAZ foi representado pelo delegado Guilherme Wayand, assim como por Colegas filiados.<\/p>\n","protected":false},"author":2,"featured_media":17778,"comment_status":"open","ping_status":"open","sticky":false,"template":"","format":"standard","meta":{"footnotes":""},"categories":[8],"tags":[32,63,25],"featured_image_url":"https:\/\/sinprofaz.org.br\/2024\/wp-content\/uploads\/2024\/03\/1-4.png","character_count":276,"formatted_date":"11\/03\/2024 - 14:35","contentNovo":"Futuras procuradoras e futuros procuradores da Fazenda Nacional aprovados no concurso p\u00fablico para a Carreira visitaram a sede da PFN em Vit\u00f3ria\/ES. Na ocasi\u00e3o, o SINPROFAZ foi representado pelo delegado\u00a0Guilherme Wayand, assim como por Colegas filiados lotados na Unidade.\r\n\r\nDurante a visita, os aprovados manifestaram a expectativa pela r\u00e1pida nomea\u00e7\u00e3o, de modo que possam logo contribuir para os avan\u00e7os da Carreira. A mesma expectativa foi demonstrada pelos PFNs, cientes da excel\u00eancia dos quadros que aguardam o ingresso na Institui\u00e7\u00e3o.","_links":{"self":[{"href":"https:\/\/sinprofaz.org.br\/2024\/wp-json\/wp\/v2\/posts\/17779"}],"collection":[{"href":"https:\/\/sinprofaz.org.br\/2024\/wp-json\/wp\/v2\/posts"}],"about":[{"href":"https:\/\/sinprofaz.org.br\/2024\/wp-json\/wp\/v2\/types\/post"}],"author":[{"embeddable":true,"href":"https:\/\/sinprofaz.org.br\/2024\/wp-json\/wp\/v2\/users\/2"}],"replies":[{"embeddable":true,"href":"https:\/\/sinprofaz.org.br\/2024\/wp-json\/wp\/v2\/comments?post=17779"}],"version-history":[{"count":2,"href":"https:\/\/sinprofaz.org.br\/2024\/wp-json\/wp\/v2\/posts\/17779\/revisions"}],"predecessor-version":[{"id":17789,"href":"https:\/\/sinprofaz.org.br\/2024\/wp-json\/wp\/v2\/posts\/17779\/revisions\/17789"}],"wp:featuredmedia":[{"embeddable":true,"href":"https:\/\/sinprofaz.org.br\/2024\/wp-json\/wp\/v2\/media\/17778"}],"wp:attachment":[{"href":"https:\/\/sinprofaz.org.br\/2024\/wp-json\/wp\/v2\/media?parent=17779"}],"wp:term":[{"taxonomy":"category","embeddable":true,"href":"https:\/\/sinprofaz.org.br\/2024\/wp-json\/wp\/v2\/categories?post=17779"},{"taxonomy":"post_tag","embeddable":true,"href":"https:\/\/sinprofaz.org.br\/2024\/wp-json\/wp\/v2\/tags?post=17779"}],"curies":[{"name":"wp","href":"https:\/\/api.w.org\/{rel}","templated":true}]}}