{"id":17773,"date":"2024-03-11T08:27:01","date_gmt":"2024-03-11T11:27:01","guid":{"rendered":"http:\/\/www.sinprofaz.org.br\/?p=17773"},"modified":"2024-03-11T17:21:43","modified_gmt":"2024-03-11T20:21:43","slug":"parceria-do-sinprofaz-garante-o-planejamento-previdenciario-da-carreira","status":"publish","type":"post","link":"https:\/\/sinprofaz.org.br\/2024\/noticias\/parceria-do-sinprofaz-garante-o-planejamento-previdenciario-da-carreira\/","title":{"rendered":"PARCERIA DO SINPROFAZ GARANTE O PLANEJAMENTO PREVIDENCI\u00c1RIO DA CARREIRA"},"content":{"rendered":"<p>A presidente Iolanda Guindani esteve reunida em Bras\u00edlia\/DF com a equipe da Advocacia Riedel. Liderado, entre outros, pela advogada Thais Riedel, o escrit\u00f3rio tem parceria com o Sindicato para oferecer, a filiadas e filiados, o benef\u00edcio do Planejamento Previdenci\u00e1rio. Se voc\u00ea, PFN, tem d\u00favidas a respeito de sua situa\u00e7\u00e3o previdenci\u00e1ria, conhe\u00e7a o servi\u00e7o gratuito e aproveite!<\/p>\n<p><strong>Advocacia Riedel<br \/>\n<\/strong>A equipe jur\u00eddica parceira do Sindicato \u00e9 a respons\u00e1vel por realizar o planejamento. A consultoria se inicia com uma an\u00e1lise ampla do hist\u00f3rico laboral do PFN &#8211; incluindo o tempo na iniciativa privada, se houver &#8211; e envolve orienta\u00e7\u00f5es sobre a melhor op\u00e7\u00e3o que\u00a0Procuradoras e Procuradores devem adotar para garantir uma aposentadoria tranquila. Os atendimentos ocorrem de modo presencial, em Bras\u00edlia\/DF, ou de forma remota. Aproveite!<\/p>\n<p>Para agendar seu atendimento, envie solicita\u00e7\u00e3o para <a href=\"mailto:falecomjuridico@sinprofaz.org.br\" target=\"_blank\" rel=\"noopener\">falecomjuridico@sinprofaz.org.br<\/a>. A Secretaria e a Diretoria Jur\u00eddica do Sindicato est\u00e3o \u00e0 disposi\u00e7\u00e3o da Carreira para tirar d\u00favidas sobre o servi\u00e7o.<\/p>\n\n\t\t<style type=\"text\/css\">\n\t\t\t#gallery-1 {\n\t\t\t\tmargin: auto;\n\t\t\t}\n\t\t\t#gallery-1 .gallery-item {\n\t\t\t\tfloat: left;\n\t\t\t\tmargin-top: 10px;\n\t\t\t\ttext-align: center;\n\t\t\t\twidth: 33%;\n\t\t\t}\n\t\t\t#gallery-1 img {\n\t\t\t\tborder: 2px solid #cfcfcf;\n\t\t\t}\n\t\t\t#gallery-1 .gallery-caption {\n\t\t\t\tmargin-left: 0;\n\t\t\t}\n\t\t\t\/* see gallery_shortcode() in wp-includes\/media.php *\/\n\t\t<\/style>\n\t\t<div id='gallery-1' class='gallery galleryid-17773 gallery-columns-3 gallery-size-thumbnail'><dl class='gallery-item'>\n\t\t\t<dt class='gallery-icon landscape'>\n\t\t\t\t<a href='https:\/\/sinprofaz.org.br\/2024\/wp-content\/uploads\/2024\/03\/Riedel-2.png'><img loading=\"lazy\" decoding=\"async\" width=\"150\" height=\"150\" src=\"https:\/\/sinprofaz.org.br\/2024\/wp-content\/uploads\/2024\/03\/Riedel-2-150x150.png\" class=\"attachment-thumbnail size-thumbnail\" alt=\"\" \/><\/a>\n\t\t\t<\/dt><\/dl><dl class='gallery-item'>\n\t\t\t<dt class='gallery-icon landscape'>\n\t\t\t\t<a href='https:\/\/sinprofaz.org.br\/2024\/wp-content\/uploads\/2024\/03\/Riedel-3.png'><img loading=\"lazy\" decoding=\"async\" width=\"150\" height=\"150\" src=\"https:\/\/sinprofaz.org.br\/2024\/wp-content\/uploads\/2024\/03\/Riedel-3-150x150.png\" class=\"attachment-thumbnail size-thumbnail\" alt=\"\" \/><\/a>\n\t\t\t<\/dt><\/dl>\n\t\t\t<br style='clear: both' \/>\n\t\t<\/div>\n\n<p><!-- notionvc: dec7e6cc-5321-4877-91ad-f72f14b0510e --><\/p>\n","protected":false},"excerpt":{"rendered":"<p>A presidente Iolanda Guindani esteve reunida em Bras\u00edlia\/DF com a equipe da Advocacia Riedel. Liderado, entre outros, pela advogada Thais Riedel, o escrit\u00f3rio tem parceria com o Sindicato para oferecer, a filiadas e filiados, o benef\u00edcio do Planejamento.<\/p>\n","protected":false},"author":2,"featured_media":17770,"comment_status":"open","ping_status":"open","sticky":false,"template":"","format":"standard","meta":{"footnotes":""},"categories":[8],"tags":[32,26,25],"featured_image_url":"https:\/\/sinprofaz.org.br\/2024\/wp-content\/uploads\/2024\/03\/Riedel-1.png","character_count":724,"formatted_date":"11\/03\/2024 - 08:27","contentNovo":"A presidente Iolanda Guindani esteve reunida em Bras\u00edlia\/DF com a equipe da Advocacia Riedel. Liderado, entre outros, pela advogada Thais Riedel, o escrit\u00f3rio tem parceria com o Sindicato para oferecer, a filiadas e filiados, o benef\u00edcio do Planejamento Previdenci\u00e1rio. Se voc\u00ea, PFN, tem d\u00favidas a respeito de sua situa\u00e7\u00e3o previdenci\u00e1ria, conhe\u00e7a o servi\u00e7o gratuito e aproveite!\r\n\r\n<strong>Advocacia Riedel\r\n<\/strong>A equipe jur\u00eddica parceira do Sindicato \u00e9 a respons\u00e1vel por realizar o planejamento. A consultoria se inicia com uma an\u00e1lise ampla do hist\u00f3rico laboral do PFN - incluindo o tempo na iniciativa privada, se houver - e envolve orienta\u00e7\u00f5es sobre a melhor op\u00e7\u00e3o que\u00a0Procuradoras e Procuradores devem adotar para garantir uma aposentadoria tranquila. Os atendimentos ocorrem de modo presencial, em Bras\u00edlia\/DF, ou de forma remota. Aproveite!\r\n\r\nPara agendar seu atendimento, envie solicita\u00e7\u00e3o para <a href=\"mailto:falecomjuridico@sinprofaz.org.br\" target=\"_blank\" rel=\"noopener\">falecomjuridico@sinprofaz.org.br<\/a>. A Secretaria e a Diretoria Jur\u00eddica do Sindicato est\u00e3o \u00e0 disposi\u00e7\u00e3o da Carreira para tirar d\u00favidas sobre o servi\u00e7o.\r\n\r\n[gallery link=\"file\" ids=\"17771,17772\"]\r\n\r\n","_links":{"self":[{"href":"https:\/\/sinprofaz.org.br\/2024\/wp-json\/wp\/v2\/posts\/17773"}],"collection":[{"href":"https:\/\/sinprofaz.org.br\/2024\/wp-json\/wp\/v2\/posts"}],"about":[{"href":"https:\/\/sinprofaz.org.br\/2024\/wp-json\/wp\/v2\/types\/post"}],"author":[{"embeddable":true,"href":"https:\/\/sinprofaz.org.br\/2024\/wp-json\/wp\/v2\/users\/2"}],"replies":[{"embeddable":true,"href":"https:\/\/sinprofaz.org.br\/2024\/wp-json\/wp\/v2\/comments?post=17773"}],"version-history":[{"count":3,"href":"https:\/\/sinprofaz.org.br\/2024\/wp-json\/wp\/v2\/posts\/17773\/revisions"}],"predecessor-version":[{"id":17782,"href":"https:\/\/sinprofaz.org.br\/2024\/wp-json\/wp\/v2\/posts\/17773\/revisions\/17782"}],"wp:featuredmedia":[{"embeddable":true,"href":"https:\/\/sinprofaz.org.br\/2024\/wp-json\/wp\/v2\/media\/17770"}],"wp:attachment":[{"href":"https:\/\/sinprofaz.org.br\/2024\/wp-json\/wp\/v2\/media?parent=17773"}],"wp:term":[{"taxonomy":"category","embeddable":true,"href":"https:\/\/sinprofaz.org.br\/2024\/wp-json\/wp\/v2\/categories?post=17773"},{"taxonomy":"post_tag","embeddable":true,"href":"https:\/\/sinprofaz.org.br\/2024\/wp-json\/wp\/v2\/tags?post=17773"}],"curies":[{"name":"wp","href":"https:\/\/api.w.org\/{rel}","templated":true}]}}