{"id":1776,"date":"2014-05-19T19:18:05","date_gmt":"2014-05-19T19:18:05","guid":{"rendered":""},"modified":"-0001-11-30T00:00:00","modified_gmt":"-0001-11-30T03:00:00","slug":"senador-jose-pimentel-e-aliado-para-o-fortalecimento-da-advocacia-publica-federal","status":"publish","type":"post","link":"https:\/\/sinprofaz.org.br\/2024\/noticias\/senador-jose-pimentel-e-aliado-para-o-fortalecimento-da-advocacia-publica-federal\/","title":{"rendered":"Senador Jos\u00e9 Pimentel \u00e9 aliado para o fortalecimento da Advocacia P\u00fablica Federal"},"content":{"rendered":"<p>Na manh\u00e3 desta segunda-feira, 19\/05, lideran\u00e7as sindicais e associativas da Advocacia P\u00fablica Federal foram recebidas pelo senador Jos\u00e9 Pimentel (PT-CE), que lidera a bancada do governo no Congresso Nacional.<\/p>\n<p>Assuntos de interesse da Advocacia P\u00fablica Federal foram colocados em pauta com destaque para os pleitos dos honor\u00e1rios sucumbenciais e o benef\u00edcio do adicional por tempo de servi\u00e7o (ATS), que tramitam no Senado Federal.<\/p>\n<p><img loading=\"lazy\" decoding=\"async\" style=\"margin-left: 10px; margin-bottom: 5px; margin-top: 5px; float: right;\" alt=\"\" src=\"images\/noticias\/senador-jose-pimentel-aliado-advocacia-pub\/foto02.jpg\" height=\"169\" width=\"200\" \/>O senador Jos\u00e9 Pimentel, que tem uma vis\u00e3o muito ampla sobre a organiza\u00e7\u00e3o das Carreiras p\u00fablicas no Brasil, ouviu atentamente e compreendeu os argumentos expressados pelos dirigentes. Ap\u00f3s produtivo e substancioso debate, o senador declarou ser favor\u00e1vel \u00e0s iniciativas que visem ao fortalecimento da Advocacia P\u00fablica Federal.<\/p>\n<p>Nesse sentido, o senador comprometeu-se a colaborar para assegurar que os honor\u00e1rios de sucumb\u00eancia sejam debatidos exaustivamente na Casa, inclusive, por meio de audi\u00eancia p\u00fablica. Ele \u00e9 membro da comiss\u00e3o especial constitu\u00edda no Senado Federal para analisar o projeto do novo CPC. O colegiado poder\u00e1 confirmar o texto aprovado na C\u00e2mara que prev\u00ea o pagamento de honor\u00e1rios aos advogados p\u00fablicos, nos termos do Art. 85.<\/p>\n<h3>ATS<\/h3>\n<p><img loading=\"lazy\" decoding=\"async\" style=\"margin-left: 10px; margin-bottom: 5px; margin-top: 5px; float: right;\" alt=\"\" src=\"images\/noticias\/senador-jose-pimentel-aliado-advocacia-pub\/foto01.jpg\" height=\"150\" width=\"200\" \/>Outro assunto abordado com o senador foi a PEC 63\/2013, que institui a parcela indenizat\u00f3ria de valoriza\u00e7\u00e3o por tempo na Magistratura e Minist\u00e9rio P\u00fablico.<\/p>\n<p>O relat\u00f3rio do senador Vital do Rego (PMDB-PB) pode ser votado na reuni\u00e3o da Comiss\u00e3o de Constitui\u00e7\u00e3o, Justi\u00e7a e Cidadania (CCJ) na pr\u00f3xima quarta-feira (21).<\/p>\n<p>Pimentel manifestou-se favor\u00e1vel ao aprofundamento do debate para garantir uma solu\u00e7\u00e3o que valorize as Carreiras p\u00fablicas e seja boa para o Estado brasileiro.<\/p>\n","protected":false},"excerpt":{"rendered":"<p>L\u00edder do governo no Congresso, senador Pimentel recebeu representantes da Advocacia P\u00fablica Federal e se comprometeu a realizar franco debate sobre honor\u00e1rios e outros pleitos das Carreiras.<\/p>\n","protected":false},"author":1,"featured_media":0,"comment_status":"closed","ping_status":"open","sticky":false,"template":"","format":"standard","meta":{"footnotes":""},"categories":[8],"tags":[],"featured_image_url":"https:\/\/dummyimage.com\/720x400","character_count":852,"formatted_date":"19\/05\/2014 - 19:18","contentNovo":"\r\n<p>Na manh\u00e3 desta segunda-feira, 19\/05, lideran\u00e7as sindicais e associativas da Advocacia P\u00fablica Federal foram recebidas pelo senador Jos\u00e9 Pimentel (PT-CE), que lidera a bancada do governo no Congresso Nacional.<\/p>\r\n<p>Assuntos de interesse da Advocacia P\u00fablica Federal foram colocados em pauta com destaque para os pleitos dos honor\u00e1rios sucumbenciais e o benef\u00edcio do adicional por tempo de servi\u00e7o (ATS), que tramitam no Senado Federal.<\/p>\r\n<p>O senador Jos\u00e9 Pimentel, que tem uma vis\u00e3o muito ampla sobre a organiza\u00e7\u00e3o das Carreiras p\u00fablicas no Brasil, ouviu atentamente e compreendeu os argumentos expressados pelos dirigentes. Ap\u00f3s produtivo e substancioso debate, o senador declarou ser favor\u00e1vel \u00e0s iniciativas que visem ao fortalecimento da Advocacia P\u00fablica Federal.<\/p>\r\n<p>Nesse sentido, o senador comprometeu-se a colaborar para assegurar que os honor\u00e1rios de sucumb\u00eancia sejam debatidos exaustivamente na Casa, inclusive, por meio de audi\u00eancia p\u00fablica. Ele \u00e9 membro da comiss\u00e3o especial constitu\u00edda no Senado Federal para analisar o projeto do novo CPC. O colegiado poder\u00e1 confirmar o texto aprovado na C\u00e2mara que prev\u00ea o pagamento de honor\u00e1rios aos advogados p\u00fablicos, nos termos do Art. 85.<\/p>\r\nATS\r\n<p>Outro assunto abordado com o senador foi a PEC 63\/2013, que institui a parcela indenizat\u00f3ria de valoriza\u00e7\u00e3o por tempo na Magistratura e Minist\u00e9rio P\u00fablico.<\/p>\r\n<p>O relat\u00f3rio do senador Vital do Rego (PMDB-PB) pode ser votado na reuni\u00e3o da Comiss\u00e3o de Constitui\u00e7\u00e3o, Justi\u00e7a e Cidadania (CCJ) na pr\u00f3xima quarta-feira (21).<\/p>\r\n<p>Pimentel manifestou-se favor\u00e1vel ao aprofundamento do debate para garantir uma solu\u00e7\u00e3o que valorize as Carreiras p\u00fablicas e seja boa para o Estado brasileiro.<\/p>","_links":{"self":[{"href":"https:\/\/sinprofaz.org.br\/2024\/wp-json\/wp\/v2\/posts\/1776"}],"collection":[{"href":"https:\/\/sinprofaz.org.br\/2024\/wp-json\/wp\/v2\/posts"}],"about":[{"href":"https:\/\/sinprofaz.org.br\/2024\/wp-json\/wp\/v2\/types\/post"}],"author":[{"embeddable":true,"href":"https:\/\/sinprofaz.org.br\/2024\/wp-json\/wp\/v2\/users\/1"}],"replies":[{"embeddable":true,"href":"https:\/\/sinprofaz.org.br\/2024\/wp-json\/wp\/v2\/comments?post=1776"}],"version-history":[{"count":0,"href":"https:\/\/sinprofaz.org.br\/2024\/wp-json\/wp\/v2\/posts\/1776\/revisions"}],"wp:attachment":[{"href":"https:\/\/sinprofaz.org.br\/2024\/wp-json\/wp\/v2\/media?parent=1776"}],"wp:term":[{"taxonomy":"category","embeddable":true,"href":"https:\/\/sinprofaz.org.br\/2024\/wp-json\/wp\/v2\/categories?post=1776"},{"taxonomy":"post_tag","embeddable":true,"href":"https:\/\/sinprofaz.org.br\/2024\/wp-json\/wp\/v2\/tags?post=1776"}],"curies":[{"name":"wp","href":"https:\/\/api.w.org\/{rel}","templated":true}]}}