{"id":1775,"date":"2014-05-19T18:22:35","date_gmt":"2014-05-19T18:22:35","guid":{"rendered":""},"modified":"-0001-11-30T00:00:00","modified_gmt":"-0001-11-30T03:00:00","slug":"ats-ccj-do-senado-voltara-a-discutir-pec-63-2013-na-proxima-quarta-21","status":"publish","type":"post","link":"https:\/\/sinprofaz.org.br\/2024\/noticias\/ats-ccj-do-senado-voltara-a-discutir-pec-63-2013-na-proxima-quarta-21\/","title":{"rendered":"ATS: CCJ do Senado voltar\u00e1 a discutir PEC 63\/2013 na pr\u00f3xima quarta (21)"},"content":{"rendered":"<p>A Comiss\u00e3o de Constitui\u00e7\u00e3o, Justi\u00e7a e Cidadania (CCJ) do Senado deve analisar a PEC 63\/2013, que institui a parcela indenizat\u00f3ria de valoriza\u00e7\u00e3o por tempo na Magistratura e Minist\u00e9rio P\u00fablico na reuni\u00e3o convocada para o dia 21\/05.<\/p>\n<p>Apesar de na reuni\u00e3o da semana passada o relator Vital do Rego (PMDM-PB) n\u00e3o ter acolhido a emenda do senador Rollemberg para estender o benef\u00edcio aos advogados p\u00fablicos, \u00e9 preciso manter a press\u00e3o porque novas emendas neste sentido ainda podem ser apresentadas at\u00e9 o encerramento da discuss\u00e3o na CCJ e tamb\u00e9m no prazo para apresenta\u00e7\u00e3o de emendas no plen\u00e1rio da Casa.<\/p>\n<p>A reuni\u00e3o ser\u00e1 na sala 3 da Ala Senador Alexandre Costa do Senado Federal.<\/p>\n","protected":false},"excerpt":{"rendered":"<p>SINPROFAZ convoca Carreira PFN a comparecer na comiss\u00e3o do Senado, a partir das 10h desta quarta-feira, quando poder\u00e1 ser votado o relat\u00f3rio de Vital do Rego.<\/p>\n","protected":false},"author":1,"featured_media":0,"comment_status":"closed","ping_status":"open","sticky":false,"template":"","format":"standard","meta":{"footnotes":""},"categories":[8],"tags":[],"featured_image_url":"https:\/\/dummyimage.com\/720x400","character_count":350,"formatted_date":"19\/05\/2014 - 18:22","contentNovo":"\r\n<p>A Comiss\u00e3o de Constitui\u00e7\u00e3o, Justi\u00e7a e Cidadania (CCJ) do Senado deve analisar a PEC 63\/2013, que institui a parcela indenizat\u00f3ria de valoriza\u00e7\u00e3o por tempo na Magistratura e Minist\u00e9rio P\u00fablico na reuni\u00e3o convocada para o dia 21\/05.<\/p>\r\n<p>Apesar de na reuni\u00e3o da semana passada o relator Vital do Rego (PMDM-PB) n\u00e3o ter acolhido a emenda do senador Rollemberg para estender o benef\u00edcio aos advogados p\u00fablicos, \u00e9 preciso manter a press\u00e3o porque novas emendas neste sentido ainda podem ser apresentadas at\u00e9 o encerramento da discuss\u00e3o na CCJ e tamb\u00e9m no prazo para apresenta\u00e7\u00e3o de emendas no plen\u00e1rio da Casa.<\/p>\r\n<p>A reuni\u00e3o ser\u00e1 na sala 3 da Ala Senador Alexandre Costa do Senado Federal.<\/p>","_links":{"self":[{"href":"https:\/\/sinprofaz.org.br\/2024\/wp-json\/wp\/v2\/posts\/1775"}],"collection":[{"href":"https:\/\/sinprofaz.org.br\/2024\/wp-json\/wp\/v2\/posts"}],"about":[{"href":"https:\/\/sinprofaz.org.br\/2024\/wp-json\/wp\/v2\/types\/post"}],"author":[{"embeddable":true,"href":"https:\/\/sinprofaz.org.br\/2024\/wp-json\/wp\/v2\/users\/1"}],"replies":[{"embeddable":true,"href":"https:\/\/sinprofaz.org.br\/2024\/wp-json\/wp\/v2\/comments?post=1775"}],"version-history":[{"count":0,"href":"https:\/\/sinprofaz.org.br\/2024\/wp-json\/wp\/v2\/posts\/1775\/revisions"}],"wp:attachment":[{"href":"https:\/\/sinprofaz.org.br\/2024\/wp-json\/wp\/v2\/media?parent=1775"}],"wp:term":[{"taxonomy":"category","embeddable":true,"href":"https:\/\/sinprofaz.org.br\/2024\/wp-json\/wp\/v2\/categories?post=1775"},{"taxonomy":"post_tag","embeddable":true,"href":"https:\/\/sinprofaz.org.br\/2024\/wp-json\/wp\/v2\/tags?post=1775"}],"curies":[{"name":"wp","href":"https:\/\/api.w.org\/{rel}","templated":true}]}}