{"id":17748,"date":"2024-03-06T08:45:48","date_gmt":"2024-03-06T11:45:48","guid":{"rendered":"http:\/\/www.sinprofaz.org.br\/?p=17748"},"modified":"2024-03-06T16:37:25","modified_gmt":"2024-03-06T19:37:25","slug":"sinprofaz-e-pfns-avaliam-possibilidade-de-ingresso-de-acao-coletiva","status":"publish","type":"post","link":"https:\/\/sinprofaz.org.br\/2024\/noticias\/sinprofaz-e-pfns-avaliam-possibilidade-de-ingresso-de-acao-coletiva\/","title":{"rendered":"SINPROFAZ E PFNS AVALIAM POSSIBILIDADE DE INGRESSO DE A\u00c7\u00c3O COLETIVA"},"content":{"rendered":"<p>O SINPROFAZ, representado pela presidente Iolanda Guindani e pelos diretores Roberto Rodrigues e Guilherme Rossini, juntamente com o advogado Hugo Mendes Plutarco, esteve reunido com filiadas e filiados. A reuni\u00e3o ocorreu na ter\u00e7a-feira (5) e possibilitou o debate a respeito do melhor momento para o ingresso de uma a\u00e7\u00e3o coletiva de interesse dos Colegas.<\/p>\n<p>Com a referida a\u00e7\u00e3o, o SINPROFAZ pretende impor, \u00e0 Administra\u00e7\u00e3o, o pagamento dos valores retroativos, relativos aos anos de 2020 e 2021, devidos \u00e0s procuradoras e aos procuradores da Fazenda Nacional promovidos no Concurso 2020.1. Entre os interessados, est\u00e3o Colegas que n\u00e3o receberam os valores e outros, ainda, que receberam, mas que aguardam a corre\u00e7\u00e3o monet\u00e1ria.<\/p>\n<p>Haja vista a possibilidade de que o pagamento conste na folha de abril e seja efetivado no m\u00eas de maio, SINPROFAZ e Colegas optaram por aguardar o desfecho da via administrativa. Se acaso o cr\u00e9dito n\u00e3o ocorrer nos pr\u00f3ximos dois meses, caber\u00e1 ao escrit\u00f3rio Mendes Plutarco o patroc\u00ednio da a\u00e7\u00e3o coletiva. O Sindicato agradece a ampla participa\u00e7\u00e3o dos Colegas na reuni\u00e3o e segue absolutamente atento ao caso!<\/p>\n\n\t\t<style type=\"text\/css\">\n\t\t\t#gallery-1 {\n\t\t\t\tmargin: auto;\n\t\t\t}\n\t\t\t#gallery-1 .gallery-item {\n\t\t\t\tfloat: left;\n\t\t\t\tmargin-top: 10px;\n\t\t\t\ttext-align: center;\n\t\t\t\twidth: 33%;\n\t\t\t}\n\t\t\t#gallery-1 img {\n\t\t\t\tborder: 2px solid #cfcfcf;\n\t\t\t}\n\t\t\t#gallery-1 .gallery-caption {\n\t\t\t\tmargin-left: 0;\n\t\t\t}\n\t\t\t\/* see gallery_shortcode() in wp-includes\/media.php *\/\n\t\t<\/style>\n\t\t<div id='gallery-1' class='gallery galleryid-17748 gallery-columns-3 gallery-size-thumbnail'><dl class='gallery-item'>\n\t\t\t<dt class='gallery-icon landscape'>\n\t\t\t\t<a href='https:\/\/sinprofaz.org.br\/2024\/wp-content\/uploads\/2024\/03\/2-1.png'><img loading=\"lazy\" decoding=\"async\" width=\"150\" height=\"150\" src=\"https:\/\/sinprofaz.org.br\/2024\/wp-content\/uploads\/2024\/03\/2-1-150x150.png\" class=\"attachment-thumbnail size-thumbnail\" alt=\"\" \/><\/a>\n\t\t\t<\/dt><\/dl><dl class='gallery-item'>\n\t\t\t<dt class='gallery-icon landscape'>\n\t\t\t\t<a href='https:\/\/sinprofaz.org.br\/2024\/wp-content\/uploads\/2024\/03\/3-1.png'><img loading=\"lazy\" decoding=\"async\" width=\"150\" height=\"150\" src=\"https:\/\/sinprofaz.org.br\/2024\/wp-content\/uploads\/2024\/03\/3-1-150x150.png\" class=\"attachment-thumbnail size-thumbnail\" alt=\"\" \/><\/a>\n\t\t\t<\/dt><\/dl><dl class='gallery-item'>\n\t\t\t<dt class='gallery-icon landscape'>\n\t\t\t\t<a href='https:\/\/sinprofaz.org.br\/2024\/wp-content\/uploads\/2024\/03\/4.png'><img loading=\"lazy\" decoding=\"async\" width=\"150\" height=\"150\" src=\"https:\/\/sinprofaz.org.br\/2024\/wp-content\/uploads\/2024\/03\/4-150x150.png\" class=\"attachment-thumbnail size-thumbnail\" alt=\"\" \/><\/a>\n\t\t\t<\/dt><\/dl><br style=\"clear: both\" \/><dl class='gallery-item'>\n\t\t\t<dt class='gallery-icon landscape'>\n\t\t\t\t<a href='https:\/\/sinprofaz.org.br\/2024\/wp-content\/uploads\/2024\/03\/5.png'><img loading=\"lazy\" decoding=\"async\" width=\"150\" height=\"150\" src=\"https:\/\/sinprofaz.org.br\/2024\/wp-content\/uploads\/2024\/03\/5-150x150.png\" class=\"attachment-thumbnail size-thumbnail\" alt=\"\" \/><\/a>\n\t\t\t<\/dt><\/dl><dl class='gallery-item'>\n\t\t\t<dt class='gallery-icon landscape'>\n\t\t\t\t<a href='https:\/\/sinprofaz.org.br\/2024\/wp-content\/uploads\/2024\/03\/6.png'><img loading=\"lazy\" decoding=\"async\" width=\"150\" height=\"150\" src=\"https:\/\/sinprofaz.org.br\/2024\/wp-content\/uploads\/2024\/03\/6-150x150.png\" class=\"attachment-thumbnail size-thumbnail\" alt=\"\" \/><\/a>\n\t\t\t<\/dt><\/dl><dl class='gallery-item'>\n\t\t\t<dt class='gallery-icon landscape'>\n\t\t\t\t<a href='https:\/\/sinprofaz.org.br\/2024\/wp-content\/uploads\/2024\/03\/7.png'><img loading=\"lazy\" decoding=\"async\" width=\"150\" height=\"150\" src=\"https:\/\/sinprofaz.org.br\/2024\/wp-content\/uploads\/2024\/03\/7-150x150.png\" class=\"attachment-thumbnail size-thumbnail\" alt=\"\" \/><\/a>\n\t\t\t<\/dt><\/dl><br style=\"clear: both\" \/>\n\t\t<\/div>\n\n","protected":false},"excerpt":{"rendered":"<p>A presidente Iolanda Guindani e os diretores Roberto Rodrigues e Guilherme Rossini, juntamente com o advogado Hugo Plutarco, estiveram reunidos com filiadas e filiados para debater a respeito do melhor momento para o ingresso de uma a\u00e7\u00e3o coletiva de interesse dos Colegas.<\/p>\n","protected":false},"author":2,"featured_media":17741,"comment_status":"open","ping_status":"open","sticky":false,"template":"","format":"standard","meta":{"footnotes":""},"categories":[8],"tags":[32,26,25],"featured_image_url":"https:\/\/sinprofaz.org.br\/2024\/wp-content\/uploads\/2024\/03\/1-2.png","character_count":788,"formatted_date":"06\/03\/2024 - 08:45","contentNovo":"O SINPROFAZ, representado pela presidente Iolanda Guindani e pelos diretores Roberto Rodrigues e Guilherme Rossini, juntamente com o advogado Hugo Mendes Plutarco, esteve reunido com filiadas e filiados. A reuni\u00e3o ocorreu na ter\u00e7a-feira (5) e possibilitou o debate a respeito do melhor momento para o ingresso de uma a\u00e7\u00e3o coletiva de interesse dos Colegas.\r\n\r\nCom a referida a\u00e7\u00e3o, o SINPROFAZ pretende impor, \u00e0 Administra\u00e7\u00e3o, o pagamento dos valores retroativos, relativos aos anos de 2020 e 2021, devidos \u00e0s procuradoras e aos procuradores da Fazenda Nacional promovidos no Concurso 2020.1. Entre os interessados, est\u00e3o Colegas que n\u00e3o receberam os valores e outros, ainda, que receberam, mas que aguardam a corre\u00e7\u00e3o monet\u00e1ria.\r\n\r\nHaja vista a possibilidade de que o pagamento conste na folha de abril e seja efetivado no m\u00eas de maio, SINPROFAZ e Colegas optaram por aguardar o desfecho da via administrativa. Se acaso o cr\u00e9dito n\u00e3o ocorrer nos pr\u00f3ximos dois meses, caber\u00e1 ao escrit\u00f3rio Mendes Plutarco o patroc\u00ednio da a\u00e7\u00e3o coletiva. O Sindicato agradece a ampla participa\u00e7\u00e3o dos Colegas na reuni\u00e3o e segue absolutamente atento ao caso!\r\n\r\n[gallery link=\"file\" ids=\"17742,17743,17744,17745,17746,17747\"]","_links":{"self":[{"href":"https:\/\/sinprofaz.org.br\/2024\/wp-json\/wp\/v2\/posts\/17748"}],"collection":[{"href":"https:\/\/sinprofaz.org.br\/2024\/wp-json\/wp\/v2\/posts"}],"about":[{"href":"https:\/\/sinprofaz.org.br\/2024\/wp-json\/wp\/v2\/types\/post"}],"author":[{"embeddable":true,"href":"https:\/\/sinprofaz.org.br\/2024\/wp-json\/wp\/v2\/users\/2"}],"replies":[{"embeddable":true,"href":"https:\/\/sinprofaz.org.br\/2024\/wp-json\/wp\/v2\/comments?post=17748"}],"version-history":[{"count":2,"href":"https:\/\/sinprofaz.org.br\/2024\/wp-json\/wp\/v2\/posts\/17748\/revisions"}],"predecessor-version":[{"id":17758,"href":"https:\/\/sinprofaz.org.br\/2024\/wp-json\/wp\/v2\/posts\/17748\/revisions\/17758"}],"wp:featuredmedia":[{"embeddable":true,"href":"https:\/\/sinprofaz.org.br\/2024\/wp-json\/wp\/v2\/media\/17741"}],"wp:attachment":[{"href":"https:\/\/sinprofaz.org.br\/2024\/wp-json\/wp\/v2\/media?parent=17748"}],"wp:term":[{"taxonomy":"category","embeddable":true,"href":"https:\/\/sinprofaz.org.br\/2024\/wp-json\/wp\/v2\/categories?post=17748"},{"taxonomy":"post_tag","embeddable":true,"href":"https:\/\/sinprofaz.org.br\/2024\/wp-json\/wp\/v2\/tags?post=17748"}],"curies":[{"name":"wp","href":"https:\/\/api.w.org\/{rel}","templated":true}]}}