{"id":17733,"date":"2024-03-05T08:24:51","date_gmt":"2024-03-05T11:24:51","guid":{"rendered":"http:\/\/www.sinprofaz.org.br\/?p=17733"},"modified":"2024-03-05T08:24:51","modified_gmt":"2024-03-05T11:24:51","slug":"presidente-do-sinprofaz-e-recebida-por-jorge-messias-advogado-geral-da-uniao","status":"publish","type":"post","link":"https:\/\/sinprofaz.org.br\/2024\/noticias\/presidente-do-sinprofaz-e-recebida-por-jorge-messias-advogado-geral-da-uniao\/","title":{"rendered":"PRESIDENTE DO SINPROFAZ \u00c9 RECEBIDA POR JORGE MESSIAS, ADVOGADO-GERAL DA UNI\u00c3O"},"content":{"rendered":"<p>A presidente do SINPROFAZ, Iolanda Guindani, representou o Sindicato em reuni\u00e3o na segunda-feira (4) com o advogado-geral da Uni\u00e3o, Jorge Messias. O encontro foi reivindicado conjuntamente pelas entidades do F\u00f3rum Nacional da Advocacia P\u00fablica Federal &#8211; isto \u00e9, SINPROFAZ, ANAJUR, ANAUNI e ANPPREV &#8211; e possibilitou o debate a respeito dos principais pleitos das carreiras. O vice-AGU, Fl\u00e1vio Roman, tamb\u00e9m esteve presente na reuni\u00e3o, que ocorreu na sede da Advocacia-Geral da Uni\u00e3o, em Bras\u00edlia\/DF.<\/p>\n<p>Para iniciar os debates, Iolanda Guindani abordou o tema do subs\u00eddio dos advogados p\u00fablicos federais, ocasi\u00e3o em que apresentou um panorama da discrep\u00e2ncia remunerat\u00f3ria e de prerrogativas observada entre as carreiras que exercem Fun\u00e7\u00f5es Essenciais \u00e0 Justi\u00e7a. \u00c0 medida que demonstrou as disparidades existentes, questionou o AGU a respeito da dificuldade para o pagamento das verbas indenizat\u00f3rias devidas aos Membros da Institui\u00e7\u00e3o. Para o SINPROFAZ e as demais entidades, o fundo privado da Advocacia P\u00fablica Federal h\u00e1 muito deveria estar sendo utilizado para tais pagamentos.<\/p>\n<p>Os dirigentes sindicais pautaram, ent\u00e3o, o tema da advocacia plena e da autonomia da AGU. Segundo Iolanda Guindani, a Advocacia P\u00fablica deve ser revestida de prerrogativas equivalentes \u00e0quelas de que gozam as demais Fun\u00e7\u00f5es do Sistema de Justi\u00e7a. Deve, ademais, ser consagrada e protegida em sua miss\u00e3o constitucional. &#8220;A retomada dos trabalhos pela aprova\u00e7\u00e3o da PEC 82\/2007 e por avan\u00e7os relacionados \u00e0 advocacia plena se insere nesse contexto de atua\u00e7\u00e3o persistente com vistas ao aprimoramento da AGU e \u00e0 valoriza\u00e7\u00e3o dos Membros&#8221;, afirmou a presidente do SINPROFAZ.<\/p>\n<p>Ciente das solicita\u00e7\u00f5es, o advogado-geral da Uni\u00e3o respondeu aos questionamentos. De acordo com Jorge Messias, temas como o aumento do subs\u00eddio, a autonomia e a advocacia plena devem ser discutidos em uma mesa de negocia\u00e7\u00e3o, com o Minist\u00e9rio da Gest\u00e3o e da Inova\u00e7\u00e3o em Servi\u00e7os P\u00fablicos, exclusiva para as carreiras da AGU. A instala\u00e7\u00e3o da mesa \u00e9 uma promessa do MGI e ser\u00e1 cobrada pelo FORVM. Quanto \u00e0s verbas indenizat\u00f3rias, Jorge Messias afirmou ser favor\u00e1vel a todas. Para que a viabilidade delas seja agora analisada, o FORVM solicitar\u00e1 ao CCHA que requeira formalmente, junto \u00e0 AGU, pareceres t\u00e9cnicos espec\u00edficos para cada uma das verbas.<\/p>\n\n\t\t<style type=\"text\/css\">\n\t\t\t#gallery-1 {\n\t\t\t\tmargin: auto;\n\t\t\t}\n\t\t\t#gallery-1 .gallery-item {\n\t\t\t\tfloat: left;\n\t\t\t\tmargin-top: 10px;\n\t\t\t\ttext-align: center;\n\t\t\t\twidth: 33%;\n\t\t\t}\n\t\t\t#gallery-1 img {\n\t\t\t\tborder: 2px solid #cfcfcf;\n\t\t\t}\n\t\t\t#gallery-1 .gallery-caption {\n\t\t\t\tmargin-left: 0;\n\t\t\t}\n\t\t\t\/* see gallery_shortcode() in wp-includes\/media.php *\/\n\t\t<\/style>\n\t\t<div id='gallery-1' class='gallery galleryid-17733 gallery-columns-3 gallery-size-thumbnail'><dl class='gallery-item'>\n\t\t\t<dt class='gallery-icon landscape'>\n\t\t\t\t<a href='https:\/\/sinprofaz.org.br\/2024\/wp-content\/uploads\/2024\/03\/Messias-2.png'><img loading=\"lazy\" decoding=\"async\" width=\"150\" height=\"150\" src=\"https:\/\/sinprofaz.org.br\/2024\/wp-content\/uploads\/2024\/03\/Messias-2-150x150.png\" class=\"attachment-thumbnail size-thumbnail\" alt=\"\" \/><\/a>\n\t\t\t<\/dt><\/dl><dl class='gallery-item'>\n\t\t\t<dt class='gallery-icon landscape'>\n\t\t\t\t<a href='https:\/\/sinprofaz.org.br\/2024\/wp-content\/uploads\/2024\/03\/Messias-3.png'><img loading=\"lazy\" decoding=\"async\" width=\"150\" height=\"150\" src=\"https:\/\/sinprofaz.org.br\/2024\/wp-content\/uploads\/2024\/03\/Messias-3-150x150.png\" class=\"attachment-thumbnail size-thumbnail\" alt=\"\" \/><\/a>\n\t\t\t<\/dt><\/dl><dl class='gallery-item'>\n\t\t\t<dt class='gallery-icon landscape'>\n\t\t\t\t<a href='https:\/\/sinprofaz.org.br\/2024\/wp-content\/uploads\/2024\/03\/Messias-4.png'><img loading=\"lazy\" decoding=\"async\" width=\"150\" height=\"150\" src=\"https:\/\/sinprofaz.org.br\/2024\/wp-content\/uploads\/2024\/03\/Messias-4-150x150.png\" class=\"attachment-thumbnail size-thumbnail\" alt=\"\" \/><\/a>\n\t\t\t<\/dt><\/dl><br style=\"clear: both\" \/>\n\t\t<\/div>\n\n","protected":false},"excerpt":{"rendered":"<p>A presidente do SINPROFAZ, Iolanda Guindani, representou o Sindicato em reuni\u00e3o com o advogado-geral da Uni\u00e3o, Jorge Messias. O encontro foi reivindicado conjuntamente pelas entidades do F\u00f3rum Nacional da Advocacia P\u00fablica Federal.<\/p>\n","protected":false},"author":2,"featured_media":17729,"comment_status":"open","ping_status":"open","sticky":false,"template":"","format":"standard","meta":{"footnotes":""},"categories":[8],"tags":[43,137,25],"featured_image_url":"https:\/\/sinprofaz.org.br\/2024\/wp-content\/uploads\/2024\/03\/Messias-1.png","character_count":1380,"formatted_date":"05\/03\/2024 - 08:24","contentNovo":"A presidente do SINPROFAZ, Iolanda Guindani, representou o Sindicato em reuni\u00e3o na segunda-feira (4) com o advogado-geral da Uni\u00e3o, Jorge Messias. O encontro foi reivindicado conjuntamente pelas entidades do F\u00f3rum Nacional da Advocacia P\u00fablica Federal - isto \u00e9, SINPROFAZ, ANAJUR, ANAUNI e ANPPREV - e possibilitou o debate a respeito dos principais pleitos das carreiras. O vice-AGU, Fl\u00e1vio Roman, tamb\u00e9m esteve presente na reuni\u00e3o, que ocorreu na sede da Advocacia-Geral da Uni\u00e3o, em Bras\u00edlia\/DF.\r\n\r\nPara iniciar os debates, Iolanda Guindani abordou o tema do subs\u00eddio dos advogados p\u00fablicos federais, ocasi\u00e3o em que apresentou um panorama da discrep\u00e2ncia remunerat\u00f3ria e de prerrogativas observada entre as carreiras que exercem Fun\u00e7\u00f5es Essenciais \u00e0 Justi\u00e7a. \u00c0 medida que demonstrou as disparidades existentes, questionou o AGU a respeito da dificuldade para o pagamento das verbas indenizat\u00f3rias devidas aos Membros da Institui\u00e7\u00e3o. Para o SINPROFAZ e as demais entidades, o fundo privado da Advocacia P\u00fablica Federal h\u00e1 muito deveria estar sendo utilizado para tais pagamentos.\r\n\r\nOs dirigentes sindicais pautaram, ent\u00e3o, o tema da advocacia plena e da autonomia da AGU. Segundo Iolanda Guindani, a Advocacia P\u00fablica deve ser revestida de prerrogativas equivalentes \u00e0quelas de que gozam as demais Fun\u00e7\u00f5es do Sistema de Justi\u00e7a. Deve, ademais, ser consagrada e protegida em sua miss\u00e3o constitucional. \"A retomada dos trabalhos pela aprova\u00e7\u00e3o da PEC 82\/2007 e por avan\u00e7os relacionados \u00e0 advocacia plena se insere nesse contexto de atua\u00e7\u00e3o persistente com vistas ao aprimoramento da AGU e \u00e0 valoriza\u00e7\u00e3o dos Membros\", afirmou a presidente do SINPROFAZ.\r\n\r\nCiente das solicita\u00e7\u00f5es, o advogado-geral da Uni\u00e3o respondeu aos questionamentos. De acordo com Jorge Messias, temas como o aumento do subs\u00eddio, a autonomia e a advocacia plena devem ser discutidos em uma mesa de negocia\u00e7\u00e3o, com o Minist\u00e9rio da Gest\u00e3o e da Inova\u00e7\u00e3o em Servi\u00e7os P\u00fablicos, exclusiva para as carreiras da AGU. A instala\u00e7\u00e3o da mesa \u00e9 uma promessa do MGI e ser\u00e1 cobrada pelo FORVM. Quanto \u00e0s verbas indenizat\u00f3rias, Jorge Messias afirmou ser favor\u00e1vel a todas. Para que a viabilidade delas seja agora analisada, o FORVM solicitar\u00e1 ao CCHA que requeira formalmente, junto \u00e0 AGU, pareceres t\u00e9cnicos espec\u00edficos para cada uma das verbas.\r\n\r\n[gallery link=\"file\" ids=\"17730,17731,17732\"]","_links":{"self":[{"href":"https:\/\/sinprofaz.org.br\/2024\/wp-json\/wp\/v2\/posts\/17733"}],"collection":[{"href":"https:\/\/sinprofaz.org.br\/2024\/wp-json\/wp\/v2\/posts"}],"about":[{"href":"https:\/\/sinprofaz.org.br\/2024\/wp-json\/wp\/v2\/types\/post"}],"author":[{"embeddable":true,"href":"https:\/\/sinprofaz.org.br\/2024\/wp-json\/wp\/v2\/users\/2"}],"replies":[{"embeddable":true,"href":"https:\/\/sinprofaz.org.br\/2024\/wp-json\/wp\/v2\/comments?post=17733"}],"version-history":[{"count":1,"href":"https:\/\/sinprofaz.org.br\/2024\/wp-json\/wp\/v2\/posts\/17733\/revisions"}],"predecessor-version":[{"id":17734,"href":"https:\/\/sinprofaz.org.br\/2024\/wp-json\/wp\/v2\/posts\/17733\/revisions\/17734"}],"wp:featuredmedia":[{"embeddable":true,"href":"https:\/\/sinprofaz.org.br\/2024\/wp-json\/wp\/v2\/media\/17729"}],"wp:attachment":[{"href":"https:\/\/sinprofaz.org.br\/2024\/wp-json\/wp\/v2\/media?parent=17733"}],"wp:term":[{"taxonomy":"category","embeddable":true,"href":"https:\/\/sinprofaz.org.br\/2024\/wp-json\/wp\/v2\/categories?post=17733"},{"taxonomy":"post_tag","embeddable":true,"href":"https:\/\/sinprofaz.org.br\/2024\/wp-json\/wp\/v2\/tags?post=17733"}],"curies":[{"name":"wp","href":"https:\/\/api.w.org\/{rel}","templated":true}]}}