{"id":17720,"date":"2024-03-01T14:30:27","date_gmt":"2024-03-01T17:30:27","guid":{"rendered":"http:\/\/www.sinprofaz.org.br\/?p=17720"},"modified":"2024-03-01T14:30:27","modified_gmt":"2024-03-01T17:30:27","slug":"sinprofaz-e-anfip-debatem-parceria-para-promocao-da-justica-fiscal","status":"publish","type":"post","link":"https:\/\/sinprofaz.org.br\/2024\/noticias\/sinprofaz-e-anfip-debatem-parceria-para-promocao-da-justica-fiscal\/","title":{"rendered":"SINPROFAZ E ANFIP DEBATEM PARCERIA PARA PROMO\u00c7\u00c3O DA JUSTI\u00c7A FISCAL"},"content":{"rendered":"<p>A presidente do SINPROFAZ, Iolanda Guindani, e o vice-presidente, Ricardo Queiroz, acompanhados do advogado Hugo Plutarco, se reuniram com representantes da ANFIP. Do encontro, promovido na ter\u00e7a-feira (27), participaram o vice-presidente Executivo da Associa\u00e7\u00e3o, Gilberto Pereira, e o presidente da Funda\u00e7\u00e3o ANFIP, Vanderley Ma\u00e7aneiro.<\/p>\n<p>Ao longo da reuni\u00e3o, os dirigentes sindicais e associativos discutiram a possibilidade de uma coopera\u00e7\u00e3o entre as entidades em quest\u00f5es que envolvem a defesa dos interesses fiscais do Estado, bem como o combate \u00e0 sonega\u00e7\u00e3o e a promo\u00e7\u00e3o da justi\u00e7a fiscal. Novas reuni\u00f5es para alinhamento de estrat\u00e9gias conjuntas devem ser realizadas em breve.<\/p>\n\n\t\t<style type=\"text\/css\">\n\t\t\t#gallery-1 {\n\t\t\t\tmargin: auto;\n\t\t\t}\n\t\t\t#gallery-1 .gallery-item {\n\t\t\t\tfloat: left;\n\t\t\t\tmargin-top: 10px;\n\t\t\t\ttext-align: center;\n\t\t\t\twidth: 33%;\n\t\t\t}\n\t\t\t#gallery-1 img {\n\t\t\t\tborder: 2px solid #cfcfcf;\n\t\t\t}\n\t\t\t#gallery-1 .gallery-caption {\n\t\t\t\tmargin-left: 0;\n\t\t\t}\n\t\t\t\/* see gallery_shortcode() in wp-includes\/media.php *\/\n\t\t<\/style>\n\t\t<div id='gallery-1' class='gallery galleryid-17720 gallery-columns-3 gallery-size-thumbnail'><dl class='gallery-item'>\n\t\t\t<dt class='gallery-icon landscape'>\n\t\t\t\t<a href='https:\/\/sinprofaz.org.br\/2024\/wp-content\/uploads\/2024\/03\/2.png'><img loading=\"lazy\" decoding=\"async\" width=\"150\" height=\"150\" src=\"https:\/\/sinprofaz.org.br\/2024\/wp-content\/uploads\/2024\/03\/2-150x150.png\" class=\"attachment-thumbnail size-thumbnail\" alt=\"\" \/><\/a>\n\t\t\t<\/dt><\/dl><dl class='gallery-item'>\n\t\t\t<dt class='gallery-icon landscape'>\n\t\t\t\t<a href='https:\/\/sinprofaz.org.br\/2024\/wp-content\/uploads\/2024\/03\/3.png'><img loading=\"lazy\" decoding=\"async\" width=\"150\" height=\"150\" src=\"https:\/\/sinprofaz.org.br\/2024\/wp-content\/uploads\/2024\/03\/3-150x150.png\" class=\"attachment-thumbnail size-thumbnail\" alt=\"\" \/><\/a>\n\t\t\t<\/dt><\/dl>\n\t\t\t<br style='clear: both' \/>\n\t\t<\/div>\n\n","protected":false},"excerpt":{"rendered":"<p>Na oportunidade, os dirigentes sindicais e associativos discutiram a possibilidade de uma coopera\u00e7\u00e3o entre as entidades em quest\u00f5es que envolvem a defesa dos interesses fiscais do Estado, bem como o combate \u00e0 sonega\u00e7\u00e3o e a promo\u00e7\u00e3o da justi\u00e7a fiscal. <\/p>\n","protected":false},"author":2,"featured_media":17717,"comment_status":"open","ping_status":"open","sticky":false,"template":"","format":"standard","meta":{"footnotes":""},"categories":[8],"tags":[23,95,25],"featured_image_url":"https:\/\/sinprofaz.org.br\/2024\/wp-content\/uploads\/2024\/03\/1.png","character_count":534,"formatted_date":"01\/03\/2024 - 14:30","contentNovo":"A presidente do SINPROFAZ, Iolanda Guindani, e o vice-presidente, Ricardo Queiroz, acompanhados do advogado Hugo Plutarco, se reuniram com representantes da ANFIP. Do encontro, promovido na ter\u00e7a-feira (27), participaram o vice-presidente Executivo da Associa\u00e7\u00e3o, Gilberto Pereira, e o presidente da Funda\u00e7\u00e3o ANFIP, Vanderley Ma\u00e7aneiro.\r\n\r\nAo longo da reuni\u00e3o, os dirigentes sindicais e associativos discutiram a possibilidade de uma coopera\u00e7\u00e3o entre as entidades em quest\u00f5es que envolvem a defesa dos interesses fiscais do Estado, bem como o combate \u00e0 sonega\u00e7\u00e3o e a promo\u00e7\u00e3o da justi\u00e7a fiscal. Novas reuni\u00f5es para alinhamento de estrat\u00e9gias conjuntas devem ser realizadas em breve.\r\n\r\n[gallery link=\"file\" ids=\"17718,17719\"]","_links":{"self":[{"href":"https:\/\/sinprofaz.org.br\/2024\/wp-json\/wp\/v2\/posts\/17720"}],"collection":[{"href":"https:\/\/sinprofaz.org.br\/2024\/wp-json\/wp\/v2\/posts"}],"about":[{"href":"https:\/\/sinprofaz.org.br\/2024\/wp-json\/wp\/v2\/types\/post"}],"author":[{"embeddable":true,"href":"https:\/\/sinprofaz.org.br\/2024\/wp-json\/wp\/v2\/users\/2"}],"replies":[{"embeddable":true,"href":"https:\/\/sinprofaz.org.br\/2024\/wp-json\/wp\/v2\/comments?post=17720"}],"version-history":[{"count":1,"href":"https:\/\/sinprofaz.org.br\/2024\/wp-json\/wp\/v2\/posts\/17720\/revisions"}],"predecessor-version":[{"id":17721,"href":"https:\/\/sinprofaz.org.br\/2024\/wp-json\/wp\/v2\/posts\/17720\/revisions\/17721"}],"wp:featuredmedia":[{"embeddable":true,"href":"https:\/\/sinprofaz.org.br\/2024\/wp-json\/wp\/v2\/media\/17717"}],"wp:attachment":[{"href":"https:\/\/sinprofaz.org.br\/2024\/wp-json\/wp\/v2\/media?parent=17720"}],"wp:term":[{"taxonomy":"category","embeddable":true,"href":"https:\/\/sinprofaz.org.br\/2024\/wp-json\/wp\/v2\/categories?post=17720"},{"taxonomy":"post_tag","embeddable":true,"href":"https:\/\/sinprofaz.org.br\/2024\/wp-json\/wp\/v2\/tags?post=17720"}],"curies":[{"name":"wp","href":"https:\/\/api.w.org\/{rel}","templated":true}]}}