{"id":1770,"date":"2014-05-14T18:31:27","date_gmt":"2014-05-14T18:31:27","guid":{"rendered":""},"modified":"-0001-11-30T00:00:00","modified_gmt":"-0001-11-30T03:00:00","slug":"honorarios-senador-magno-malta-e-favoravel-ao-pleito-da-advocacia-publica-federal","status":"publish","type":"post","link":"https:\/\/sinprofaz.org.br\/2024\/noticias\/honorarios-senador-magno-malta-e-favoravel-ao-pleito-da-advocacia-publica-federal\/","title":{"rendered":"Honor\u00e1rios: senador Magno Malta \u00e9 favor\u00e1vel ao pleito da Advocacia P\u00fablica Federal"},"content":{"rendered":"<p><img loading=\"lazy\" decoding=\"async\" style=\"margin-right: 10px; float: left;\" alt=\"\" src=\"images\/noticias\/senador-magno-malta-favoravel-pleito-advocacia.jpg\" height=\"150\" width=\"200\" \/>Em conversa com lideran\u00e7as do Movimento Pr\u00f3-Honor\u00e1rios, senador Magno Malta (PR-ES) acolheu com simpatia a reivindica\u00e7\u00e3o da Carreiras para que o Senado confirme o texto aprovado na C\u00e2mara.<\/p>\n<p>Depois de ouvir os argumentos do presidente do SINPROFAZ, Her\u00e1clio Camargo, e outras lideran\u00e7as associativas da Advocacia P\u00fablica, o senador foi muito receptivo \u00e0 causa, comprometendo-se a apoiar a manuten\u00e7\u00e3o no Senado do Art. 85 no texto do novo CPC, de modo a a assegurar destina\u00e7\u00e3o dos honor\u00e1rios sucumbenciais aos advogados p\u00fablicos nas causas em que a Uni\u00e3o seja parte.<\/p>\n","protected":false},"excerpt":{"rendered":"<p>Em conversa com lideran\u00e7as do Movimento Pr\u00f3-Honor\u00e1rios, senador Magno Malta (PR-ES) acolheu com simpatia a reivindica\u00e7\u00e3o da Carreiras para que o Senado confirme o texto aprovado na C\u00e2mara.<\/p>\n","protected":false},"author":1,"featured_media":0,"comment_status":"closed","ping_status":"open","sticky":false,"template":"","format":"standard","meta":{"footnotes":""},"categories":[8],"tags":[],"featured_image_url":"https:\/\/dummyimage.com\/720x400","character_count":291,"formatted_date":"14\/05\/2014 - 18:31","contentNovo":"\r\n<p>Em conversa com lideran\u00e7as do Movimento Pr\u00f3-Honor\u00e1rios, senador Magno Malta (PR-ES) acolheu com simpatia a reivindica\u00e7\u00e3o da Carreiras para que o Senado confirme o texto aprovado na C\u00e2mara.<\/p>\r\n<p>Depois de ouvir os argumentos do presidente do SINPROFAZ, Her\u00e1clio Camargo, e outras lideran\u00e7as associativas da Advocacia P\u00fablica, o senador foi muito receptivo \u00e0 causa, comprometendo-se a apoiar a manuten\u00e7\u00e3o no Senado do Art. 85 no texto do novo CPC, de modo a a assegurar destina\u00e7\u00e3o dos honor\u00e1rios sucumbenciais aos advogados p\u00fablicos nas causas em que a Uni\u00e3o seja parte.<\/p>","_links":{"self":[{"href":"https:\/\/sinprofaz.org.br\/2024\/wp-json\/wp\/v2\/posts\/1770"}],"collection":[{"href":"https:\/\/sinprofaz.org.br\/2024\/wp-json\/wp\/v2\/posts"}],"about":[{"href":"https:\/\/sinprofaz.org.br\/2024\/wp-json\/wp\/v2\/types\/post"}],"author":[{"embeddable":true,"href":"https:\/\/sinprofaz.org.br\/2024\/wp-json\/wp\/v2\/users\/1"}],"replies":[{"embeddable":true,"href":"https:\/\/sinprofaz.org.br\/2024\/wp-json\/wp\/v2\/comments?post=1770"}],"version-history":[{"count":0,"href":"https:\/\/sinprofaz.org.br\/2024\/wp-json\/wp\/v2\/posts\/1770\/revisions"}],"wp:attachment":[{"href":"https:\/\/sinprofaz.org.br\/2024\/wp-json\/wp\/v2\/media?parent=1770"}],"wp:term":[{"taxonomy":"category","embeddable":true,"href":"https:\/\/sinprofaz.org.br\/2024\/wp-json\/wp\/v2\/categories?post=1770"},{"taxonomy":"post_tag","embeddable":true,"href":"https:\/\/sinprofaz.org.br\/2024\/wp-json\/wp\/v2\/tags?post=1770"}],"curies":[{"name":"wp","href":"https:\/\/api.w.org\/{rel}","templated":true}]}}