{"id":17698,"date":"2024-02-29T14:00:55","date_gmt":"2024-02-29T17:00:55","guid":{"rendered":"http:\/\/www.sinprofaz.org.br\/?p=17698"},"modified":"2024-03-01T16:49:30","modified_gmt":"2024-03-01T19:49:30","slug":"aprovados-no-concurso-para-a-carreira-visitam-a-prfn-3","status":"publish","type":"post","link":"https:\/\/sinprofaz.org.br\/2024\/noticias\/aprovados-no-concurso-para-a-carreira-visitam-a-prfn-3\/","title":{"rendered":"APROVADOS NO CONCURSO PARA A CARREIRA VISITAM A PRFN 3"},"content":{"rendered":"<p>Futuros Membros\u00a0conheceram a sede da PRFN da 3\u00aa Regi\u00e3o. Na oportunidade, aprovadas e aprovados no concurso para a Carreira foram recepcionados pela procuradora-regional, Mariana Vieira; pelo procurador-regional substituto, James Siqueira; pelo coordenador regional, Jo\u00e3o Guilherme Muniz; pela procuradora-chefe da DICAD, Carolina Zancaner; pelo procurador-chefe da DIGAB, Wellington Viturino; e pela diretora regional do CEAE, Fernanda Vilares.<\/p>\n<p>O diretor Guilherme Rossini Martins representou o SINPROFAZ na ocasi\u00e3o da visita, que ocorreu\u00a0na ter\u00e7a-feira (27). Em aten\u00e7\u00e3o aos futuros procuradores e procuradoras da Fazenda Nacional, os representantes do Sindicato e da Administra\u00e7\u00e3o sanaram d\u00favidas em rela\u00e7\u00e3o a temas espec\u00edficos da Regional, como a organiza\u00e7\u00e3o e a divis\u00e3o de atribui\u00e7\u00f5es. Assuntos relativos \u00e0 PGFN como um todo &#8211; a exemplo das lota\u00e7\u00f5es e das compet\u00eancias da Carreira &#8211; tamb\u00e9m foram abordados durante o encontro.<\/p>\n\n\t\t<style type=\"text\/css\">\n\t\t\t#gallery-1 {\n\t\t\t\tmargin: auto;\n\t\t\t}\n\t\t\t#gallery-1 .gallery-item {\n\t\t\t\tfloat: left;\n\t\t\t\tmargin-top: 10px;\n\t\t\t\ttext-align: center;\n\t\t\t\twidth: 33%;\n\t\t\t}\n\t\t\t#gallery-1 img {\n\t\t\t\tborder: 2px solid #cfcfcf;\n\t\t\t}\n\t\t\t#gallery-1 .gallery-caption {\n\t\t\t\tmargin-left: 0;\n\t\t\t}\n\t\t\t\/* see gallery_shortcode() in wp-includes\/media.php *\/\n\t\t<\/style>\n\t\t<div id='gallery-1' class='gallery galleryid-17698 gallery-columns-3 gallery-size-thumbnail'><dl class='gallery-item'>\n\t\t\t<dt class='gallery-icon landscape'>\n\t\t\t\t<a href='https:\/\/sinprofaz.org.br\/2024\/wp-content\/uploads\/2024\/02\/2-7.png'><img loading=\"lazy\" decoding=\"async\" width=\"150\" height=\"150\" src=\"https:\/\/sinprofaz.org.br\/2024\/wp-content\/uploads\/2024\/02\/2-7-150x150.png\" class=\"attachment-thumbnail size-thumbnail\" alt=\"\" \/><\/a>\n\t\t\t<\/dt><\/dl><dl class='gallery-item'>\n\t\t\t<dt class='gallery-icon landscape'>\n\t\t\t\t<a href='https:\/\/sinprofaz.org.br\/2024\/wp-content\/uploads\/2024\/02\/3-3.png'><img loading=\"lazy\" decoding=\"async\" width=\"150\" height=\"150\" src=\"https:\/\/sinprofaz.org.br\/2024\/wp-content\/uploads\/2024\/02\/3-3-150x150.png\" class=\"attachment-thumbnail size-thumbnail\" alt=\"\" \/><\/a>\n\t\t\t<\/dt><\/dl><dl class='gallery-item'>\n\t\t\t<dt class='gallery-icon landscape'>\n\t\t\t\t<a href='https:\/\/sinprofaz.org.br\/2024\/wp-content\/uploads\/2024\/02\/4-3.png'><img loading=\"lazy\" decoding=\"async\" width=\"150\" height=\"150\" src=\"https:\/\/sinprofaz.org.br\/2024\/wp-content\/uploads\/2024\/02\/4-3-150x150.png\" class=\"attachment-thumbnail size-thumbnail\" alt=\"\" \/><\/a>\n\t\t\t<\/dt><\/dl><br style=\"clear: both\" \/><dl class='gallery-item'>\n\t\t\t<dt class='gallery-icon landscape'>\n\t\t\t\t<a href='https:\/\/sinprofaz.org.br\/2024\/wp-content\/uploads\/2024\/02\/5-2.png'><img loading=\"lazy\" decoding=\"async\" width=\"150\" height=\"150\" src=\"https:\/\/sinprofaz.org.br\/2024\/wp-content\/uploads\/2024\/02\/5-2-150x150.png\" class=\"attachment-thumbnail size-thumbnail\" alt=\"\" \/><\/a>\n\t\t\t<\/dt><\/dl><dl class='gallery-item'>\n\t\t\t<dt class='gallery-icon landscape'>\n\t\t\t\t<a href='https:\/\/sinprofaz.org.br\/2024\/wp-content\/uploads\/2024\/02\/6-2.png'><img loading=\"lazy\" decoding=\"async\" width=\"150\" height=\"150\" src=\"https:\/\/sinprofaz.org.br\/2024\/wp-content\/uploads\/2024\/02\/6-2-150x150.png\" class=\"attachment-thumbnail size-thumbnail\" alt=\"\" \/><\/a>\n\t\t\t<\/dt><\/dl>\n\t\t\t<br style='clear: both' \/>\n\t\t<\/div>\n\n<p>&nbsp;<\/p>\n<p>&nbsp;<\/p>\n","protected":false},"excerpt":{"rendered":"<p>O diretor Guilherme Rossini Martins representou o SINPROFAZ na ocasi\u00e3o da visita, que ocorreu na ter\u00e7a-feira (27). Em aten\u00e7\u00e3o aos futuros PFNs, os representantes do Sindicato e da Administra\u00e7\u00e3o sanaram d\u00favidas em rela\u00e7\u00e3o \u00e0 Regional e \u00e0 PGFN como um todo. Acesse e saiba mais!<\/p>\n","protected":false},"author":2,"featured_media":17699,"comment_status":"open","ping_status":"open","sticky":false,"template":"","format":"standard","meta":{"footnotes":""},"categories":[8],"tags":[32,63,25],"featured_image_url":"https:\/\/sinprofaz.org.br\/2024\/wp-content\/uploads\/2024\/02\/1-24.png","character_count":694,"formatted_date":"29\/02\/2024 - 14:00","contentNovo":"Futuros Membros\u00a0conheceram a sede da PRFN da 3\u00aa Regi\u00e3o. Na oportunidade, aprovadas e aprovados no concurso para a Carreira foram recepcionados pela procuradora-regional, Mariana Vieira; pelo procurador-regional substituto, James Siqueira; pelo coordenador regional, Jo\u00e3o Guilherme Muniz; pela procuradora-chefe da DICAD, Carolina Zancaner; pelo procurador-chefe da DIGAB, Wellington Viturino; e pela diretora regional do CEAE, Fernanda Vilares.\r\n\r\nO diretor Guilherme Rossini Martins representou o SINPROFAZ na ocasi\u00e3o da visita, que ocorreu\u00a0na ter\u00e7a-feira (27). Em aten\u00e7\u00e3o aos futuros procuradores e procuradoras da Fazenda Nacional, os representantes do Sindicato e da Administra\u00e7\u00e3o sanaram d\u00favidas em rela\u00e7\u00e3o a temas espec\u00edficos da Regional, como a organiza\u00e7\u00e3o e a divis\u00e3o de atribui\u00e7\u00f5es. Assuntos relativos \u00e0 PGFN como um todo - a exemplo das lota\u00e7\u00f5es e das compet\u00eancias da Carreira - tamb\u00e9m foram abordados durante o encontro.\r\n\r\n[gallery link=\"file\" ids=\"17700,17701,17702,17703,17704\"]\r\n\r\n&nbsp;\r\n\r\n&nbsp;","_links":{"self":[{"href":"https:\/\/sinprofaz.org.br\/2024\/wp-json\/wp\/v2\/posts\/17698"}],"collection":[{"href":"https:\/\/sinprofaz.org.br\/2024\/wp-json\/wp\/v2\/posts"}],"about":[{"href":"https:\/\/sinprofaz.org.br\/2024\/wp-json\/wp\/v2\/types\/post"}],"author":[{"embeddable":true,"href":"https:\/\/sinprofaz.org.br\/2024\/wp-json\/wp\/v2\/users\/2"}],"replies":[{"embeddable":true,"href":"https:\/\/sinprofaz.org.br\/2024\/wp-json\/wp\/v2\/comments?post=17698"}],"version-history":[{"count":3,"href":"https:\/\/sinprofaz.org.br\/2024\/wp-json\/wp\/v2\/posts\/17698\/revisions"}],"predecessor-version":[{"id":17723,"href":"https:\/\/sinprofaz.org.br\/2024\/wp-json\/wp\/v2\/posts\/17698\/revisions\/17723"}],"wp:featuredmedia":[{"embeddable":true,"href":"https:\/\/sinprofaz.org.br\/2024\/wp-json\/wp\/v2\/media\/17699"}],"wp:attachment":[{"href":"https:\/\/sinprofaz.org.br\/2024\/wp-json\/wp\/v2\/media?parent=17698"}],"wp:term":[{"taxonomy":"category","embeddable":true,"href":"https:\/\/sinprofaz.org.br\/2024\/wp-json\/wp\/v2\/categories?post=17698"},{"taxonomy":"post_tag","embeddable":true,"href":"https:\/\/sinprofaz.org.br\/2024\/wp-json\/wp\/v2\/tags?post=17698"}],"curies":[{"name":"wp","href":"https:\/\/api.w.org\/{rel}","templated":true}]}}