{"id":17686,"date":"2024-02-28T17:01:28","date_gmt":"2024-02-28T20:01:28","guid":{"rendered":"http:\/\/www.sinprofaz.org.br\/?p=17686"},"modified":"2024-02-29T09:42:07","modified_gmt":"2024-02-29T12:42:07","slug":"futuros-pfns-visitam-a-procuradoria-da-fazenda-nacional-no-estado-do-para","status":"publish","type":"post","link":"https:\/\/sinprofaz.org.br\/2024\/noticias\/futuros-pfns-visitam-a-procuradoria-da-fazenda-nacional-no-estado-do-para\/","title":{"rendered":"FUTUROS PFNS VISITAM A PROCURADORIA DA FAZENDA NACIONAL NO ESTADO DO PAR\u00c1"},"content":{"rendered":"<p>A sede da Procuradoria da Fazenda Nacional em Bel\u00e9m\/PA recebeu a visita de candidatos aprovados no concurso p\u00fablico para a Carreira. Na oportunidade, os futuros Colegas foram recepcionados pelo procurador-chefe, Bruno Alves Pinheiro.<\/p>\n<p>A expectativa\u00a0pela nomea\u00e7\u00e3o foi tema central da reuni\u00e3o. Para os Membros da Unidade, o refor\u00e7o de novos PFNs \u00e9 capaz de sanar quest\u00f5es como a sobrecarga de trabalho. De outro lado, para os aprovados, a nomea\u00e7\u00e3o representa a oportunidade de ingressarem em uma Institui\u00e7\u00e3o j\u00e1 reconhecida pela excel\u00eancia do trabalho realizado em prol do Pa\u00eds.<\/p>\n","protected":false},"excerpt":{"rendered":"<p>A sede da Procuradoria da Fazenda Nacional em Bel\u00e9m\/PA recebeu a visita de candidatos aprovados no concurso p\u00fablico para a Carreira. Na oportunidade, os futuros Colegas foram recepcionados pelo procurador-chefe e filiado, Bruno Alves Pinheiro. Acesse e saiba mais!<\/p>\n","protected":false},"author":2,"featured_media":17687,"comment_status":"open","ping_status":"open","sticky":false,"template":"","format":"standard","meta":{"footnotes":""},"categories":[8],"tags":[32,63,146,25],"featured_image_url":"https:\/\/sinprofaz.org.br\/2024\/wp-content\/uploads\/2024\/02\/1-23.png","character_count":296,"formatted_date":"28\/02\/2024 - 17:01","contentNovo":"A sede da Procuradoria da Fazenda Nacional em Bel\u00e9m\/PA recebeu a visita de candidatos aprovados no concurso p\u00fablico para a Carreira. Na oportunidade, os futuros Colegas foram recepcionados pelo procurador-chefe, Bruno Alves Pinheiro.\r\n\r\nA expectativa\u00a0pela nomea\u00e7\u00e3o foi tema central da reuni\u00e3o. Para os Membros da Unidade, o refor\u00e7o de novos PFNs \u00e9 capaz de sanar quest\u00f5es como a sobrecarga de trabalho. De outro lado, para os aprovados, a nomea\u00e7\u00e3o representa a oportunidade de ingressarem em uma Institui\u00e7\u00e3o j\u00e1 reconhecida pela excel\u00eancia do trabalho realizado em prol do Pa\u00eds.","_links":{"self":[{"href":"https:\/\/sinprofaz.org.br\/2024\/wp-json\/wp\/v2\/posts\/17686"}],"collection":[{"href":"https:\/\/sinprofaz.org.br\/2024\/wp-json\/wp\/v2\/posts"}],"about":[{"href":"https:\/\/sinprofaz.org.br\/2024\/wp-json\/wp\/v2\/types\/post"}],"author":[{"embeddable":true,"href":"https:\/\/sinprofaz.org.br\/2024\/wp-json\/wp\/v2\/users\/2"}],"replies":[{"embeddable":true,"href":"https:\/\/sinprofaz.org.br\/2024\/wp-json\/wp\/v2\/comments?post=17686"}],"version-history":[{"count":3,"href":"https:\/\/sinprofaz.org.br\/2024\/wp-json\/wp\/v2\/posts\/17686\/revisions"}],"predecessor-version":[{"id":17697,"href":"https:\/\/sinprofaz.org.br\/2024\/wp-json\/wp\/v2\/posts\/17686\/revisions\/17697"}],"wp:featuredmedia":[{"embeddable":true,"href":"https:\/\/sinprofaz.org.br\/2024\/wp-json\/wp\/v2\/media\/17687"}],"wp:attachment":[{"href":"https:\/\/sinprofaz.org.br\/2024\/wp-json\/wp\/v2\/media?parent=17686"}],"wp:term":[{"taxonomy":"category","embeddable":true,"href":"https:\/\/sinprofaz.org.br\/2024\/wp-json\/wp\/v2\/categories?post=17686"},{"taxonomy":"post_tag","embeddable":true,"href":"https:\/\/sinprofaz.org.br\/2024\/wp-json\/wp\/v2\/tags?post=17686"}],"curies":[{"name":"wp","href":"https:\/\/api.w.org\/{rel}","templated":true}]}}