{"id":17672,"date":"2024-02-27T08:26:26","date_gmt":"2024-02-27T11:26:26","guid":{"rendered":"http:\/\/www.sinprofaz.org.br\/?p=17672"},"modified":"2024-02-27T14:22:07","modified_gmt":"2024-02-27T17:22:07","slug":"biblioteca-do-stf-recebe-lancamento-de-livro-organizado-por-pfns-filiadas","status":"publish","type":"post","link":"https:\/\/sinprofaz.org.br\/2024\/noticias\/biblioteca-do-stf-recebe-lancamento-de-livro-organizado-por-pfns-filiadas\/","title":{"rendered":"BIBLIOTECA DO STF RECEBE LAN\u00c7AMENTO DE LIVRO ORGANIZADO POR PFNS FILIADAS"},"content":{"rendered":"<p>As procuradoras da Fazenda Nacional filiadas Herta Rani e M\u00f4nica Antinarelli, na qualidade de organizadoras\u00a0da obra, convidam a Carreira para o lan\u00e7amento do segundo volume do livro\u00a0<em><strong>O Poder Feminino: entre percursos e desafios. As mulheres perante a legisla\u00e7\u00e3o, a aplica\u00e7\u00e3o do direito e as pol\u00edticas p\u00fablicas e tribut\u00e1rias<\/strong><\/em>. O evento de lan\u00e7amento ocorre no dia 13 de mar\u00e7o, a partir das 18h, na Biblioteca Ministro Victor Nunes Leal, localizada no Supremo Tribunal Federal.<\/p>\n<p>Composta por artigos de advogadas p\u00fablicas e privadas, a referida obra apresenta reflex\u00f5es pol\u00edtico-sociais e jur\u00eddicas e, a partir da perspectiva da mulher, incita o debate a respeito das dificuldades do mundo. Assim, ao abordar assuntos como tributa\u00e7\u00e3o, or\u00e7amento, direito de fam\u00edlia e outros temas que caracterizam a sociedade machista e patriarcal, o livro reflete o olhar das autoras sobre a interse\u00e7\u00e3o entre o feminismo e as quest\u00f5es jur\u00eddicas e econ\u00f4micas, bem como sobre os problemas decorrentes da desigualdade social no Brasil.<\/p>\n<p>O segundo volume de\u00a0<em><strong>O Poder Feminino: entre percursos e desafios<\/strong><\/em>\u00a0conta com seis cap\u00edtulos sobre diferentes tem\u00e1ticas:<br \/>\nCap\u00edtulo 1 &#8211; A busca pela igualdade, representatividade e visibilidade feminina<br \/>\nCap\u00edtulo 2 &#8211; A mulher e suas rela\u00e7\u00f5es consigo e com outros: limites e respeito<br \/>\nCap\u00edtulo 3 &#8211; A maternidade e seus direitos<br \/>\nCap\u00edtulo 4 &#8211; Tributa\u00e7\u00e3o: indaga\u00e7\u00f5es e intersec\u00e7\u00f5es entre ra\u00e7a e g\u00eanero<br \/>\nCap\u00edtulo 5 &#8211; Pol\u00edticas p\u00fablicas para mulheres: algumas necessidades e problemas a enfrentar<br \/>\nCap\u00edtulo 6 &#8211; A igualdade de g\u00eanero no mercado de trabalho<\/p>\n<p>Entre as autoras da obra, est\u00e3o as procuradoras da Fazenda Nacional Ana Paula Barbeja, Ana Paula Ramalho, Camilla Cabral, Carolina Zancaner, Fernanda Delatorre, Graziela Honorato, Greyce Carvalho, Jersilene Moura, Juliana Furtado, Keila Melo, Lana Borges, Lorena Narcizo, Louise Barbosa, Maria Dionne Felipe, Maria L\u00facia Oliveira, Natacha Albuquerque, Regina Hirose, Rita Nolasco, Simone Anacleto, Tatiana Irber e Thayana Felix.<\/p>\n<p>Para adquirir o livro, acesse:\u00a0<a href=\"https:\/\/arraeseditores.com.br\/pre-venda-o-poder-feminino-entre-percursos-e-desafios-823.html\" target=\"_blank\" rel=\"noopener\">https:\/\/arraeseditores.com.br\/pre-venda-o-poder-feminino-entre-percursos-e-desafios-823.html<\/a><\/p>\n<p><strong>SERVI\u00c7O<br \/>\n<\/strong>Lan\u00e7amento da obra\u00a0<em><strong>O Poder Feminino: entre percursos e desafios<\/strong><\/em>, Vol. 2<br \/>\nDia 13 de mar\u00e7o, das 18h \u00e0s 21h<br \/>\nBiblioteca Ministro Victor Nunes Leal, Supremo Tribunal Federal, Anexo II-A, 1\u00ba andar<\/p>\n<p><!-- notionvc: 76ec2c55-b7f3-4f8d-9bd0-969d3a12053b --><\/p>\n","protected":false},"excerpt":{"rendered":"<p>Herta Rani e M\u00f4nica Antinarelli convidam a Carreira para o lan\u00e7amento do segundo volume do livro &#8220;O Poder Feminino: entre percursos e desafios. As mulheres perante a legisla\u00e7\u00e3o, a aplica\u00e7\u00e3o do direito e as pol\u00edticas p\u00fablicas e tribut\u00e1rias&#8221;. O evento ocorre no dia 13 de mar\u00e7o.<\/p>\n","protected":false},"author":2,"featured_media":17671,"comment_status":"open","ping_status":"open","sticky":false,"template":"","format":"standard","meta":{"footnotes":""},"categories":[8],"tags":[32,121,182],"featured_image_url":"https:\/\/sinprofaz.org.br\/2024\/wp-content\/uploads\/2024\/02\/1-21.png","character_count":1200,"formatted_date":"27\/02\/2024 - 08:26","contentNovo":"As procuradoras da Fazenda Nacional filiadas Herta Rani e M\u00f4nica Antinarelli, na qualidade de organizadoras\u00a0da obra, convidam a Carreira para o lan\u00e7amento do segundo volume do livro\u00a0<em><strong>O Poder Feminino: entre percursos e desafios. As mulheres perante a legisla\u00e7\u00e3o, a aplica\u00e7\u00e3o do direito e as pol\u00edticas p\u00fablicas e tribut\u00e1rias<\/strong><\/em>. O evento de lan\u00e7amento ocorre no dia 13 de mar\u00e7o, a partir das 18h, na Biblioteca Ministro Victor Nunes Leal, localizada no Supremo Tribunal Federal.\r\n\r\nComposta por artigos de advogadas p\u00fablicas e privadas, a referida obra apresenta reflex\u00f5es pol\u00edtico-sociais e jur\u00eddicas e, a partir da perspectiva da mulher, incita o debate a respeito das dificuldades do mundo. Assim, ao abordar assuntos como tributa\u00e7\u00e3o, or\u00e7amento, direito de fam\u00edlia e outros temas que caracterizam a sociedade machista e patriarcal, o livro reflete o olhar das autoras sobre a interse\u00e7\u00e3o entre o feminismo e as quest\u00f5es jur\u00eddicas e econ\u00f4micas, bem como sobre os problemas decorrentes da desigualdade social no Brasil.\r\n\r\nO segundo volume de\u00a0<em><strong>O Poder Feminino: entre percursos e desafios<\/strong><\/em>\u00a0conta com seis cap\u00edtulos sobre diferentes tem\u00e1ticas:\r\nCap\u00edtulo 1 - A busca pela igualdade, representatividade e visibilidade feminina\r\nCap\u00edtulo 2 - A mulher e suas rela\u00e7\u00f5es consigo e com outros: limites e respeito\r\nCap\u00edtulo 3 - A maternidade e seus direitos\r\nCap\u00edtulo 4 - Tributa\u00e7\u00e3o: indaga\u00e7\u00f5es e intersec\u00e7\u00f5es entre ra\u00e7a e g\u00eanero\r\nCap\u00edtulo 5 - Pol\u00edticas p\u00fablicas para mulheres: algumas necessidades e problemas a enfrentar\r\nCap\u00edtulo 6 - A igualdade de g\u00eanero no mercado de trabalho\r\n\r\nEntre as autoras da obra, est\u00e3o as procuradoras da Fazenda Nacional Ana Paula Barbeja, Ana Paula Ramalho, Camilla Cabral, Carolina Zancaner, Fernanda Delatorre, Graziela Honorato, Greyce Carvalho, Jersilene Moura, Juliana Furtado, Keila Melo, Lana Borges, Lorena Narcizo, Louise Barbosa, Maria Dionne Felipe, Maria L\u00facia Oliveira, Natacha Albuquerque, Regina Hirose, Rita Nolasco, Simone Anacleto, Tatiana Irber e Thayana Felix.\r\n\r\nPara adquirir o livro, acesse:\u00a0<a href=\"https:\/\/arraeseditores.com.br\/pre-venda-o-poder-feminino-entre-percursos-e-desafios-823.html\" target=\"_blank\" rel=\"noopener\">https:\/\/arraeseditores.com.br\/pre-venda-o-poder-feminino-entre-percursos-e-desafios-823.html<\/a>\r\n\r\n<strong>SERVI\u00c7O\r\n<\/strong>Lan\u00e7amento da obra\u00a0<em><strong>O Poder Feminino: entre percursos e desafios<\/strong><\/em>, Vol. 2\r\nDia 13 de mar\u00e7o, das 18h \u00e0s 21h\r\nBiblioteca Ministro Victor Nunes Leal, Supremo Tribunal Federal, Anexo II-A, 1\u00ba andar\r\n\r\n","_links":{"self":[{"href":"https:\/\/sinprofaz.org.br\/2024\/wp-json\/wp\/v2\/posts\/17672"}],"collection":[{"href":"https:\/\/sinprofaz.org.br\/2024\/wp-json\/wp\/v2\/posts"}],"about":[{"href":"https:\/\/sinprofaz.org.br\/2024\/wp-json\/wp\/v2\/types\/post"}],"author":[{"embeddable":true,"href":"https:\/\/sinprofaz.org.br\/2024\/wp-json\/wp\/v2\/users\/2"}],"replies":[{"embeddable":true,"href":"https:\/\/sinprofaz.org.br\/2024\/wp-json\/wp\/v2\/comments?post=17672"}],"version-history":[{"count":2,"href":"https:\/\/sinprofaz.org.br\/2024\/wp-json\/wp\/v2\/posts\/17672\/revisions"}],"predecessor-version":[{"id":17682,"href":"https:\/\/sinprofaz.org.br\/2024\/wp-json\/wp\/v2\/posts\/17672\/revisions\/17682"}],"wp:featuredmedia":[{"embeddable":true,"href":"https:\/\/sinprofaz.org.br\/2024\/wp-json\/wp\/v2\/media\/17671"}],"wp:attachment":[{"href":"https:\/\/sinprofaz.org.br\/2024\/wp-json\/wp\/v2\/media?parent=17672"}],"wp:term":[{"taxonomy":"category","embeddable":true,"href":"https:\/\/sinprofaz.org.br\/2024\/wp-json\/wp\/v2\/categories?post=17672"},{"taxonomy":"post_tag","embeddable":true,"href":"https:\/\/sinprofaz.org.br\/2024\/wp-json\/wp\/v2\/tags?post=17672"}],"curies":[{"name":"wp","href":"https:\/\/api.w.org\/{rel}","templated":true}]}}