{"id":17663,"date":"2024-02-26T08:24:54","date_gmt":"2024-02-26T11:24:54","guid":{"rendered":"http:\/\/www.sinprofaz.org.br\/?p=17663"},"modified":"2024-02-26T08:25:34","modified_gmt":"2024-02-26T11:25:34","slug":"pfn-preencha-com-antecedencia-a-procuracao-eletronica-da-ago-2024","status":"publish","type":"post","link":"https:\/\/sinprofaz.org.br\/2024\/noticias\/pfn-preencha-com-antecedencia-a-procuracao-eletronica-da-ago-2024\/","title":{"rendered":"PFN, PREENCHA COM ANTECED\u00caNCIA A PROCURA\u00c7\u00c3O ELETR\u00d4NICA DA AGO 2024"},"content":{"rendered":"<p>A AGO 2024 j\u00e1 tem data e local definidos: 23 de mar\u00e7o, em Bras\u00edlia\/DF. Em raz\u00e3o dos recentes debates sobre o Teletrabalho da Carreira, a Diretoria do SINPROFAZ incluiu, na Procura\u00e7\u00e3o Eletr\u00f4nica, um item sobre o tema. Assim, a partir do preenchimento da Procura\u00e7\u00e3o, filiadas e filiados poder\u00e3o legitimar a atua\u00e7\u00e3o do Sindicato na defesa dessa importante prerrogativa dos PFNs.<\/p>\n<p>Para preencher a Procura\u00e7\u00e3o Eletr\u00f4nica da AGO 2024, os Colegas devem ingressar na \u00c1rea do Filiado:\u00a0<a href=\"http:\/\/www.areadofiliado.sinprofaz.org.br\/\" target=\"_blank\" rel=\"noopener\">www.areadofiliado.sinprofaz.org.br<\/a>. Visando \u00e0 seguran\u00e7a da Carreira, o\u00a0<em>login<\/em>\u00a0na \u00e1rea restrita exige matr\u00edcula Siape (sete d\u00edgitos) e senha individual. Em caso de dificuldade, o PFN deve clicar em &#8220;Esqueci minha senha&#8221; e receber, por e-mail, uma nova sequ\u00eancia de n\u00fameros.<\/p>\n<p>Problemas ou d\u00favidas em rela\u00e7\u00e3o \u00e0 Procura\u00e7\u00e3o Eletr\u00f4nica devem ser comunicados \u00e0 Secretaria do SINPROFAZ. Acesse\u00a0<a href=\"http:\/\/www.areadofiliado.sinprofaz.org.br\/\" target=\"_blank\" rel=\"noopener\">www.areadofiliado.sinprofaz.org.br<\/a>\u00a0e contribua com anteced\u00eancia para as delibera\u00e7\u00f5es da AGO!<\/p>\n<p><!-- notionvc: 4f0205bc-89c1-4271-8bdd-f00be51889de --><\/p>\n","protected":false},"excerpt":{"rendered":"<p>A AGO 2024 j\u00e1 tem data e local definidos: 23 de mar\u00e7o, em Bras\u00edlia\/DF. Em raz\u00e3o dos recentes debates sobre o Teletrabalho da Carreira, a Diretoria do SINPROFAZ incluiu, na Procura\u00e7\u00e3o Eletr\u00f4nica, um item sobre o tema. Confira!<\/p>\n","protected":false},"author":2,"featured_media":17662,"comment_status":"open","ping_status":"open","sticky":false,"template":"","format":"standard","meta":{"footnotes":""},"categories":[8],"tags":[41,32,25],"featured_image_url":"https:\/\/sinprofaz.org.br\/2024\/wp-content\/uploads\/2024\/02\/1-20.png","character_count":502,"formatted_date":"26\/02\/2024 - 08:24","contentNovo":"A AGO 2024 j\u00e1 tem data e local definidos: 23 de mar\u00e7o, em Bras\u00edlia\/DF. Em raz\u00e3o dos recentes debates sobre o Teletrabalho da Carreira, a Diretoria do SINPROFAZ incluiu, na Procura\u00e7\u00e3o Eletr\u00f4nica, um item sobre o tema. Assim, a partir do preenchimento da Procura\u00e7\u00e3o, filiadas e filiados poder\u00e3o legitimar a atua\u00e7\u00e3o do Sindicato na defesa dessa importante prerrogativa dos PFNs.\r\n\r\nPara preencher a Procura\u00e7\u00e3o Eletr\u00f4nica da AGO 2024, os Colegas devem ingressar na \u00c1rea do Filiado:\u00a0<a href=\"http:\/\/www.areadofiliado.sinprofaz.org.br\/\" target=\"_blank\" rel=\"noopener\">www.areadofiliado.sinprofaz.org.br<\/a>. Visando \u00e0 seguran\u00e7a da Carreira, o\u00a0<em>login<\/em>\u00a0na \u00e1rea restrita exige matr\u00edcula Siape (sete d\u00edgitos) e senha individual. Em caso de dificuldade, o PFN deve clicar em \"Esqueci minha senha\" e receber, por e-mail, uma nova sequ\u00eancia de n\u00fameros.\r\n\r\nProblemas ou d\u00favidas em rela\u00e7\u00e3o \u00e0 Procura\u00e7\u00e3o Eletr\u00f4nica devem ser comunicados \u00e0 Secretaria do SINPROFAZ. Acesse\u00a0<a href=\"http:\/\/www.areadofiliado.sinprofaz.org.br\/\" target=\"_blank\" rel=\"noopener\">www.areadofiliado.sinprofaz.org.br<\/a>\u00a0e contribua com anteced\u00eancia para as delibera\u00e7\u00f5es da AGO!\r\n\r\n","_links":{"self":[{"href":"https:\/\/sinprofaz.org.br\/2024\/wp-json\/wp\/v2\/posts\/17663"}],"collection":[{"href":"https:\/\/sinprofaz.org.br\/2024\/wp-json\/wp\/v2\/posts"}],"about":[{"href":"https:\/\/sinprofaz.org.br\/2024\/wp-json\/wp\/v2\/types\/post"}],"author":[{"embeddable":true,"href":"https:\/\/sinprofaz.org.br\/2024\/wp-json\/wp\/v2\/users\/2"}],"replies":[{"embeddable":true,"href":"https:\/\/sinprofaz.org.br\/2024\/wp-json\/wp\/v2\/comments?post=17663"}],"version-history":[{"count":2,"href":"https:\/\/sinprofaz.org.br\/2024\/wp-json\/wp\/v2\/posts\/17663\/revisions"}],"predecessor-version":[{"id":17666,"href":"https:\/\/sinprofaz.org.br\/2024\/wp-json\/wp\/v2\/posts\/17663\/revisions\/17666"}],"wp:featuredmedia":[{"embeddable":true,"href":"https:\/\/sinprofaz.org.br\/2024\/wp-json\/wp\/v2\/media\/17662"}],"wp:attachment":[{"href":"https:\/\/sinprofaz.org.br\/2024\/wp-json\/wp\/v2\/media?parent=17663"}],"wp:term":[{"taxonomy":"category","embeddable":true,"href":"https:\/\/sinprofaz.org.br\/2024\/wp-json\/wp\/v2\/categories?post=17663"},{"taxonomy":"post_tag","embeddable":true,"href":"https:\/\/sinprofaz.org.br\/2024\/wp-json\/wp\/v2\/tags?post=17663"}],"curies":[{"name":"wp","href":"https:\/\/api.w.org\/{rel}","templated":true}]}}