{"id":1766,"date":"2014-05-13T21:19:41","date_gmt":"2014-05-13T21:19:41","guid":{"rendered":""},"modified":"-0001-11-30T00:00:00","modified_gmt":"-0001-11-30T03:00:00","slug":"sinprofaz-convocacao-geral","status":"publish","type":"post","link":"https:\/\/sinprofaz.org.br\/2024\/noticias\/sinprofaz-convocacao-geral\/","title":{"rendered":"SINPROFAZ: convoca\u00e7\u00e3o geral"},"content":{"rendered":"<p style=\"text-align: justify;\">A reuni\u00e3o ter\u00e1 in\u00edcio \u00e0s 10h, na sala 3 da Ala Senador Alexandre Costa. A PEC 63\/2013 prev\u00ea o Adicional por Tempo de Servi\u00e7o (ATS) apenas para os integrantes do Minist\u00e9rio P\u00fablico e da Magistratura. \u00c9 muito importante a presen\u00e7a da Carreira PFN e demais Colegas Advogados P\u00fablicos Federais para pressionar os senadores a estenderem este benef\u00edcio aos membros da AGU.<\/p>\n","protected":false},"excerpt":{"rendered":"<p style=\"text-align: justify;\">SINPROFAZ convoca todos os Advogados P\u00fablicos Federais em Bras\u00edlia para a reuni\u00e3o desta quarta-feira, 14 de maio, na Comiss\u00e3o de Constitui\u00e7\u00e3o e Justi\u00e7a e de Cidadania do Senado. Em pauta a PEC do ATS.<\/p>\n","protected":false},"author":1,"featured_media":0,"comment_status":"closed","ping_status":"open","sticky":false,"template":"","format":"standard","meta":{"footnotes":""},"categories":[8],"tags":[],"featured_image_url":"https:\/\/dummyimage.com\/720x400","character_count":190,"formatted_date":"13\/05\/2014 - 21:19","contentNovo":"\r\n<p style=\"text-align: justify;\">A reuni\u00e3o ter\u00e1 in\u00edcio \u00e0s 10h, na sala 3 da Ala Senador Alexandre Costa. A PEC 63\/2013 prev\u00ea o Adicional por Tempo de Servi\u00e7o (ATS) apenas para os integrantes do Minist\u00e9rio P\u00fablico e da Magistratura. \u00c9 muito importante a presen\u00e7a da Carreira PFN e demais Colegas Advogados P\u00fablicos Federais para pressionar os senadores a estenderem este benef\u00edcio aos membros da AGU.<\/p>","_links":{"self":[{"href":"https:\/\/sinprofaz.org.br\/2024\/wp-json\/wp\/v2\/posts\/1766"}],"collection":[{"href":"https:\/\/sinprofaz.org.br\/2024\/wp-json\/wp\/v2\/posts"}],"about":[{"href":"https:\/\/sinprofaz.org.br\/2024\/wp-json\/wp\/v2\/types\/post"}],"author":[{"embeddable":true,"href":"https:\/\/sinprofaz.org.br\/2024\/wp-json\/wp\/v2\/users\/1"}],"replies":[{"embeddable":true,"href":"https:\/\/sinprofaz.org.br\/2024\/wp-json\/wp\/v2\/comments?post=1766"}],"version-history":[{"count":0,"href":"https:\/\/sinprofaz.org.br\/2024\/wp-json\/wp\/v2\/posts\/1766\/revisions"}],"wp:attachment":[{"href":"https:\/\/sinprofaz.org.br\/2024\/wp-json\/wp\/v2\/media?parent=1766"}],"wp:term":[{"taxonomy":"category","embeddable":true,"href":"https:\/\/sinprofaz.org.br\/2024\/wp-json\/wp\/v2\/categories?post=1766"},{"taxonomy":"post_tag","embeddable":true,"href":"https:\/\/sinprofaz.org.br\/2024\/wp-json\/wp\/v2\/tags?post=1766"}],"curies":[{"name":"wp","href":"https:\/\/api.w.org\/{rel}","templated":true}]}}