{"id":17643,"date":"2024-02-22T15:06:22","date_gmt":"2024-02-22T18:06:22","guid":{"rendered":"http:\/\/www.sinprofaz.org.br\/?p=17643"},"modified":"2024-02-23T10:53:03","modified_gmt":"2024-02-23T13:53:03","slug":"sinprofaz-defende-teletrabalho-em-reuniao-com-procuradora-geral","status":"publish","type":"post","link":"https:\/\/sinprofaz.org.br\/2024\/noticias\/sinprofaz-defende-teletrabalho-em-reuniao-com-procuradora-geral\/","title":{"rendered":"SINPROFAZ DEFENDE TELETRABALHO EM REUNI\u00c3O COM PROCURADORA-GERAL"},"content":{"rendered":"<p>O SINPROFAZ, representado pelo vice-presidente Ricardo Queiroz e pelo diretor Paulo Mariano Vasconcelos, participou hoje (22) de reuni\u00e3o com a procuradora-geral da Fazenda Nacional, Anelize Ruas. O encontro, que tamb\u00e9m reuniu representantes das seis Regi\u00f5es da PGFN, foi convocado para que entidades e Membros apresentassem a realidade que envolve o Teletrabalho da Carreira. Em absoluta sintonia, SINPROFAZ e PFNs manifestaram unidade na defesa implac\u00e1vel do atual regime de trabalho e contra quaisquer retrocessos que afetem a rotina profissional e familiar dos Colegas.<\/p>\n<p>Nesse sentido, Ricardo Queiroz destacou que, no que diz respeito \u00e0 efici\u00eancia, a PGFN vive um ciclo virtuoso sem precedentes: &#8220;O resultado do nosso empenho est\u00e1 na arrecada\u00e7\u00e3o bilion\u00e1ria, no sucesso da transa\u00e7\u00e3o, no reconhecimento recebido. Nesse contexto, por\u00e9m, assistimos \u00e0 propositura da portaria da AGU, que representa um acinte diante da nossa dedica\u00e7\u00e3o&#8221;. Segundo o vice-presidente, a Carreira demanda regras espec\u00edficas de teletrabalho, em raz\u00e3o das peculiaridades e da natureza do of\u00edcio, e n\u00e3o aceitar\u00e1 qualquer controle de ponto, mesmo que travestido em normas sobre escalonamento de presen\u00e7a nas unidades.<\/p>\n<p>Integrante da PRFN5, Paulo Mariano Vasconcelos tamb\u00e9m fez uso da palavra, ocasi\u00e3o em que contou com amplo apoio do p\u00fablico. &#8220;Ao instituiu o Teletrabalho, a PGFN foi pioneira na Administra\u00e7\u00e3o P\u00fablica Federal. Tanto que, durante a pandemia, outras carreiras se inspiraram em nossos regramentos &#8211; inclusive a pr\u00f3pria AGU. Passada a crise sanit\u00e1ria, essas carreiras est\u00e3o voltando ao trabalho presencial, exatamente porque n\u00e3o t\u00eam as caracter\u00edsticas da PGFN, onde a carga \u00e9 praticamente 100% virtual, assim como o controle de produtividade. Vivemos, ademais, uma regionaliza\u00e7\u00e3o avan\u00e7ad\u00edssima.&#8221;<\/p>\n<p>Ap\u00f3s ouvir os presentes, Anelize Ruas se manifestou. De acordo com a procuradora-geral, \u00e9 preciso discutir a desvincula\u00e7\u00e3o entre local de exerc\u00edcio e lota\u00e7\u00e3o, para que sejam definidas normas que garantam seguran\u00e7a para os PFNs. &#8220;H\u00e1 ainda um argumento para mim muito forte: o da equidade de g\u00eanero. Nenhuma decis\u00e3o a ser tomada afastar\u00e1 as Colegas dos cargos de lideran\u00e7a. Al\u00e9m disso, quest\u00f5es como sa\u00fade mental, reten\u00e7\u00e3o de talentos e atratividade da Carreira pesam muito. Vamos continuar discutindo de forma coletiva at\u00e9 a decis\u00e3o, que se basear\u00e1 em tudo o que conversamos aqui&#8221;, concluiu.<\/p>\n\n\t\t<style type=\"text\/css\">\n\t\t\t#gallery-1 {\n\t\t\t\tmargin: auto;\n\t\t\t}\n\t\t\t#gallery-1 .gallery-item {\n\t\t\t\tfloat: left;\n\t\t\t\tmargin-top: 10px;\n\t\t\t\ttext-align: center;\n\t\t\t\twidth: 33%;\n\t\t\t}\n\t\t\t#gallery-1 img {\n\t\t\t\tborder: 2px solid #cfcfcf;\n\t\t\t}\n\t\t\t#gallery-1 .gallery-caption {\n\t\t\t\tmargin-left: 0;\n\t\t\t}\n\t\t\t\/* see gallery_shortcode() in wp-includes\/media.php *\/\n\t\t<\/style>\n\t\t<div id='gallery-1' class='gallery galleryid-17643 gallery-columns-3 gallery-size-thumbnail'><dl class='gallery-item'>\n\t\t\t<dt class='gallery-icon landscape'>\n\t\t\t\t<a href='https:\/\/sinprofaz.org.br\/2024\/wp-content\/uploads\/2024\/02\/2-6.png'><img loading=\"lazy\" decoding=\"async\" width=\"150\" height=\"150\" src=\"https:\/\/sinprofaz.org.br\/2024\/wp-content\/uploads\/2024\/02\/2-6-150x150.png\" class=\"attachment-thumbnail size-thumbnail\" alt=\"\" \/><\/a>\n\t\t\t<\/dt><\/dl>\n\t\t\t<br style='clear: both' \/>\n\t\t<\/div>\n\n","protected":false},"excerpt":{"rendered":"<p>O SINPROFAZ, representado pelo vice-presidente Ricardo Queiroz e pelo diretor Paulo Mariano Vasconcelos, participou de reuni\u00e3o com Anelize Ruas. O encontro foi convocado para que entidades e Membros apresentassem a realidade que envolve o Teletrabalho.<\/p>\n","protected":false},"author":2,"featured_media":17641,"comment_status":"open","ping_status":"open","sticky":false,"template":"","format":"standard","meta":{"footnotes":""},"categories":[8],"tags":[32,44,25],"featured_image_url":"https:\/\/sinprofaz.org.br\/2024\/wp-content\/uploads\/2024\/02\/1-17.png","character_count":1415,"formatted_date":"22\/02\/2024 - 15:06","contentNovo":"O SINPROFAZ, representado pelo vice-presidente Ricardo Queiroz e pelo diretor Paulo Mariano Vasconcelos, participou hoje (22) de reuni\u00e3o com a procuradora-geral da Fazenda Nacional, Anelize Ruas. O encontro, que tamb\u00e9m reuniu representantes das seis Regi\u00f5es da PGFN, foi convocado para que entidades e Membros apresentassem a realidade que envolve o Teletrabalho da Carreira. Em absoluta sintonia, SINPROFAZ e PFNs manifestaram unidade na defesa implac\u00e1vel do atual regime de trabalho e contra quaisquer retrocessos que afetem a rotina profissional e familiar dos Colegas.\r\n\r\nNesse sentido, Ricardo Queiroz destacou que, no que diz respeito \u00e0 efici\u00eancia, a PGFN vive um ciclo virtuoso sem precedentes: \"O resultado do nosso empenho est\u00e1 na arrecada\u00e7\u00e3o bilion\u00e1ria, no sucesso da transa\u00e7\u00e3o, no reconhecimento recebido. Nesse contexto, por\u00e9m, assistimos \u00e0 propositura da portaria da AGU, que representa um acinte diante da nossa dedica\u00e7\u00e3o\". Segundo o vice-presidente, a Carreira demanda regras espec\u00edficas de teletrabalho, em raz\u00e3o das peculiaridades e da natureza do of\u00edcio, e n\u00e3o aceitar\u00e1 qualquer controle de ponto, mesmo que travestido em normas sobre escalonamento de presen\u00e7a nas unidades.\r\n\r\nIntegrante da PRFN5, Paulo Mariano Vasconcelos tamb\u00e9m fez uso da palavra, ocasi\u00e3o em que contou com amplo apoio do p\u00fablico. \"Ao instituiu o Teletrabalho, a PGFN foi pioneira na Administra\u00e7\u00e3o P\u00fablica Federal. Tanto que, durante a pandemia, outras carreiras se inspiraram em nossos regramentos - inclusive a pr\u00f3pria AGU. Passada a crise sanit\u00e1ria, essas carreiras est\u00e3o voltando ao trabalho presencial, exatamente porque n\u00e3o t\u00eam as caracter\u00edsticas da PGFN, onde a carga \u00e9 praticamente 100% virtual, assim como o controle de produtividade. Vivemos, ademais, uma regionaliza\u00e7\u00e3o avan\u00e7ad\u00edssima.\"\r\n\r\nAp\u00f3s ouvir os presentes, Anelize Ruas se manifestou. De acordo com a procuradora-geral, \u00e9 preciso discutir a desvincula\u00e7\u00e3o entre local de exerc\u00edcio e lota\u00e7\u00e3o, para que sejam definidas normas que garantam seguran\u00e7a para os PFNs. \"H\u00e1 ainda um argumento para mim muito forte: o da equidade de g\u00eanero. Nenhuma decis\u00e3o a ser tomada afastar\u00e1 as Colegas dos cargos de lideran\u00e7a. Al\u00e9m disso, quest\u00f5es como sa\u00fade mental, reten\u00e7\u00e3o de talentos e atratividade da Carreira pesam muito. Vamos continuar discutindo de forma coletiva at\u00e9 a decis\u00e3o, que se basear\u00e1 em tudo o que conversamos aqui\", concluiu.\r\n\r\n[gallery link=\"file\" ids=\"17642\"]","_links":{"self":[{"href":"https:\/\/sinprofaz.org.br\/2024\/wp-json\/wp\/v2\/posts\/17643"}],"collection":[{"href":"https:\/\/sinprofaz.org.br\/2024\/wp-json\/wp\/v2\/posts"}],"about":[{"href":"https:\/\/sinprofaz.org.br\/2024\/wp-json\/wp\/v2\/types\/post"}],"author":[{"embeddable":true,"href":"https:\/\/sinprofaz.org.br\/2024\/wp-json\/wp\/v2\/users\/2"}],"replies":[{"embeddable":true,"href":"https:\/\/sinprofaz.org.br\/2024\/wp-json\/wp\/v2\/comments?post=17643"}],"version-history":[{"count":2,"href":"https:\/\/sinprofaz.org.br\/2024\/wp-json\/wp\/v2\/posts\/17643\/revisions"}],"predecessor-version":[{"id":17655,"href":"https:\/\/sinprofaz.org.br\/2024\/wp-json\/wp\/v2\/posts\/17643\/revisions\/17655"}],"wp:featuredmedia":[{"embeddable":true,"href":"https:\/\/sinprofaz.org.br\/2024\/wp-json\/wp\/v2\/media\/17641"}],"wp:attachment":[{"href":"https:\/\/sinprofaz.org.br\/2024\/wp-json\/wp\/v2\/media?parent=17643"}],"wp:term":[{"taxonomy":"category","embeddable":true,"href":"https:\/\/sinprofaz.org.br\/2024\/wp-json\/wp\/v2\/categories?post=17643"},{"taxonomy":"post_tag","embeddable":true,"href":"https:\/\/sinprofaz.org.br\/2024\/wp-json\/wp\/v2\/tags?post=17643"}],"curies":[{"name":"wp","href":"https:\/\/api.w.org\/{rel}","templated":true}]}}