{"id":17632,"date":"2024-02-21T08:16:31","date_gmt":"2024-02-21T11:16:31","guid":{"rendered":"http:\/\/www.sinprofaz.org.br\/?p=17632"},"modified":"2024-02-22T09:39:28","modified_gmt":"2024-02-22T12:39:28","slug":"entidades-discutem-atuacao-junto-a-frente-parlamentar-da-advocacia-publica","status":"publish","type":"post","link":"https:\/\/sinprofaz.org.br\/2024\/noticias\/entidades-discutem-atuacao-junto-a-frente-parlamentar-da-advocacia-publica\/","title":{"rendered":"ENTIDADES DISCUTEM ATUA\u00c7\u00c3O JUNTO \u00c0 FRENTE PARLAMENTAR DA ADVOCACIA P\u00daBLICA"},"content":{"rendered":"<p>A presidente Iolanda Guindani representou o SINPROFAZ em encontro das entidades da Advocacia P\u00fablica nas esferas federal, estadual e municipal. Ao longo da reuni\u00e3o, que possibilitou o debate a respeito das pautas comuns dos advogados p\u00fablicos, a atua\u00e7\u00e3o da Frente Parlamentar Mista em Defesa da Advocacia P\u00fablica esteve no centro das discuss\u00f5es. De acordo com Iolanda Guindani, a Frente deve atuar a favor dos temas consensuais, a exemplo da autonomia das carreiras: &#8220;Nossas principais quest\u00f5es comuns passam pela autonomia. Ser\u00edamos capazes de avan\u00e7ar muito se tiv\u00e9ssemos essa prerrogativa&#8221;.<\/p>\n<p>Lan\u00e7ada em abril de 2023 sob a coordena\u00e7\u00e3o do deputado federal Lafayette de Andrada (Republicanos\/MG), a Frente Parlamentar Mista em Defesa da Advocacia P\u00fablica tem como finalidades acompanhar a atua\u00e7\u00e3o dos advogados em todo o pa\u00eds, assim como apoiar as pol\u00edticas oficiais voltadas para a categoria; promover debates, semin\u00e1rios e outros eventos relacionados ao trabalho e \u00e0s reivindica\u00e7\u00f5es da Advocacia P\u00fablica nacional; e buscar o aperfei\u00e7oamento da legisla\u00e7\u00e3o relacionada \u00e0 carreira e \u00e0s atribui\u00e7\u00f5es dos advogados, influenciando o processo legislativo a partir das comiss\u00f5es tem\u00e1ticas instaladas no Congresso Nacional.<\/p>\n","protected":false},"excerpt":{"rendered":"<p>A presidente Iolanda Guindani representou o SINPROFAZ em encontro das entidades da Advocacia P\u00fablica nas esferas federal, estadual e municipal. A atua\u00e7\u00e3o da Frente Parlamentar Mista em Defesa da Advocacia P\u00fablica esteve no centro das discuss\u00f5es.<\/p>\n","protected":false},"author":2,"featured_media":17631,"comment_status":"open","ping_status":"open","sticky":false,"template":"","format":"standard","meta":{"footnotes":""},"categories":[8],"tags":[34,23,216],"featured_image_url":"https:\/\/sinprofaz.org.br\/2024\/wp-content\/uploads\/2024\/02\/1-16.png","character_count":630,"formatted_date":"21\/02\/2024 - 08:16","contentNovo":"A presidente Iolanda Guindani representou o SINPROFAZ em encontro das entidades da Advocacia P\u00fablica nas esferas federal, estadual e municipal. Ao longo da reuni\u00e3o, que possibilitou o debate a respeito das pautas comuns dos advogados p\u00fablicos, a atua\u00e7\u00e3o da Frente Parlamentar Mista em Defesa da Advocacia P\u00fablica esteve no centro das discuss\u00f5es. De acordo com Iolanda Guindani, a Frente deve atuar a favor dos temas consensuais, a exemplo da autonomia das carreiras: \"Nossas principais quest\u00f5es comuns passam pela autonomia. Ser\u00edamos capazes de avan\u00e7ar muito se tiv\u00e9ssemos essa prerrogativa\".\r\n\r\nLan\u00e7ada em abril de 2023 sob a coordena\u00e7\u00e3o do deputado federal Lafayette de Andrada (Republicanos\/MG), a Frente Parlamentar Mista em Defesa da Advocacia P\u00fablica tem como finalidades acompanhar a atua\u00e7\u00e3o dos advogados em todo o pa\u00eds, assim como apoiar as pol\u00edticas oficiais voltadas para a categoria; promover debates, semin\u00e1rios e outros eventos relacionados ao trabalho e \u00e0s reivindica\u00e7\u00f5es da Advocacia P\u00fablica nacional; e buscar o aperfei\u00e7oamento da legisla\u00e7\u00e3o relacionada \u00e0 carreira e \u00e0s atribui\u00e7\u00f5es dos advogados, influenciando o processo legislativo a partir das comiss\u00f5es tem\u00e1ticas instaladas no Congresso Nacional.","_links":{"self":[{"href":"https:\/\/sinprofaz.org.br\/2024\/wp-json\/wp\/v2\/posts\/17632"}],"collection":[{"href":"https:\/\/sinprofaz.org.br\/2024\/wp-json\/wp\/v2\/posts"}],"about":[{"href":"https:\/\/sinprofaz.org.br\/2024\/wp-json\/wp\/v2\/types\/post"}],"author":[{"embeddable":true,"href":"https:\/\/sinprofaz.org.br\/2024\/wp-json\/wp\/v2\/users\/2"}],"replies":[{"embeddable":true,"href":"https:\/\/sinprofaz.org.br\/2024\/wp-json\/wp\/v2\/comments?post=17632"}],"version-history":[{"count":2,"href":"https:\/\/sinprofaz.org.br\/2024\/wp-json\/wp\/v2\/posts\/17632\/revisions"}],"predecessor-version":[{"id":17638,"href":"https:\/\/sinprofaz.org.br\/2024\/wp-json\/wp\/v2\/posts\/17632\/revisions\/17638"}],"wp:featuredmedia":[{"embeddable":true,"href":"https:\/\/sinprofaz.org.br\/2024\/wp-json\/wp\/v2\/media\/17631"}],"wp:attachment":[{"href":"https:\/\/sinprofaz.org.br\/2024\/wp-json\/wp\/v2\/media?parent=17632"}],"wp:term":[{"taxonomy":"category","embeddable":true,"href":"https:\/\/sinprofaz.org.br\/2024\/wp-json\/wp\/v2\/categories?post=17632"},{"taxonomy":"post_tag","embeddable":true,"href":"https:\/\/sinprofaz.org.br\/2024\/wp-json\/wp\/v2\/tags?post=17632"}],"curies":[{"name":"wp","href":"https:\/\/api.w.org\/{rel}","templated":true}]}}