{"id":17594,"date":"2024-02-16T17:40:49","date_gmt":"2024-02-16T20:40:49","guid":{"rendered":"http:\/\/www.sinprofaz.org.br\/?p=17594"},"modified":"2024-02-16T17:40:49","modified_gmt":"2024-02-16T20:40:49","slug":"agu-e-tse-firmam-acordo-para-desenvolvimento-de-programas-de-capacitacao","status":"publish","type":"post","link":"https:\/\/sinprofaz.org.br\/2024\/noticias\/agu-e-tse-firmam-acordo-para-desenvolvimento-de-programas-de-capacitacao\/","title":{"rendered":"AGU E TSE FIRMAM ACORDO PARA DESENVOLVIMENTO DE PROGRAMAS DE CAPACITA\u00c7\u00c3O"},"content":{"rendered":"<p>A Escola Superior da Advocacia-Geral da Uni\u00e3o (ESAGU) e a Escola Judici\u00e1ria Eleitoral do Tribunal Superior Eleitoral (EJE\/TSE) formalizaram um acordo de coopera\u00e7\u00e3o t\u00e9cnica para\u00a0o desenvolvimento de atividades conjuntas. O acordo, assinado pelo ministro da AGU e filiado, Jorge Messias, e pelo presidente do TSE, Alexandre de Moraes, foi mediado pelo diretor da ESAGU e ex-presidente do SINPROFAZ, Jo\u00e3o Carlos Souto, assim como pelo diretor da EJE, Floriano de Azevedo Marques.<\/p>\n<p>Segundo Jo\u00e3o Carlos Souto, o acordo surgiu especialmente da necessidade de qualifica\u00e7\u00e3o e desenvolvimento dos integrantes das duas institui\u00e7\u00f5es na \u00e1rea do direito p\u00fablico. &#8220;Um dos primeiros cursos que desejamos oferecer ter\u00e1 como base uma cartilha elaborada pela Advocacia-Geral da Uni\u00e3o e tratar\u00e1 de condutas vedadas aos agentes p\u00fablicos em tempos de elei\u00e7\u00f5es. A AGU e o TSE j\u00e1 possuem uma parceria de longa data, mas a formaliza\u00e7\u00e3o desse acordo possibilitar\u00e1 que avancemos muito na promo\u00e7\u00e3o de atividades conjuntas.&#8221;<\/p>\n<p>O acordo de coopera\u00e7\u00e3o t\u00e9cnica visa ao desenvolvimento de programas, semin\u00e1rios, pesquisas e estudos sobre direito p\u00fablico, governan\u00e7a democr\u00e1tica e advocacia na democracia. A iniciativa prev\u00ea, por exemplo, a oferta rec\u00edproca de vagas em cursos das duas escolas, al\u00e9m de atividades comuns entre a Escola do TSE e o Observat\u00f3rio da Democracia criado pela AGU.\u00a0As capacita\u00e7\u00f5es ter\u00e3o como prioridade o\u00a0aprimoramento t\u00e9cnico e cient\u00edfico dos agentes p\u00fablicos, mas tamb\u00e9m haver\u00e1 espa\u00e7o para a participa\u00e7\u00e3o da sociedade.<\/p>\n<p><em>Com informa\u00e7\u00f5es do Governo Federal<\/em><\/p>\n<p><!-- notionvc: 577b2969-2157-457b-a4d6-d49e209dccb5 --><\/p>\n","protected":false},"excerpt":{"rendered":"<p>O acordo, assinado pelo ministro da AGU e filiado, Jorge Messias, e pelo presidente do TSE, Alexandre de Moraes, foi mediado pelo diretor da ESAGU e ex-presidente do SINPROFAZ, Jo\u00e3o Carlos Souto, e pelo diretor da EJE, Floriano Marques.<\/p>\n","protected":false},"author":2,"featured_media":17593,"comment_status":"open","ping_status":"open","sticky":false,"template":"","format":"standard","meta":{"footnotes":""},"categories":[8],"tags":[43,213,214],"featured_image_url":"https:\/\/sinprofaz.org.br\/2024\/wp-content\/uploads\/2024\/02\/1-11.png","character_count":806,"formatted_date":"16\/02\/2024 - 17:40","contentNovo":"A Escola Superior da Advocacia-Geral da Uni\u00e3o (ESAGU) e a Escola Judici\u00e1ria Eleitoral do Tribunal Superior Eleitoral (EJE\/TSE) formalizaram um acordo de coopera\u00e7\u00e3o t\u00e9cnica para\u00a0o desenvolvimento de atividades conjuntas. O acordo, assinado pelo ministro da AGU e filiado, Jorge Messias, e pelo presidente do TSE, Alexandre de Moraes, foi mediado pelo diretor da ESAGU e ex-presidente do SINPROFAZ, Jo\u00e3o Carlos Souto, assim como pelo diretor da EJE, Floriano de Azevedo Marques.\r\n\r\nSegundo Jo\u00e3o Carlos Souto, o acordo surgiu especialmente da necessidade de qualifica\u00e7\u00e3o e desenvolvimento dos integrantes das duas institui\u00e7\u00f5es na \u00e1rea do direito p\u00fablico. \"Um dos primeiros cursos que desejamos oferecer ter\u00e1 como base uma cartilha elaborada pela Advocacia-Geral da Uni\u00e3o e tratar\u00e1 de condutas vedadas aos agentes p\u00fablicos em tempos de elei\u00e7\u00f5es. A AGU e o TSE j\u00e1 possuem uma parceria de longa data, mas a formaliza\u00e7\u00e3o desse acordo possibilitar\u00e1 que avancemos muito na promo\u00e7\u00e3o de atividades conjuntas.\"\r\n\r\nO acordo de coopera\u00e7\u00e3o t\u00e9cnica visa ao desenvolvimento de programas, semin\u00e1rios, pesquisas e estudos sobre direito p\u00fablico, governan\u00e7a democr\u00e1tica e advocacia na democracia. A iniciativa prev\u00ea, por exemplo, a oferta rec\u00edproca de vagas em cursos das duas escolas, al\u00e9m de atividades comuns entre a Escola do TSE e o Observat\u00f3rio da Democracia criado pela AGU.\u00a0As capacita\u00e7\u00f5es ter\u00e3o como prioridade o\u00a0aprimoramento t\u00e9cnico e cient\u00edfico dos agentes p\u00fablicos, mas tamb\u00e9m haver\u00e1 espa\u00e7o para a participa\u00e7\u00e3o da sociedade.\r\n\r\n<em>Com informa\u00e7\u00f5es do Governo Federal<\/em>\r\n\r\n","_links":{"self":[{"href":"https:\/\/sinprofaz.org.br\/2024\/wp-json\/wp\/v2\/posts\/17594"}],"collection":[{"href":"https:\/\/sinprofaz.org.br\/2024\/wp-json\/wp\/v2\/posts"}],"about":[{"href":"https:\/\/sinprofaz.org.br\/2024\/wp-json\/wp\/v2\/types\/post"}],"author":[{"embeddable":true,"href":"https:\/\/sinprofaz.org.br\/2024\/wp-json\/wp\/v2\/users\/2"}],"replies":[{"embeddable":true,"href":"https:\/\/sinprofaz.org.br\/2024\/wp-json\/wp\/v2\/comments?post=17594"}],"version-history":[{"count":1,"href":"https:\/\/sinprofaz.org.br\/2024\/wp-json\/wp\/v2\/posts\/17594\/revisions"}],"predecessor-version":[{"id":17595,"href":"https:\/\/sinprofaz.org.br\/2024\/wp-json\/wp\/v2\/posts\/17594\/revisions\/17595"}],"wp:featuredmedia":[{"embeddable":true,"href":"https:\/\/sinprofaz.org.br\/2024\/wp-json\/wp\/v2\/media\/17593"}],"wp:attachment":[{"href":"https:\/\/sinprofaz.org.br\/2024\/wp-json\/wp\/v2\/media?parent=17594"}],"wp:term":[{"taxonomy":"category","embeddable":true,"href":"https:\/\/sinprofaz.org.br\/2024\/wp-json\/wp\/v2\/categories?post=17594"},{"taxonomy":"post_tag","embeddable":true,"href":"https:\/\/sinprofaz.org.br\/2024\/wp-json\/wp\/v2\/tags?post=17594"}],"curies":[{"name":"wp","href":"https:\/\/api.w.org\/{rel}","templated":true}]}}