{"id":1759,"date":"2014-05-09T13:43:21","date_gmt":"2014-05-09T13:43:21","guid":{"rendered":""},"modified":"-0001-11-30T00:00:00","modified_gmt":"-0001-11-30T03:00:00","slug":"honorarios-senador-jose-agripino-colocara-tema-em-pauta-na-bancada-do-dem","status":"publish","type":"post","link":"https:\/\/sinprofaz.org.br\/2024\/noticias\/honorarios-senador-jose-agripino-colocara-tema-em-pauta-na-bancada-do-dem\/","title":{"rendered":"Honor\u00e1rios: senador Jos\u00e9 Agripino colocar\u00e1 tema em pauta na bancada do DEM"},"content":{"rendered":"<p style=\"text-align: justify;\"><img loading=\"lazy\" decoding=\"async\" style=\"margin-right: 10px; float: left;\" alt=\"\" src=\"images\/noticias\/honorarios\/senador-jose-agripino\/foto-01.jpg\" height=\"154\" width=\"218\" \/>Na quarta-feira (7), dirigentes do Movimento Pr\u00f3-Honor\u00e1rios foram recebidos pelo senador, que lidera a bancada do DEM na Casa legislativa e se comprometeu a aprofundar debate com seu pares.<\/p>\n<p style=\"text-align: justify;\">O senador Jos\u00e9 Agripino ouviu atentamente aos argumentos do presidente do SINPROFAZ, Her\u00e1clio Camargo, e dos demais dirigentes do Movimento Pr\u00f3-Honor\u00e1rios.<\/p>\n<p style=\"text-align: justify;\">Na ocasi\u00e3o, foi ressaltado o papel importante da bancada do DEM para a aprova\u00e7\u00e3o dos honor\u00e1rios na C\u00e2mara, especialmente pelo engajamento dos deputados Efraim Filho (PB), Felipe Maia (RN) e Ronaldo Caiado (GO).<\/p>\n<p style=\"text-align: justify;\">A expectativa dos dirigentes \u00e9 que o partido tamb\u00e9m colabore para o bom debate da mat\u00e9ria no Senado, compromisso assumido pelo l\u00edder Jos\u00e9 Agripino na conversa desta semana.<\/p>\n","protected":false},"excerpt":{"rendered":"<p style=\"text-align: justify;\">Na quarta-feira (7), dirigentes do Movimento Pr\u00f3-Honor\u00e1rios foram recebidos pelo senador, que lidera a bancada do DEM na Casa legislativa e se comprometeu a aprofundar debate com seu pares.<\/p>\n","protected":false},"author":1,"featured_media":0,"comment_status":"closed","ping_status":"open","sticky":false,"template":"","format":"standard","meta":{"footnotes":""},"categories":[8],"tags":[],"featured_image_url":"https:\/\/dummyimage.com\/720x400","character_count":373,"formatted_date":"09\/05\/2014 - 13:43","contentNovo":"\r\n<p style=\"text-align: justify;\">Na quarta-feira (7), dirigentes do Movimento Pr\u00f3-Honor\u00e1rios foram recebidos pelo senador, que lidera a bancada do DEM na Casa legislativa e se comprometeu a aprofundar debate com seu pares.<\/p>\r\n<p style=\"text-align: justify;\">O senador Jos\u00e9 Agripino ouviu atentamente aos argumentos do presidente do SINPROFAZ, Her\u00e1clio Camargo, e dos demais dirigentes do Movimento Pr\u00f3-Honor\u00e1rios.<\/p>\r\n<p style=\"text-align: justify;\">Na ocasi\u00e3o, foi ressaltado o papel importante da bancada do DEM para a aprova\u00e7\u00e3o dos honor\u00e1rios na C\u00e2mara, especialmente pelo engajamento dos deputados Efraim Filho (PB), Felipe Maia (RN) e Ronaldo Caiado (GO).<\/p>\r\n<p style=\"text-align: justify;\">A expectativa dos dirigentes \u00e9 que o partido tamb\u00e9m colabore para o bom debate da mat\u00e9ria no Senado, compromisso assumido pelo l\u00edder Jos\u00e9 Agripino na conversa desta semana.<\/p>","_links":{"self":[{"href":"https:\/\/sinprofaz.org.br\/2024\/wp-json\/wp\/v2\/posts\/1759"}],"collection":[{"href":"https:\/\/sinprofaz.org.br\/2024\/wp-json\/wp\/v2\/posts"}],"about":[{"href":"https:\/\/sinprofaz.org.br\/2024\/wp-json\/wp\/v2\/types\/post"}],"author":[{"embeddable":true,"href":"https:\/\/sinprofaz.org.br\/2024\/wp-json\/wp\/v2\/users\/1"}],"replies":[{"embeddable":true,"href":"https:\/\/sinprofaz.org.br\/2024\/wp-json\/wp\/v2\/comments?post=1759"}],"version-history":[{"count":0,"href":"https:\/\/sinprofaz.org.br\/2024\/wp-json\/wp\/v2\/posts\/1759\/revisions"}],"wp:attachment":[{"href":"https:\/\/sinprofaz.org.br\/2024\/wp-json\/wp\/v2\/media?parent=1759"}],"wp:term":[{"taxonomy":"category","embeddable":true,"href":"https:\/\/sinprofaz.org.br\/2024\/wp-json\/wp\/v2\/categories?post=1759"},{"taxonomy":"post_tag","embeddable":true,"href":"https:\/\/sinprofaz.org.br\/2024\/wp-json\/wp\/v2\/tags?post=1759"}],"curies":[{"name":"wp","href":"https:\/\/api.w.org\/{rel}","templated":true}]}}