{"id":17582,"date":"2024-02-09T14:26:04","date_gmt":"2024-02-09T17:26:04","guid":{"rendered":"http:\/\/www.sinprofaz.org.br\/?p=17582"},"modified":"2024-02-09T14:26:04","modified_gmt":"2024-02-09T17:26:04","slug":"sinprofaz-sedia-reuniao-das-entidades-integrantes-do-forvm","status":"publish","type":"post","link":"https:\/\/sinprofaz.org.br\/2024\/noticias\/sinprofaz-sedia-reuniao-das-entidades-integrantes-do-forvm\/","title":{"rendered":"SINPROFAZ SEDIA REUNI\u00c3O DAS ENTIDADES INTEGRANTES DO FORVM"},"content":{"rendered":"<p>O SINPROFAZ, representado pela presidente Iolanda Guindani, sediou na quarta-feira (7) uma reuni\u00e3o entre as entidades do F\u00f3rum Nacional da Advocacia P\u00fablica Federal. Juntamente com o Sindicato, comp\u00f5em o FORVM a ANAJUR, a ANAUNI e a ANPPREV &#8211; o que torna o F\u00f3rum Nacional a maior entidade representativa da Advocacia P\u00fablica Federal no Pa\u00eds. Unidos, os dirigentes sindicais e associativos discutiram a agenda do ano, com destaque para as pautas a serem trabalhadas junto \u00e0 Frente Parlamentar Mista em Defesa da Advocacia P\u00fablica.<\/p>\n<p>Quest\u00f5es internas relativas aos Membros da AGU tamb\u00e9m foram debatidas. Em consenso, os dirigentes do FORVM deliberaram sobre of\u00edcio, encaminhado ao advogado-geral da Uni\u00e3o, a respeito da cria\u00e7\u00e3o de uma comiss\u00e3o que re\u00fana AGU, CCHA e entidades e que se responsabilize pelo atendimento de reivindica\u00e7\u00f5es justas, como o pagamento de verbas indenizat\u00f3rias aos advogados p\u00fablicos. Ao ministro da Advocacia-Geral da Uni\u00e3o tamb\u00e9m foi reiterada a urg\u00eancia de uma reuni\u00e3o para que o FORVM apresente quest\u00f5es pertinentes \u00e0 defesa do teletrabalho e \u00e0 nomea\u00e7\u00e3o dos novos Membros.<\/p>\n<p><b>Sobre o FORVM<\/b><\/p>\n<p>O FORVM representa todas as carreiras da AGU, isto \u00e9, procuradores da Fazenda Nacional, advogados da Uni\u00e3o, procuradores do Banco Central e procuradores federais. Em atua\u00e7\u00e3o coordenada, as entidades integrantes lutam por objetivos comuns, com vistas \u00e0 valoriza\u00e7\u00e3o dos Membros da Advocacia-Geral da Uni\u00e3o. Em \u00faltima an\u00e1lise, essa atua\u00e7\u00e3o conjunta fortalece a pr\u00f3pria AGU e torna cada vez mais eficientes e especializados os servi\u00e7os prestados pela Institui\u00e7\u00e3o em benef\u00edcio das cidad\u00e3s e dos cidad\u00e3os brasileiros. Saiba mais sobre o FORVM: <a href=\"http:\/\/www.advocaciapublica.com.br\/\">www.advocaciapublica.com.br<\/a><\/p>\n\n\t\t<style type=\"text\/css\">\n\t\t\t#gallery-1 {\n\t\t\t\tmargin: auto;\n\t\t\t}\n\t\t\t#gallery-1 .gallery-item {\n\t\t\t\tfloat: left;\n\t\t\t\tmargin-top: 10px;\n\t\t\t\ttext-align: center;\n\t\t\t\twidth: 33%;\n\t\t\t}\n\t\t\t#gallery-1 img {\n\t\t\t\tborder: 2px solid #cfcfcf;\n\t\t\t}\n\t\t\t#gallery-1 .gallery-caption {\n\t\t\t\tmargin-left: 0;\n\t\t\t}\n\t\t\t\/* see gallery_shortcode() in wp-includes\/media.php *\/\n\t\t<\/style>\n\t\t<div id='gallery-1' class='gallery galleryid-17582 gallery-columns-3 gallery-size-thumbnail'><dl class='gallery-item'>\n\t\t\t<dt class='gallery-icon landscape'>\n\t\t\t\t<a href='https:\/\/sinprofaz.org.br\/2024\/wp-content\/uploads\/2024\/02\/2-3.png'><img loading=\"lazy\" decoding=\"async\" width=\"150\" height=\"150\" src=\"https:\/\/sinprofaz.org.br\/2024\/wp-content\/uploads\/2024\/02\/2-3-150x150.png\" class=\"attachment-thumbnail size-thumbnail\" alt=\"\" \/><\/a>\n\t\t\t<\/dt><\/dl>\n\t\t\t<br style='clear: both' \/>\n\t\t<\/div>\n\n","protected":false},"excerpt":{"rendered":"<p>O SINPROFAZ sediou reuni\u00e3o entre as entidades do F\u00f3rum Nacional da Advocacia P\u00fablica Federal. Juntamente com o Sindicato, comp\u00f5em o FORVM a ANAJUR, a ANAUNI e a ANPPREV &#8211; o que torna o F\u00f3rum a maior entidade representativa da Advocacia P\u00fablica Federal no Pa\u00eds.<\/p>\n","protected":false},"author":2,"featured_media":17580,"comment_status":"open","ping_status":"open","sticky":false,"template":"","format":"standard","meta":{"footnotes":""},"categories":[8],"tags":[23,137,25],"featured_image_url":"https:\/\/sinprofaz.org.br\/2024\/wp-content\/uploads\/2024\/02\/1-8.png","character_count":1045,"formatted_date":"09\/02\/2024 - 14:26","contentNovo":"O SINPROFAZ, representado pela presidente Iolanda Guindani, sediou na quarta-feira (7) uma reuni\u00e3o entre as entidades do F\u00f3rum Nacional da Advocacia P\u00fablica Federal. Juntamente com o Sindicato, comp\u00f5em o FORVM a ANAJUR, a ANAUNI e a ANPPREV - o que torna o F\u00f3rum Nacional a maior entidade representativa da Advocacia P\u00fablica Federal no Pa\u00eds. Unidos, os dirigentes sindicais e associativos discutiram a agenda do ano, com destaque para as pautas a serem trabalhadas junto \u00e0 Frente Parlamentar Mista em Defesa da Advocacia P\u00fablica.\r\n\r\nQuest\u00f5es internas relativas aos Membros da AGU tamb\u00e9m foram debatidas. Em consenso, os dirigentes do FORVM deliberaram sobre of\u00edcio, encaminhado ao advogado-geral da Uni\u00e3o, a respeito da cria\u00e7\u00e3o de uma comiss\u00e3o que re\u00fana AGU, CCHA e entidades e que se responsabilize pelo atendimento de reivindica\u00e7\u00f5es justas, como o pagamento de verbas indenizat\u00f3rias aos advogados p\u00fablicos. Ao ministro da Advocacia-Geral da Uni\u00e3o tamb\u00e9m foi reiterada a urg\u00eancia de uma reuni\u00e3o para que o FORVM apresente quest\u00f5es pertinentes \u00e0 defesa do teletrabalho e \u00e0 nomea\u00e7\u00e3o dos novos Membros.\r\n\r\nSobre o FORVM\r\n\r\nO FORVM representa todas as carreiras da AGU, isto \u00e9, procuradores da Fazenda Nacional, advogados da Uni\u00e3o, procuradores do Banco Central e procuradores federais. Em atua\u00e7\u00e3o coordenada, as entidades integrantes lutam por objetivos comuns, com vistas \u00e0 valoriza\u00e7\u00e3o dos Membros da Advocacia-Geral da Uni\u00e3o. Em \u00faltima an\u00e1lise, essa atua\u00e7\u00e3o conjunta fortalece a pr\u00f3pria AGU e torna cada vez mais eficientes e especializados os servi\u00e7os prestados pela Institui\u00e7\u00e3o em benef\u00edcio das cidad\u00e3s e dos cidad\u00e3os brasileiros. Saiba mais sobre o FORVM: <a href=\"http:\/\/www.advocaciapublica.com.br\/\">www.advocaciapublica.com.br<\/a>\r\n\r\n[gallery link=\"file\" ids=\"17581\"]","_links":{"self":[{"href":"https:\/\/sinprofaz.org.br\/2024\/wp-json\/wp\/v2\/posts\/17582"}],"collection":[{"href":"https:\/\/sinprofaz.org.br\/2024\/wp-json\/wp\/v2\/posts"}],"about":[{"href":"https:\/\/sinprofaz.org.br\/2024\/wp-json\/wp\/v2\/types\/post"}],"author":[{"embeddable":true,"href":"https:\/\/sinprofaz.org.br\/2024\/wp-json\/wp\/v2\/users\/2"}],"replies":[{"embeddable":true,"href":"https:\/\/sinprofaz.org.br\/2024\/wp-json\/wp\/v2\/comments?post=17582"}],"version-history":[{"count":1,"href":"https:\/\/sinprofaz.org.br\/2024\/wp-json\/wp\/v2\/posts\/17582\/revisions"}],"predecessor-version":[{"id":17583,"href":"https:\/\/sinprofaz.org.br\/2024\/wp-json\/wp\/v2\/posts\/17582\/revisions\/17583"}],"wp:featuredmedia":[{"embeddable":true,"href":"https:\/\/sinprofaz.org.br\/2024\/wp-json\/wp\/v2\/media\/17580"}],"wp:attachment":[{"href":"https:\/\/sinprofaz.org.br\/2024\/wp-json\/wp\/v2\/media?parent=17582"}],"wp:term":[{"taxonomy":"category","embeddable":true,"href":"https:\/\/sinprofaz.org.br\/2024\/wp-json\/wp\/v2\/categories?post=17582"},{"taxonomy":"post_tag","embeddable":true,"href":"https:\/\/sinprofaz.org.br\/2024\/wp-json\/wp\/v2\/tags?post=17582"}],"curies":[{"name":"wp","href":"https:\/\/api.w.org\/{rel}","templated":true}]}}