{"id":1757,"date":"2014-05-08T20:02:58","date_gmt":"2014-05-08T20:02:58","guid":{"rendered":""},"modified":"-0001-11-30T00:00:00","modified_gmt":"-0001-11-30T03:00:00","slug":"oab-reitera-apoio-a-pleitos-das-carreiras-da-advocacia-publica","status":"publish","type":"post","link":"https:\/\/sinprofaz.org.br\/2024\/noticias\/oab-reitera-apoio-a-pleitos-das-carreiras-da-advocacia-publica\/","title":{"rendered":"OAB reitera apoio a pleitos das Carreiras da Advocacia P\u00fablica"},"content":{"rendered":"<p><img loading=\"lazy\" decoding=\"async\" style=\"margin-right: 10px; float: left;\" alt=\"\" src=\"images\/noticias\/oab-reitera-pleitos-advocacia-publica\/foto-01b.jpg\" height=\"133\" width=\"200\" \/>Em audi\u00eancia na sede do Conselho Federal, o presidente Marcus Vinicius reiterou o engajamento da Ordem pela aprova\u00e7\u00e3o dos honor\u00e1rios e da PEC da Probidade.<\/p>\n<p>Nesta quinta-feira, 8\/5, o presidente do SINPROFAZ, Her\u00e1clio Camargo, e demais dirigentes da Advocacia P\u00fablica Federal foram recebidos pelo presidente do Conselho Federal da OAB, Marcus Vinicius Furtado Co\u00ealho.<\/p>\n<p>Na audi\u00eancia, o presidente do Conselho Federal da OAB parabenizou os dirigentes pelo \u00eaxito na aprova\u00e7\u00e3o ontem (7) da PEC 82\/2007 na comiss\u00e3o especial da C\u00e2mara. Na oportunidade, Marcus Vinicius renovou o compromisso da Ordem com a autonomia e prerrogativas aos advogados p\u00fablicos nos termos da PEC da Probidade.<\/p>\n<p>O presidente da Ordem afirmou que continuar\u00e1 atuando de forma ostensiva pela aprova\u00e7\u00e3o da PEC 82\/2007 na C\u00e2mara e tamb\u00e9m pela ratifica\u00e7\u00e3o no Senado do pagamento de honor\u00e1rios de sucumb\u00eancia aos advogados p\u00fablicos, conforme disposto no art. 85 do novo C\u00f3digo de Processo Civil.<\/p>\n<p>Al\u00e9m do presidente do SINPROFAZ, estavam presentes na audi\u00eancia: o presidente da Anpaf, Rog\u00e9rio Filomeno; o presidente da Anauni, Rommel Macedo; a presidente da Anajur, Joana Mello; o presidente da Anpprev, Ant\u00f4nio Rodrigues; a diretora-geral da Unafe, Simone Ambr\u00f3sio; e o vice-presidente da APBC, Vin\u00edcius Xavier Ferreira. Cr\u00e9dito da foto: Eugenio Novaes &#8211; CFOAB<\/p>\n","protected":false},"excerpt":{"rendered":"<p>Em audi\u00eancia na sede do Conselho Federal, o presidente Marcus Vinicius reiterou o engajamento da Ordem pela aprova\u00e7\u00e3o dos honor\u00e1rios e da PEC da Probidade.<\/p>\n","protected":false},"author":1,"featured_media":0,"comment_status":"closed","ping_status":"open","sticky":false,"template":"","format":"standard","meta":{"footnotes":""},"categories":[8],"tags":[],"featured_image_url":"https:\/\/dummyimage.com\/720x400","character_count":680,"formatted_date":"08\/05\/2014 - 20:02","contentNovo":"\r\n<p>Em audi\u00eancia na sede do Conselho Federal, o presidente Marcus Vinicius reiterou o engajamento da Ordem pela aprova\u00e7\u00e3o dos honor\u00e1rios e da PEC da Probidade.<\/p>\r\n<p>Nesta quinta-feira, 8\/5, o presidente do SINPROFAZ, Her\u00e1clio Camargo, e demais dirigentes da Advocacia P\u00fablica Federal foram recebidos pelo presidente do Conselho Federal da OAB, Marcus Vinicius Furtado Co\u00ealho.<\/p>\r\n<p>Na audi\u00eancia, o presidente do Conselho Federal da OAB parabenizou os dirigentes pelo \u00eaxito na aprova\u00e7\u00e3o ontem (7) da PEC 82\/2007 na comiss\u00e3o especial da C\u00e2mara. Na oportunidade, Marcus Vinicius renovou o compromisso da Ordem com a autonomia e prerrogativas aos advogados p\u00fablicos nos termos da PEC da Probidade.<\/p>\r\n<p>O presidente da Ordem afirmou que continuar\u00e1 atuando de forma ostensiva pela aprova\u00e7\u00e3o da PEC 82\/2007 na C\u00e2mara e tamb\u00e9m pela ratifica\u00e7\u00e3o no Senado do pagamento de honor\u00e1rios de sucumb\u00eancia aos advogados p\u00fablicos, conforme disposto no art. 85 do novo C\u00f3digo de Processo Civil.<\/p>\r\n<p>Al\u00e9m do presidente do SINPROFAZ, estavam presentes na audi\u00eancia: o presidente da Anpaf, Rog\u00e9rio Filomeno; o presidente da Anauni, Rommel Macedo; a presidente da Anajur, Joana Mello; o presidente da Anpprev, Ant\u00f4nio Rodrigues; a diretora-geral da Unafe, Simone Ambr\u00f3sio; e o vice-presidente da APBC, Vin\u00edcius Xavier Ferreira. Cr\u00e9dito da foto: Eugenio Novaes - CFOAB<\/p>","_links":{"self":[{"href":"https:\/\/sinprofaz.org.br\/2024\/wp-json\/wp\/v2\/posts\/1757"}],"collection":[{"href":"https:\/\/sinprofaz.org.br\/2024\/wp-json\/wp\/v2\/posts"}],"about":[{"href":"https:\/\/sinprofaz.org.br\/2024\/wp-json\/wp\/v2\/types\/post"}],"author":[{"embeddable":true,"href":"https:\/\/sinprofaz.org.br\/2024\/wp-json\/wp\/v2\/users\/1"}],"replies":[{"embeddable":true,"href":"https:\/\/sinprofaz.org.br\/2024\/wp-json\/wp\/v2\/comments?post=1757"}],"version-history":[{"count":0,"href":"https:\/\/sinprofaz.org.br\/2024\/wp-json\/wp\/v2\/posts\/1757\/revisions"}],"wp:attachment":[{"href":"https:\/\/sinprofaz.org.br\/2024\/wp-json\/wp\/v2\/media?parent=1757"}],"wp:term":[{"taxonomy":"category","embeddable":true,"href":"https:\/\/sinprofaz.org.br\/2024\/wp-json\/wp\/v2\/categories?post=1757"},{"taxonomy":"post_tag","embeddable":true,"href":"https:\/\/sinprofaz.org.br\/2024\/wp-json\/wp\/v2\/tags?post=1757"}],"curies":[{"name":"wp","href":"https:\/\/api.w.org\/{rel}","templated":true}]}}