{"id":17557,"date":"2024-02-07T08:25:48","date_gmt":"2024-02-07T11:25:48","guid":{"rendered":"http:\/\/www.sinprofaz.org.br\/?p=17557"},"modified":"2024-02-07T10:09:28","modified_gmt":"2024-02-07T13:09:28","slug":"sinprofaz-apoia-mosap-na-luta-por-adesoes-a-pec-social","status":"publish","type":"post","link":"https:\/\/sinprofaz.org.br\/2024\/noticias\/sinprofaz-apoia-mosap-na-luta-por-adesoes-a-pec-social\/","title":{"rendered":"SINPROFAZ APOIA MOSAP NA LUTA POR ADES\u00d5ES \u00c0 PEC SOCIAL"},"content":{"rendered":"<p>O SINPROFAZ, representado pela presidente Iolanda Guindani, participou na ter\u00e7a-feira (6) de reuni\u00e3o com integrantes do Movimento Nacional dos Servidores P\u00fablicos Aposentados e Pensionistas &#8211; Instituto Mosap, do qual o Sindicato faz parte. Dentre os participantes do encontro, esteve tamb\u00e9m o presidente da entidade, Edison Haubert, que pautou temas relativos aos aposentados e pensionistas do servi\u00e7o p\u00fablico nacional.<\/p>\n<p>Entre os assuntos debatidos esteve o refor\u00e7o do trabalho parlamentar voltado \u00e0 coleta de assinaturas para a chamada PEC Social, de autoria do deputado federal Cl\u00e9ber Verde (MDB\/MA). A meta do Mosap \u00e9 obter 171 assinaturas e apensar a mat\u00e9ria \u00e0 PEC 555\/2006. Dessa forma, n\u00e3o ser\u00e1 necess\u00e1rio \u00e0 PEC Social tramitar na Comiss\u00e3o de Constitui\u00e7\u00e3o e Justi\u00e7a e de Cidadania da C\u00e2mara e nem na Comiss\u00e3o Especial da Casa, visto que ambas as etapas j\u00e1 foram superadas na tramita\u00e7\u00e3o da PEC 555.<\/p>\n<p><strong>Mobiliza\u00e7\u00e3o da Carreira<br \/>\n<\/strong>Para viabilizar a PEC Social, cujos dispositivos garantem maior justi\u00e7a e equidade para servidores aposentados e pensionistas, o SINPROFAZ convoca os PFNs interessados para aderirem ao trabalho de coleta de assinaturas. A orienta\u00e7\u00e3o do Mosap \u00e9 que os PFNs busquem ades\u00f5es junto aos deputados nas respectivas bases. A minuta da PEC Social foi apresentada no m\u00eas de outubro, durante o 17\u00ba Encontro Nacional dos Servidores P\u00fablicos Aposentados e Pensionistas. Para conferir o texto e o QR Code para coleta de assinaturas,\u00a0<a href=\"http:\/\/www.sinprofaz.org.br\/2016\/wp-content\/uploads\/2024\/02\/NOVA-PEC-APENSADA-%C3%80-PEC-555-06.pdf\" target=\"_blank\" rel=\"noopener\">clique aqui<\/a>.<\/p>\n<p><!-- notionvc: ba1ef1e5-6da7-471e-8d79-9c43aba461d3 --><\/p>\n","protected":false},"excerpt":{"rendered":"<p>A presidente Iolanda Guindani participou ontem (6) de reuni\u00e3o do Movimento Nacional dos Servidores P\u00fablicos Aposentados e Pensionistas &#8211; Instituto Mosap, do qual o Sindicato faz parte. Dentre os participantes do encontro, esteve tamb\u00e9m o presidente da entidade, Edison Haubert.<\/p>\n","protected":false},"author":2,"featured_media":17556,"comment_status":"open","ping_status":"open","sticky":false,"template":"","format":"standard","meta":{"footnotes":""},"categories":[8],"tags":[48,73,25],"featured_image_url":"https:\/\/sinprofaz.org.br\/2024\/wp-content\/uploads\/2024\/02\/1-4.png","character_count":751,"formatted_date":"07\/02\/2024 - 08:25","contentNovo":"O SINPROFAZ, representado pela presidente Iolanda Guindani, participou na ter\u00e7a-feira (6) de reuni\u00e3o com integrantes do Movimento Nacional dos Servidores P\u00fablicos Aposentados e Pensionistas - Instituto Mosap, do qual o Sindicato faz parte. Dentre os participantes do encontro, esteve tamb\u00e9m o presidente da entidade, Edison Haubert, que pautou temas relativos aos aposentados e pensionistas do servi\u00e7o p\u00fablico nacional.\r\n\r\nEntre os assuntos debatidos esteve o refor\u00e7o do trabalho parlamentar voltado \u00e0 coleta de assinaturas para a chamada PEC Social, de autoria do deputado federal Cl\u00e9ber Verde (MDB\/MA). A meta do Mosap \u00e9 obter 171 assinaturas e apensar a mat\u00e9ria \u00e0 PEC 555\/2006. Dessa forma, n\u00e3o ser\u00e1 necess\u00e1rio \u00e0 PEC Social tramitar na Comiss\u00e3o de Constitui\u00e7\u00e3o e Justi\u00e7a e de Cidadania da C\u00e2mara e nem na Comiss\u00e3o Especial da Casa, visto que ambas as etapas j\u00e1 foram superadas na tramita\u00e7\u00e3o da PEC 555.\r\n\r\n<strong>Mobiliza\u00e7\u00e3o da Carreira\r\n<\/strong>Para viabilizar a PEC Social, cujos dispositivos garantem maior justi\u00e7a e equidade para servidores aposentados e pensionistas, o SINPROFAZ convoca os PFNs interessados para aderirem ao trabalho de coleta de assinaturas. A orienta\u00e7\u00e3o do Mosap \u00e9 que os PFNs busquem ades\u00f5es junto aos deputados nas respectivas bases. A minuta da PEC Social foi apresentada no m\u00eas de outubro, durante o 17\u00ba Encontro Nacional dos Servidores P\u00fablicos Aposentados e Pensionistas. Para conferir o texto e o QR Code para coleta de assinaturas,\u00a0<a href=\"http:\/\/www.sinprofaz.org.br\/2016\/wp-content\/uploads\/2024\/02\/NOVA-PEC-APENSADA-%C3%80-PEC-555-06.pdf\" target=\"_blank\" rel=\"noopener\">clique aqui<\/a>.\r\n\r\n","_links":{"self":[{"href":"https:\/\/sinprofaz.org.br\/2024\/wp-json\/wp\/v2\/posts\/17557"}],"collection":[{"href":"https:\/\/sinprofaz.org.br\/2024\/wp-json\/wp\/v2\/posts"}],"about":[{"href":"https:\/\/sinprofaz.org.br\/2024\/wp-json\/wp\/v2\/types\/post"}],"author":[{"embeddable":true,"href":"https:\/\/sinprofaz.org.br\/2024\/wp-json\/wp\/v2\/users\/2"}],"replies":[{"embeddable":true,"href":"https:\/\/sinprofaz.org.br\/2024\/wp-json\/wp\/v2\/comments?post=17557"}],"version-history":[{"count":3,"href":"https:\/\/sinprofaz.org.br\/2024\/wp-json\/wp\/v2\/posts\/17557\/revisions"}],"predecessor-version":[{"id":17561,"href":"https:\/\/sinprofaz.org.br\/2024\/wp-json\/wp\/v2\/posts\/17557\/revisions\/17561"}],"wp:featuredmedia":[{"embeddable":true,"href":"https:\/\/sinprofaz.org.br\/2024\/wp-json\/wp\/v2\/media\/17556"}],"wp:attachment":[{"href":"https:\/\/sinprofaz.org.br\/2024\/wp-json\/wp\/v2\/media?parent=17557"}],"wp:term":[{"taxonomy":"category","embeddable":true,"href":"https:\/\/sinprofaz.org.br\/2024\/wp-json\/wp\/v2\/categories?post=17557"},{"taxonomy":"post_tag","embeddable":true,"href":"https:\/\/sinprofaz.org.br\/2024\/wp-json\/wp\/v2\/tags?post=17557"}],"curies":[{"name":"wp","href":"https:\/\/api.w.org\/{rel}","templated":true}]}}