{"id":17534,"date":"2024-02-05T08:26:44","date_gmt":"2024-02-05T11:26:44","guid":{"rendered":"http:\/\/www.sinprofaz.org.br\/?p=17534"},"modified":"2024-02-05T08:26:44","modified_gmt":"2024-02-05T11:26:44","slug":"sinprofaz-e-comissao-de-dialogo-da-agu-realizam-primeira-reuniao-ordinaria-do-ano","status":"publish","type":"post","link":"https:\/\/sinprofaz.org.br\/2024\/noticias\/sinprofaz-e-comissao-de-dialogo-da-agu-realizam-primeira-reuniao-ordinaria-do-ano\/","title":{"rendered":"SINPROFAZ E COMISS\u00c3O DE DI\u00c1LOGO DA AGU REALIZAM PRIMEIRA REUNI\u00c3O ORDIN\u00c1RIA DO ANO"},"content":{"rendered":"<p>A presidente do SINPROFAZ, Iolanda Guindani, compareceu na sexta-feira (2) \u00e0 primeira reuni\u00e3o ordin\u00e1ria do ano realizada entre a Comiss\u00e3o de Di\u00e1logo da AGU e as entidades representativas da Advocacia P\u00fablica. Do encontro, promovido na sede da Advocacia-Geral da Uni\u00e3o, em Bras\u00edlia\/DF, tamb\u00e9m participaram filiadas e filiados como Claudia Trindade, assessora especial de Diversidade e Inclus\u00e3o; Her\u00e1clio Camargo, corregedor-geral da Advocacia da Uni\u00e3o; Eduardo Ara\u00fajo, corregedor auxiliar 2; Mariana Montenegro, coordenadora interina de Integridade P\u00fablica na Corregedoria; e Jo\u00e3o Carlos Souto, diretor da Escola Superior da Advocacia-Geral da Uni\u00e3o.<\/p>\n<p>A 1\u00aa Jornada da Sa\u00fade Mental na AGU pautou as exposi\u00e7\u00f5es iniciais. De acordo com os representantes da Administra\u00e7\u00e3o, os feedbacks sobre a iniciativa foram bastante positivos, o que motiva a equipe a planejar novas a\u00e7\u00f5es relacionadas ao tema. Ao abordar o assunto, Iolanda Guindani reiterou a necessidade de a AGU possuir um sistema pr\u00f3prio e eficiente de aten\u00e7\u00e3o aos Membros, que funcione tanto na preven\u00e7\u00e3o quanto no diagn\u00f3stico de quadros de sofrimento emocional.<\/p>\n<p>O tema do teletrabalho foi ent\u00e3o discutido. Clarice Calixto, secret\u00e1ria-geral da AGU, reiterou o firme prop\u00f3sito da Administra\u00e7\u00e3o de manter a Portaria Normativa n\u00ba 125\/2024, que regulamenta o teletrabalho de advogados da Uni\u00e3o e procuradores federais. Segundo ela, flexibiliza\u00e7\u00f5es poder\u00e3o ocorrer ao longo da regulamenta\u00e7\u00e3o da norma e, at\u00e9 mesmo, em momento posterior, se acaso o regramento se revelar ineficaz. Embora a nova norma n\u00e3o afete os PFNs, Iolanda Guindani lembrou que a Carreira vem apresentando resultados recordes, que revelam a efici\u00eancia do sistema adotado pela PGFN. Os PFNs, ademais, nunca aceitar\u00e3o retrocessos, a exemplo do m\u00e9todo arcaico de controle de ponto, ao qual n\u00e3o est\u00e3o submetidos.<\/p>\n<p><strong>Recursos humanos<br \/>\n<\/strong>Na sequ\u00eancia da reuni\u00e3o, a equipe da AGU apresentou o Programa Acolhida, pensado para a recep\u00e7\u00e3o aos Membros que, em breve, ser\u00e3o empossados. O Programa inclui um curso de forma\u00e7\u00e3o com fases presencial e virtual e uma mentoria para estrutura\u00e7\u00e3o de planos individuais de desenvolvimento profissional. O novo modelo de concurso para servidores t\u00e9cnicos da AGU tamb\u00e9m foi apresentado pela equipe respons\u00e1vel, cuja previs\u00e3o \u00e9 de receber os novos quadros em meados do segundo semestre do ano. Haja vista os recursos humanos que dever\u00e3o ingressar na AGU nos pr\u00f3ximos meses, novas estrat\u00e9gias de gest\u00e3o de pessoas ser\u00e3o colocadas em pr\u00e1tica no \u00f3rg\u00e3o.<\/p>\n<p>Sobre o tema da nomea\u00e7\u00e3o dos futuros Colegas, a presidente do SINPROFAZ se manifestou. De acordo com Iolanda Guindani, n\u00e3o ser\u00e1 tolerado qualquer tratamento discriminat\u00f3rio por parte da AGU no provimento de vagas nas carreiras do \u00f3rg\u00e3o. Na qualidade de futuros Membros da Advocacia-Geral da Uni\u00e3o, procuradores da Fazenda Nacional devem ser nomeados em quantidade id\u00eantica \u00e0 de advogados da Uni\u00e3o e procuradores federais. &#8220;Essa isonomia representa um pleito inegoci\u00e1vel do SINPROFAZ\u201d, afirmou a presidente.<\/p>\n<p>Por fim, embora o tema n\u00e3o fizesse parte da pauta da reuni\u00e3o, Iolanda Guindani destacou a necessidade de cria\u00e7\u00e3o de um grupo que re\u00fana AGU, CCHA e entidades representativas e que atue para efetivar a\u00e7\u00f5es concretas com vistas ao atendimento das justas reivindica\u00e7\u00f5es dos advogados p\u00fablicos de pagamento de verbas indenizat\u00f3rias.<\/p>\n\n\t\t<style type=\"text\/css\">\n\t\t\t#gallery-1 {\n\t\t\t\tmargin: auto;\n\t\t\t}\n\t\t\t#gallery-1 .gallery-item {\n\t\t\t\tfloat: left;\n\t\t\t\tmargin-top: 10px;\n\t\t\t\ttext-align: center;\n\t\t\t\twidth: 33%;\n\t\t\t}\n\t\t\t#gallery-1 img {\n\t\t\t\tborder: 2px solid #cfcfcf;\n\t\t\t}\n\t\t\t#gallery-1 .gallery-caption {\n\t\t\t\tmargin-left: 0;\n\t\t\t}\n\t\t\t\/* see gallery_shortcode() in wp-includes\/media.php *\/\n\t\t<\/style>\n\t\t<div id='gallery-1' class='gallery galleryid-17534 gallery-columns-3 gallery-size-thumbnail'><dl class='gallery-item'>\n\t\t\t<dt class='gallery-icon landscape'>\n\t\t\t\t<a href='https:\/\/sinprofaz.org.br\/2024\/wp-content\/uploads\/2024\/02\/2-1.png'><img loading=\"lazy\" decoding=\"async\" width=\"150\" height=\"150\" src=\"https:\/\/sinprofaz.org.br\/2024\/wp-content\/uploads\/2024\/02\/2-1-150x150.png\" class=\"attachment-thumbnail size-thumbnail\" alt=\"\" \/><\/a>\n\t\t\t<\/dt><\/dl><dl class='gallery-item'>\n\t\t\t<dt class='gallery-icon landscape'>\n\t\t\t\t<a href='https:\/\/sinprofaz.org.br\/2024\/wp-content\/uploads\/2024\/02\/3-1.png'><img loading=\"lazy\" decoding=\"async\" width=\"150\" height=\"150\" src=\"https:\/\/sinprofaz.org.br\/2024\/wp-content\/uploads\/2024\/02\/3-1-150x150.png\" class=\"attachment-thumbnail size-thumbnail\" alt=\"\" \/><\/a>\n\t\t\t<\/dt><\/dl><dl class='gallery-item'>\n\t\t\t<dt class='gallery-icon landscape'>\n\t\t\t\t<a href='https:\/\/sinprofaz.org.br\/2024\/wp-content\/uploads\/2024\/02\/4-1.png'><img loading=\"lazy\" decoding=\"async\" width=\"150\" height=\"150\" src=\"https:\/\/sinprofaz.org.br\/2024\/wp-content\/uploads\/2024\/02\/4-1-150x150.png\" class=\"attachment-thumbnail size-thumbnail\" alt=\"\" \/><\/a>\n\t\t\t<\/dt><\/dl><br style=\"clear: both\" \/>\n\t\t<\/div>\n\n<p><!-- notionvc: 013cde7b-c737-4e29-8efd-0f03e7615219 --><\/p>\n","protected":false},"excerpt":{"rendered":"<p>Iolanda Guindani compareceu \u00e0 primeira reuni\u00e3o ordin\u00e1ria do ano realizada entre a Comiss\u00e3o de Di\u00e1logo da AGU e as entidades representativas da Advocacia P\u00fablica. O encontro foi promovido na sede da Advocacia-Geral da Uni\u00e3o, em Bras\u00edlia\/DF.<\/p>\n","protected":false},"author":2,"featured_media":17535,"comment_status":"open","ping_status":"open","sticky":false,"template":"","format":"standard","meta":{"footnotes":""},"categories":[8],"tags":[43,32,25],"featured_image_url":"https:\/\/sinprofaz.org.br\/2024\/wp-content\/uploads\/2024\/02\/1-1.png","character_count":1902,"formatted_date":"05\/02\/2024 - 08:26","contentNovo":"A presidente do SINPROFAZ, Iolanda Guindani, compareceu na sexta-feira (2) \u00e0 primeira reuni\u00e3o ordin\u00e1ria do ano realizada entre a Comiss\u00e3o de Di\u00e1logo da AGU e as entidades representativas da Advocacia P\u00fablica. Do encontro, promovido na sede da Advocacia-Geral da Uni\u00e3o, em Bras\u00edlia\/DF, tamb\u00e9m participaram filiadas e filiados como Claudia Trindade, assessora especial de Diversidade e Inclus\u00e3o; Her\u00e1clio Camargo, corregedor-geral da Advocacia da Uni\u00e3o; Eduardo Ara\u00fajo, corregedor auxiliar 2; Mariana Montenegro, coordenadora interina de Integridade P\u00fablica na Corregedoria; e Jo\u00e3o Carlos Souto, diretor da Escola Superior da Advocacia-Geral da Uni\u00e3o.\r\n\r\nA 1\u00aa Jornada da Sa\u00fade Mental na AGU pautou as exposi\u00e7\u00f5es iniciais. De acordo com os representantes da Administra\u00e7\u00e3o, os feedbacks sobre a iniciativa foram bastante positivos, o que motiva a equipe a planejar novas a\u00e7\u00f5es relacionadas ao tema. Ao abordar o assunto, Iolanda Guindani reiterou a necessidade de a AGU possuir um sistema pr\u00f3prio e eficiente de aten\u00e7\u00e3o aos Membros, que funcione tanto na preven\u00e7\u00e3o quanto no diagn\u00f3stico de quadros de sofrimento emocional.\r\n\r\nO tema do teletrabalho foi ent\u00e3o discutido. Clarice Calixto, secret\u00e1ria-geral da AGU, reiterou o firme prop\u00f3sito da Administra\u00e7\u00e3o de manter a Portaria Normativa n\u00ba 125\/2024, que regulamenta o teletrabalho de advogados da Uni\u00e3o e procuradores federais. Segundo ela, flexibiliza\u00e7\u00f5es poder\u00e3o ocorrer ao longo da regulamenta\u00e7\u00e3o da norma e, at\u00e9 mesmo, em momento posterior, se acaso o regramento se revelar ineficaz. Embora a nova norma n\u00e3o afete os PFNs, Iolanda Guindani lembrou que a Carreira vem apresentando resultados recordes, que revelam a efici\u00eancia do sistema adotado pela PGFN. Os PFNs, ademais, nunca aceitar\u00e3o retrocessos, a exemplo do m\u00e9todo arcaico de controle de ponto, ao qual n\u00e3o est\u00e3o submetidos.\r\n\r\n<strong>Recursos humanos\r\n<\/strong>Na sequ\u00eancia da reuni\u00e3o, a equipe da AGU apresentou o Programa Acolhida, pensado para a recep\u00e7\u00e3o aos Membros que, em breve, ser\u00e3o empossados. O Programa inclui um curso de forma\u00e7\u00e3o com fases presencial e virtual e uma mentoria para estrutura\u00e7\u00e3o de planos individuais de desenvolvimento profissional. O novo modelo de concurso para servidores t\u00e9cnicos da AGU tamb\u00e9m foi apresentado pela equipe respons\u00e1vel, cuja previs\u00e3o \u00e9 de receber os novos quadros em meados do segundo semestre do ano. Haja vista os recursos humanos que dever\u00e3o ingressar na AGU nos pr\u00f3ximos meses, novas estrat\u00e9gias de gest\u00e3o de pessoas ser\u00e3o colocadas em pr\u00e1tica no \u00f3rg\u00e3o.\r\n\r\nSobre o tema da nomea\u00e7\u00e3o dos futuros Colegas, a presidente do SINPROFAZ se manifestou. De acordo com Iolanda Guindani, n\u00e3o ser\u00e1 tolerado qualquer tratamento discriminat\u00f3rio por parte da AGU no provimento de vagas nas carreiras do \u00f3rg\u00e3o. Na qualidade de futuros Membros da Advocacia-Geral da Uni\u00e3o, procuradores da Fazenda Nacional devem ser nomeados em quantidade id\u00eantica \u00e0 de advogados da Uni\u00e3o e procuradores federais. \"Essa isonomia representa um pleito inegoci\u00e1vel do SINPROFAZ\u201d, afirmou a presidente.\r\n\r\nPor fim, embora o tema n\u00e3o fizesse parte da pauta da reuni\u00e3o, Iolanda Guindani destacou a necessidade de cria\u00e7\u00e3o de um grupo que re\u00fana AGU, CCHA e entidades representativas e que atue para efetivar a\u00e7\u00f5es concretas com vistas ao atendimento das justas reivindica\u00e7\u00f5es dos advogados p\u00fablicos de pagamento de verbas indenizat\u00f3rias.\r\n\r\n[gallery link=\"file\" ids=\"17536,17537,17538\"]\r\n\r\n","_links":{"self":[{"href":"https:\/\/sinprofaz.org.br\/2024\/wp-json\/wp\/v2\/posts\/17534"}],"collection":[{"href":"https:\/\/sinprofaz.org.br\/2024\/wp-json\/wp\/v2\/posts"}],"about":[{"href":"https:\/\/sinprofaz.org.br\/2024\/wp-json\/wp\/v2\/types\/post"}],"author":[{"embeddable":true,"href":"https:\/\/sinprofaz.org.br\/2024\/wp-json\/wp\/v2\/users\/2"}],"replies":[{"embeddable":true,"href":"https:\/\/sinprofaz.org.br\/2024\/wp-json\/wp\/v2\/comments?post=17534"}],"version-history":[{"count":1,"href":"https:\/\/sinprofaz.org.br\/2024\/wp-json\/wp\/v2\/posts\/17534\/revisions"}],"predecessor-version":[{"id":17539,"href":"https:\/\/sinprofaz.org.br\/2024\/wp-json\/wp\/v2\/posts\/17534\/revisions\/17539"}],"wp:featuredmedia":[{"embeddable":true,"href":"https:\/\/sinprofaz.org.br\/2024\/wp-json\/wp\/v2\/media\/17535"}],"wp:attachment":[{"href":"https:\/\/sinprofaz.org.br\/2024\/wp-json\/wp\/v2\/media?parent=17534"}],"wp:term":[{"taxonomy":"category","embeddable":true,"href":"https:\/\/sinprofaz.org.br\/2024\/wp-json\/wp\/v2\/categories?post=17534"},{"taxonomy":"post_tag","embeddable":true,"href":"https:\/\/sinprofaz.org.br\/2024\/wp-json\/wp\/v2\/tags?post=17534"}],"curies":[{"name":"wp","href":"https:\/\/api.w.org\/{rel}","templated":true}]}}