{"id":1753,"date":"2014-05-07T22:41:55","date_gmt":"2014-05-07T22:41:55","guid":{"rendered":""},"modified":"-0001-11-30T00:00:00","modified_gmt":"-0001-11-30T03:00:00","slug":"campanha-salarial-advogados-publicos-protestam-em-brasilia","status":"publish","type":"post","link":"https:\/\/sinprofaz.org.br\/2024\/noticias\/campanha-salarial-advogados-publicos-protestam-em-brasilia\/","title":{"rendered":"Campanha salarial: advogados p\u00fablicos protestam em Bras\u00edlia"},"content":{"rendered":"<p style=\"text-align: justify;\"><img loading=\"lazy\" decoding=\"async\" style=\"margin-right: 10px; float: left;\" alt=\"\" src=\"images\/noticias\/campanha-salarial\/protesto\/foto-01.jpg\" height=\"154\" width=\"218\" \/>Em ato p\u00fablico no MPOG, presidente do SINPROFAZ cobra posi\u00e7\u00e3o da ministra Miriam Belchior \u00e0s reivindica\u00e7\u00f5es da Advocacia P\u00fablica Federal.<\/p>\n<p style=\"text-align: justify;\">Na manh\u00e3 desta quarta-feira, 7\/5, cerca de 200 membros da Advocacia-Geral da Uni\u00e3o concentraram-se em frente ao Minist\u00e9rio do Planejamento, Or\u00e7amento e Gest\u00e3o para protestar contra o descaso do governo em rela\u00e7\u00e3o aos pleitos das Carreiras como: a possibilidade de antecipa\u00e7\u00e3o do reajuste de 5,1% e a implanta\u00e7\u00e3o do reajuste do aux\u00edlio-alimenta\u00e7\u00e3o e da assist\u00eancia pr\u00e9-escolar.<\/p>\n<p style=\"text-align: justify;\">O cumprimento das disposi\u00e7\u00f5es do inciso X do artigo 37 da Constitui\u00e7\u00e3o Federal, a cria\u00e7\u00e3o da carreira de apoio na AGU e o engajamento do governo para a destina\u00e7\u00e3o dos honor\u00e1rios de sucumb\u00eancia \u00e0s Carreiras tamb\u00e9m s\u00e3o itens da pauta da campanha salarial de 2014 da Advocacia P\u00fablica Federal.<\/p>\n<p style=\"text-align: justify;\">Em audi\u00eancia p\u00fablica sobre campanha salarial dos servidores p\u00fablicos federais, realizada no dia 15 deste m\u00eas na C\u00e2mara dos Deputados, o Secret\u00e1rio de Rela\u00e7\u00f5es de Trabalho no Servi\u00e7o P\u00fablico do Minist\u00e9rio do Planejamento, S\u00e9rgio Mendon\u00e7a, ponderou que o governo n\u00e3o pretende abrir mesas para negocia\u00e7\u00e3o neste ano.<\/p>\n<p style=\"text-align: justify;\">O evento de hoje reuniu dirigentes de todas as entidades que representam a advocacia p\u00fablica federal: Anajur, Anauni, Anpaf, Anpprev, Apbc, Sinprofaz e Unafe, que h\u00e1 mais de um m\u00eas encaminharam um of\u00edcio para a ministra do Planejamento Miriam Belchior e at\u00e9 agora n\u00e3o tiveram qualquer resposta.<\/p>\n<p style=\"text-align: justify;\">No of\u00edcio, as entidades solicitaram \u00e0 ministra do Planejamento a abertura de mesa de negocia\u00e7\u00e3o com a Advocacia P\u00fablica Federal.<\/p>\n<p style=\"text-align: justify;\">No pronunciamento desta manh\u00e3, em carro de som instalado em frente ao MPOG, o presidente do SINPROFAZ, Her\u00e1clio Camargo, disse que o Minist\u00e9rio parece desconhecer a import\u00e2ncia do trabalho realizado pela Carreira. Ele levantou a quest\u00e3o do sucateamento da AGU. \u201cSomos respons\u00e1veis por garantir a legalidade das pol\u00edticas p\u00fablicas e atuar no combate \u00e0 corrup\u00e7\u00e3o. Exigimos respeito do governo e prioridade de nossos pleitos, como a recomposi\u00e7\u00e3o salarial, a cria\u00e7\u00e3o da carreira de apoio, dentre outros\u201d, destacou.<\/p>\n<p style=\"text-align: center;\"><img loading=\"lazy\" decoding=\"async\" style=\"margin-right: 5px;\" alt=\"\" src=\"images\/noticias\/campanha-salarial\/protesto\/foto-02.jpg\" height=\"106\" width=\"150\" \/><img loading=\"lazy\" decoding=\"async\" style=\"margin-right: 5px;\" alt=\"\" src=\"images\/noticias\/campanha-salarial\/protesto\/foto-03.jpg\" height=\"106\" width=\"150\" \/><img loading=\"lazy\" decoding=\"async\" style=\"margin-right: 5px;\" alt=\"\" src=\"images\/noticias\/campanha-salarial\/protesto\/foto-04.jpg\" height=\"106\" width=\"150\" \/><img loading=\"lazy\" decoding=\"async\" style=\"margin-right: 5px;\" alt=\"\" src=\"images\/noticias\/campanha-salarial\/protesto\/foto-05.jpg\" height=\"106\" width=\"150\" \/><img loading=\"lazy\" decoding=\"async\" style=\"margin-right: 5px; margin-top: 10px;\" alt=\"\" src=\"images\/noticias\/campanha-salarial\/protesto\/foto-06.jpg\" height=\"106\" width=\"150\" \/><img loading=\"lazy\" decoding=\"async\" style=\"margin-right: 5px; margin-top: 10px;\" alt=\"\" src=\"images\/noticias\/campanha-salarial\/protesto\/foto-07.jpg\" height=\"106\" width=\"150\" \/><\/p>\n","protected":false},"excerpt":{"rendered":"<p style=\"text-align: justify;\">Em ato p\u00fablico no MPOG, presidente do SINPROFAZ cobra posi\u00e7\u00e3o da ministra Miriam Belchior \u00e0s reivindica\u00e7\u00f5es da Advocacia P\u00fablica Federal.<\/p>\n","protected":false},"author":1,"featured_media":0,"comment_status":"closed","ping_status":"open","sticky":false,"template":"","format":"standard","meta":{"footnotes":""},"categories":[8],"tags":[],"featured_image_url":"https:\/\/dummyimage.com\/720x400","character_count":1069,"formatted_date":"07\/05\/2014 - 22:41","contentNovo":"\r\n<p style=\"text-align: justify;\">Em ato p\u00fablico no MPOG, presidente do SINPROFAZ cobra posi\u00e7\u00e3o da ministra Miriam Belchior \u00e0s reivindica\u00e7\u00f5es da Advocacia P\u00fablica Federal.<\/p>\r\n<p style=\"text-align: justify;\">Na manh\u00e3 desta quarta-feira, 7\/5, cerca de 200 membros da Advocacia-Geral da Uni\u00e3o concentraram-se em frente ao Minist\u00e9rio do Planejamento, Or\u00e7amento e Gest\u00e3o para protestar contra o descaso do governo em rela\u00e7\u00e3o aos pleitos das Carreiras como: a possibilidade de antecipa\u00e7\u00e3o do reajuste de 5,1% e a implanta\u00e7\u00e3o do reajuste do aux\u00edlio-alimenta\u00e7\u00e3o e da assist\u00eancia pr\u00e9-escolar.<\/p>\r\n<p style=\"text-align: justify;\">O cumprimento das disposi\u00e7\u00f5es do inciso X do artigo 37 da Constitui\u00e7\u00e3o Federal, a cria\u00e7\u00e3o da carreira de apoio na AGU e o engajamento do governo para a destina\u00e7\u00e3o dos honor\u00e1rios de sucumb\u00eancia \u00e0s Carreiras tamb\u00e9m s\u00e3o itens da pauta da campanha salarial de 2014 da Advocacia P\u00fablica Federal.<\/p>\r\n<p style=\"text-align: justify;\">Em audi\u00eancia p\u00fablica sobre campanha salarial dos servidores p\u00fablicos federais, realizada no dia 15 deste m\u00eas na C\u00e2mara dos Deputados, o Secret\u00e1rio de Rela\u00e7\u00f5es de Trabalho no Servi\u00e7o P\u00fablico do Minist\u00e9rio do Planejamento, S\u00e9rgio Mendon\u00e7a, ponderou que o governo n\u00e3o pretende abrir mesas para negocia\u00e7\u00e3o neste ano.<\/p>\r\n<p style=\"text-align: justify;\">O evento de hoje reuniu dirigentes de todas as entidades que representam a advocacia p\u00fablica federal: Anajur, Anauni, Anpaf, Anpprev, Apbc, Sinprofaz e Unafe, que h\u00e1 mais de um m\u00eas encaminharam um of\u00edcio para a ministra do Planejamento Miriam Belchior e at\u00e9 agora n\u00e3o tiveram qualquer resposta.<\/p>\r\n<p style=\"text-align: justify;\">No of\u00edcio, as entidades solicitaram \u00e0 ministra do Planejamento a abertura de mesa de negocia\u00e7\u00e3o com a Advocacia P\u00fablica Federal.<\/p>\r\n<p style=\"text-align: justify;\">No pronunciamento desta manh\u00e3, em carro de som instalado em frente ao MPOG, o presidente do SINPROFAZ, Her\u00e1clio Camargo, disse que o Minist\u00e9rio parece desconhecer a import\u00e2ncia do trabalho realizado pela Carreira. Ele levantou a quest\u00e3o do sucateamento da AGU. \u201cSomos respons\u00e1veis por garantir a legalidade das pol\u00edticas p\u00fablicas e atuar no combate \u00e0 corrup\u00e7\u00e3o. Exigimos respeito do governo e prioridade de nossos pleitos, como a recomposi\u00e7\u00e3o salarial, a cria\u00e7\u00e3o da carreira de apoio, dentre outros\u201d, destacou.<\/p>\r\n<p style=\"text-align: center;\"><\/p>","_links":{"self":[{"href":"https:\/\/sinprofaz.org.br\/2024\/wp-json\/wp\/v2\/posts\/1753"}],"collection":[{"href":"https:\/\/sinprofaz.org.br\/2024\/wp-json\/wp\/v2\/posts"}],"about":[{"href":"https:\/\/sinprofaz.org.br\/2024\/wp-json\/wp\/v2\/types\/post"}],"author":[{"embeddable":true,"href":"https:\/\/sinprofaz.org.br\/2024\/wp-json\/wp\/v2\/users\/1"}],"replies":[{"embeddable":true,"href":"https:\/\/sinprofaz.org.br\/2024\/wp-json\/wp\/v2\/comments?post=1753"}],"version-history":[{"count":0,"href":"https:\/\/sinprofaz.org.br\/2024\/wp-json\/wp\/v2\/posts\/1753\/revisions"}],"wp:attachment":[{"href":"https:\/\/sinprofaz.org.br\/2024\/wp-json\/wp\/v2\/media?parent=1753"}],"wp:term":[{"taxonomy":"category","embeddable":true,"href":"https:\/\/sinprofaz.org.br\/2024\/wp-json\/wp\/v2\/categories?post=1753"},{"taxonomy":"post_tag","embeddable":true,"href":"https:\/\/sinprofaz.org.br\/2024\/wp-json\/wp\/v2\/tags?post=1753"}],"curies":[{"name":"wp","href":"https:\/\/api.w.org\/{rel}","templated":true}]}}