{"id":17518,"date":"2024-02-02T09:00:06","date_gmt":"2024-02-02T12:00:06","guid":{"rendered":"http:\/\/www.sinprofaz.org.br\/?p=17518"},"modified":"2024-02-05T13:37:51","modified_gmt":"2024-02-05T16:37:51","slug":"sinprofaz-participa-de-ato-do-sinait-em-memoria-de-servidores-assassinados-ha-20-anos","status":"publish","type":"post","link":"https:\/\/sinprofaz.org.br\/2024\/noticias\/sinprofaz-participa-de-ato-do-sinait-em-memoria-de-servidores-assassinados-ha-20-anos\/","title":{"rendered":"SINPROFAZ PARTICIPA DE ATO DO SINAIT EM MEM\u00d3RIA DE SERVIDORES ASSASSINADOS H\u00c1 20 ANOS"},"content":{"rendered":"<p>A presidente Iolanda Guindani representou o SINPROFAZ em evento de homenagem promovido na ter\u00e7a-feira (30) pelo Sindicato Nacional dos Auditores-Fiscais do Trabalho &#8211; SINAIT. O ato p\u00fablico em frente \u00e0 sede do Minist\u00e9rio do Trabalho e Emprego, em Bras\u00edlia\/DF, lembrou as v\u00edtimas da Chacina de Una\u00ed, na qual tr\u00eas auditores-fiscais do Trabalho e um motorista do Minist\u00e9rio foram mortos no exerc\u00edcio de suas fun\u00e7\u00f5es. Em homenagem \u00e0s v\u00edtimas do crime, ocorrido na cidade mineira h\u00e1 20 anos, o dia 28 de janeiro\u00a0foi institu\u00eddo como Dia Nacional de Combate ao Trabalho Escravo e Dia do Auditor-Fiscal do Trabalho.<\/p>\n<p>Ao longo da homenagem, colegas e familiares lembraram a atua\u00e7\u00e3o sempre combativa de Nelson Jos\u00e9 da Silva, Jo\u00e3o Batista Soares Lage, Erat\u00f3stenes de Almeida Gon\u00e7alves e A\u00edlton Pereira de Oliveira. Atualmente, dois dos mandantes e intermedi\u00e1rios do crime est\u00e3o presos, mas outros dois condenados &#8211; Norberto M\u00e2nica e Hugo Pimenta &#8211; est\u00e3o foragidos. Gra\u00e7as ao empenho do SINAIT, os nomes dos criminosos foram inclu\u00eddos na lista p\u00fablica de difus\u00e3o vermelha da Organiza\u00e7\u00e3o Internacional de Pol\u00edcia Criminal &#8211; Interpol, o que significa que podem ser presos por qualquer for\u00e7a policial, independentemente do pa\u00eds em que estejam.<\/p>\n<p>Ao discursar durante a mobiliza\u00e7\u00e3o, o presidente do SINAIT, Bob Machado, refor\u00e7ou o compromisso da entidade com a conclus\u00e3o do caso e fez men\u00e7\u00e3o especial \u00e0s vi\u00favas dos auditores assassinados, \u00e0s ex-presidentes do Sindicato e \u00e0 procuradora da Rep\u00fablica M\u00edriam do Ros\u00e1rio. &#8220;Devemos muito \u00e0s mulheres, cuja for\u00e7a nos trouxe at\u00e9 aqui. Mesmo depois da pris\u00e3o dos assassinos, nossa luta continua e continuar\u00e1 para que um epis\u00f3dio como esse nunca mais se repita. Precisamos que a Administra\u00e7\u00e3o leve a s\u00e9rio a implementa\u00e7\u00e3o do protocolo de seguran\u00e7a para os auditores, de modo que continuemos a exercer com seguran\u00e7a o nosso papel em defesa do trabalhador.&#8221;<\/p>\n\n\t\t<style type=\"text\/css\">\n\t\t\t#gallery-1 {\n\t\t\t\tmargin: auto;\n\t\t\t}\n\t\t\t#gallery-1 .gallery-item {\n\t\t\t\tfloat: left;\n\t\t\t\tmargin-top: 10px;\n\t\t\t\ttext-align: center;\n\t\t\t\twidth: 33%;\n\t\t\t}\n\t\t\t#gallery-1 img {\n\t\t\t\tborder: 2px solid #cfcfcf;\n\t\t\t}\n\t\t\t#gallery-1 .gallery-caption {\n\t\t\t\tmargin-left: 0;\n\t\t\t}\n\t\t\t\/* see gallery_shortcode() in wp-includes\/media.php *\/\n\t\t<\/style>\n\t\t<div id='gallery-1' class='gallery galleryid-17518 gallery-columns-3 gallery-size-thumbnail'><dl class='gallery-item'>\n\t\t\t<dt class='gallery-icon landscape'>\n\t\t\t\t<a href='https:\/\/sinprofaz.org.br\/2024\/wp-content\/uploads\/2024\/02\/2.png'><img loading=\"lazy\" decoding=\"async\" width=\"150\" height=\"150\" src=\"https:\/\/sinprofaz.org.br\/2024\/wp-content\/uploads\/2024\/02\/2-150x150.png\" class=\"attachment-thumbnail size-thumbnail\" alt=\"\" \/><\/a>\n\t\t\t<\/dt><\/dl><dl class='gallery-item'>\n\t\t\t<dt class='gallery-icon landscape'>\n\t\t\t\t<a href='https:\/\/sinprofaz.org.br\/2024\/wp-content\/uploads\/2024\/02\/3.png'><img loading=\"lazy\" decoding=\"async\" width=\"150\" height=\"150\" src=\"https:\/\/sinprofaz.org.br\/2024\/wp-content\/uploads\/2024\/02\/3-150x150.png\" class=\"attachment-thumbnail size-thumbnail\" alt=\"\" \/><\/a>\n\t\t\t<\/dt><\/dl><dl class='gallery-item'>\n\t\t\t<dt class='gallery-icon landscape'>\n\t\t\t\t<a href='https:\/\/sinprofaz.org.br\/2024\/wp-content\/uploads\/2024\/02\/4.png'><img loading=\"lazy\" decoding=\"async\" width=\"150\" height=\"150\" src=\"https:\/\/sinprofaz.org.br\/2024\/wp-content\/uploads\/2024\/02\/4-150x150.png\" class=\"attachment-thumbnail size-thumbnail\" alt=\"\" \/><\/a>\n\t\t\t<\/dt><\/dl><br style=\"clear: both\" \/><dl class='gallery-item'>\n\t\t\t<dt class='gallery-icon landscape'>\n\t\t\t\t<a href='https:\/\/sinprofaz.org.br\/2024\/wp-content\/uploads\/2024\/02\/5.png'><img loading=\"lazy\" decoding=\"async\" width=\"150\" height=\"150\" src=\"https:\/\/sinprofaz.org.br\/2024\/wp-content\/uploads\/2024\/02\/5-150x150.png\" class=\"attachment-thumbnail size-thumbnail\" alt=\"\" \/><\/a>\n\t\t\t<\/dt><\/dl><dl class='gallery-item'>\n\t\t\t<dt class='gallery-icon landscape'>\n\t\t\t\t<a href='https:\/\/sinprofaz.org.br\/2024\/wp-content\/uploads\/2024\/02\/6.png'><img loading=\"lazy\" decoding=\"async\" width=\"150\" height=\"150\" src=\"https:\/\/sinprofaz.org.br\/2024\/wp-content\/uploads\/2024\/02\/6-150x150.png\" class=\"attachment-thumbnail size-thumbnail\" alt=\"\" \/><\/a>\n\t\t\t<\/dt><\/dl><dl class='gallery-item'>\n\t\t\t<dt class='gallery-icon landscape'>\n\t\t\t\t<a href='https:\/\/sinprofaz.org.br\/2024\/wp-content\/uploads\/2024\/02\/7.png'><img loading=\"lazy\" decoding=\"async\" width=\"150\" height=\"150\" src=\"https:\/\/sinprofaz.org.br\/2024\/wp-content\/uploads\/2024\/02\/7-150x150.png\" class=\"attachment-thumbnail size-thumbnail\" alt=\"\" \/><\/a>\n\t\t\t<\/dt><\/dl><br style=\"clear: both\" \/>\n\t\t<\/div>\n\n","protected":false},"excerpt":{"rendered":"<p>O ato p\u00fablico em frente \u00e0 sede do Minist\u00e9rio do Trabalho e Emprego, em Bras\u00edlia\/DF, lembrou as v\u00edtimas da Chacina de Una\u00ed, na qual tr\u00eas auditores-fiscais do Trabalho e um motorista do Minist\u00e9rio foram mortos no exerc\u00edcio das fun\u00e7\u00f5es.<\/p>\n","protected":false},"author":2,"featured_media":17533,"comment_status":"open","ping_status":"open","sticky":false,"template":"","format":"standard","meta":{"footnotes":""},"categories":[8],"tags":[122,195,25],"featured_image_url":"https:\/\/sinprofaz.org.br\/2024\/wp-content\/uploads\/2024\/02\/teste.png","character_count":1197,"formatted_date":"02\/02\/2024 - 09:00","contentNovo":"A presidente Iolanda Guindani representou o SINPROFAZ em evento de homenagem promovido na ter\u00e7a-feira (30) pelo Sindicato Nacional dos Auditores-Fiscais do Trabalho - SINAIT. O ato p\u00fablico em frente \u00e0 sede do Minist\u00e9rio do Trabalho e Emprego, em Bras\u00edlia\/DF, lembrou as v\u00edtimas da Chacina de Una\u00ed, na qual tr\u00eas auditores-fiscais do Trabalho e um motorista do Minist\u00e9rio foram mortos no exerc\u00edcio de suas fun\u00e7\u00f5es. Em homenagem \u00e0s v\u00edtimas do crime, ocorrido na cidade mineira h\u00e1 20 anos, o dia 28 de janeiro\u00a0foi institu\u00eddo como Dia Nacional de Combate ao Trabalho Escravo e Dia do Auditor-Fiscal do Trabalho.\r\n\r\nAo longo da homenagem, colegas e familiares lembraram a atua\u00e7\u00e3o sempre combativa de Nelson Jos\u00e9 da Silva, Jo\u00e3o Batista Soares Lage, Erat\u00f3stenes de Almeida Gon\u00e7alves e A\u00edlton Pereira de Oliveira. Atualmente, dois dos mandantes e intermedi\u00e1rios do crime est\u00e3o presos, mas outros dois condenados - Norberto M\u00e2nica e Hugo Pimenta - est\u00e3o foragidos. Gra\u00e7as ao empenho do SINAIT, os nomes dos criminosos foram inclu\u00eddos na lista p\u00fablica de difus\u00e3o vermelha da Organiza\u00e7\u00e3o Internacional de Pol\u00edcia Criminal - Interpol, o que significa que podem ser presos por qualquer for\u00e7a policial, independentemente do pa\u00eds em que estejam.\r\n\r\nAo discursar durante a mobiliza\u00e7\u00e3o, o presidente do SINAIT, Bob Machado, refor\u00e7ou o compromisso da entidade com a conclus\u00e3o do caso e fez men\u00e7\u00e3o especial \u00e0s vi\u00favas dos auditores assassinados, \u00e0s ex-presidentes do Sindicato e \u00e0 procuradora da Rep\u00fablica M\u00edriam do Ros\u00e1rio. \"Devemos muito \u00e0s mulheres, cuja for\u00e7a nos trouxe at\u00e9 aqui. Mesmo depois da pris\u00e3o dos assassinos, nossa luta continua e continuar\u00e1 para que um epis\u00f3dio como esse nunca mais se repita. Precisamos que a Administra\u00e7\u00e3o leve a s\u00e9rio a implementa\u00e7\u00e3o do protocolo de seguran\u00e7a para os auditores, de modo que continuemos a exercer com seguran\u00e7a o nosso papel em defesa do trabalhador.\"\r\n\r\n[gallery link=\"file\" ids=\"17520,17521,17522,17523,17524,17525\"]","_links":{"self":[{"href":"https:\/\/sinprofaz.org.br\/2024\/wp-json\/wp\/v2\/posts\/17518"}],"collection":[{"href":"https:\/\/sinprofaz.org.br\/2024\/wp-json\/wp\/v2\/posts"}],"about":[{"href":"https:\/\/sinprofaz.org.br\/2024\/wp-json\/wp\/v2\/types\/post"}],"author":[{"embeddable":true,"href":"https:\/\/sinprofaz.org.br\/2024\/wp-json\/wp\/v2\/users\/2"}],"replies":[{"embeddable":true,"href":"https:\/\/sinprofaz.org.br\/2024\/wp-json\/wp\/v2\/comments?post=17518"}],"version-history":[{"count":2,"href":"https:\/\/sinprofaz.org.br\/2024\/wp-json\/wp\/v2\/posts\/17518\/revisions"}],"predecessor-version":[{"id":17545,"href":"https:\/\/sinprofaz.org.br\/2024\/wp-json\/wp\/v2\/posts\/17518\/revisions\/17545"}],"wp:featuredmedia":[{"embeddable":true,"href":"https:\/\/sinprofaz.org.br\/2024\/wp-json\/wp\/v2\/media\/17533"}],"wp:attachment":[{"href":"https:\/\/sinprofaz.org.br\/2024\/wp-json\/wp\/v2\/media?parent=17518"}],"wp:term":[{"taxonomy":"category","embeddable":true,"href":"https:\/\/sinprofaz.org.br\/2024\/wp-json\/wp\/v2\/categories?post=17518"},{"taxonomy":"post_tag","embeddable":true,"href":"https:\/\/sinprofaz.org.br\/2024\/wp-json\/wp\/v2\/tags?post=17518"}],"curies":[{"name":"wp","href":"https:\/\/api.w.org\/{rel}","templated":true}]}}