{"id":1751,"date":"2014-05-06T21:10:18","date_gmt":"2014-05-06T21:10:18","guid":{"rendered":""},"modified":"-0001-11-30T00:00:00","modified_gmt":"-0001-11-30T03:00:00","slug":"lancamento-da-colecao-para-entender-direito","status":"publish","type":"post","link":"https:\/\/sinprofaz.org.br\/2024\/noticias\/lancamento-da-colecao-para-entender-direito\/","title":{"rendered":"Lan\u00e7amento da cole\u00e7\u00e3o \u201cPara Entender Direito\u201d"},"content":{"rendered":"<p style=\"text-align: justify;\">Entre os livros da cole\u00e7\u00e3o, h\u00e1 uma obra que explica o papel da Advocacia P\u00fablica, a relev\u00e2ncia da autonomia e resgata v\u00e1rios textos de advogados p\u00fablicos que n\u00e3o chegaram \u00e0s livrarias.<\/p>\n<p style=\"text-align: justify;\">A cole\u00e7\u00e3o \u201cPara Entender Direito\u201d \u00e9 coordenada pelo juiz em S\u00e3o Paulo, Marcelo Semer, e pelo procurador de estado e ex-procurador geral do Estado de S\u00e3o Paulo, Marcio Sotelo Felippe.<\/p>\n<p style=\"text-align: justify;\">O lan\u00e7amento da cole\u00e7\u00e3o vai ocorrer na sede da EMERJ (Rua Dom Manuel, 25, Centro, Rio de Janeiro), na pr\u00f3xima quinta-feira (8), a partir das 18h.<\/p>\n<p style=\"text-align: justify;\">A cole\u00e7\u00e3o \u201cPara Entender Direito\u201d \u00e9 formada por 14 livros que abordam temas relevantes do Direito como: Advocacia P\u00fablica, Criminologia, Direito \u00e0 N\u00e3o Discrimina\u00e7\u00e3o e O Estado. Os autores s\u00e3o conhecidos no meio jur\u00eddico: Pedro Estevam Alves Pinto Serrano; Jo\u00e3o Marcos Buch; Jorge Luiz Souto Maior; Rubens Casara; Marcus Menezes Barberino Mendes; S\u00e9rgio Salom\u00e3o Shecaira; M\u00e1rcia Semer; Ma\u00edra Coraci Diniz; Augusto Tavares Rosa Marcacini; Fl\u00e1via Piovesan; Camilo Onoda Caldas; Jo\u00e3o Batista Damasceno, al\u00e9m dos dois coordenadores.<\/p>\n","protected":false},"excerpt":{"rendered":"<p style=\"text-align: justify;\">Entre os livros da cole\u00e7\u00e3o, h\u00e1 uma obra que explica o papel da Advocacia P\u00fablica, a relev\u00e2ncia da autonomia e resgata v\u00e1rios textos de advogados p\u00fablicos que n\u00e3o chegaram \u00e0s livrarias.<\/p>\n","protected":false},"author":1,"featured_media":0,"comment_status":"closed","ping_status":"open","sticky":false,"template":"","format":"standard","meta":{"footnotes":""},"categories":[8],"tags":[],"featured_image_url":"https:\/\/dummyimage.com\/720x400","character_count":543,"formatted_date":"06\/05\/2014 - 21:10","contentNovo":"\r\n<p style=\"text-align: justify;\">Entre os livros da cole\u00e7\u00e3o, h\u00e1 uma obra que explica o papel da Advocacia P\u00fablica, a relev\u00e2ncia da autonomia e resgata v\u00e1rios textos de advogados p\u00fablicos que n\u00e3o chegaram \u00e0s livrarias.<\/p>\r\n<p style=\"text-align: justify;\">A cole\u00e7\u00e3o \u201cPara Entender Direito\u201d \u00e9 coordenada pelo juiz em S\u00e3o Paulo, Marcelo Semer, e pelo procurador de estado e ex-procurador geral do Estado de S\u00e3o Paulo, Marcio Sotelo Felippe.<\/p>\r\n<p style=\"text-align: justify;\">O lan\u00e7amento da cole\u00e7\u00e3o vai ocorrer na sede da EMERJ (Rua Dom Manuel, 25, Centro, Rio de Janeiro), na pr\u00f3xima quinta-feira (8), a partir das 18h.<\/p>\r\n<p style=\"text-align: justify;\">A cole\u00e7\u00e3o \u201cPara Entender Direito\u201d \u00e9 formada por 14 livros que abordam temas relevantes do Direito como: Advocacia P\u00fablica, Criminologia, Direito \u00e0 N\u00e3o Discrimina\u00e7\u00e3o e O Estado. Os autores s\u00e3o conhecidos no meio jur\u00eddico: Pedro Estevam Alves Pinto Serrano; Jo\u00e3o Marcos Buch; Jorge Luiz Souto Maior; Rubens Casara; Marcus Menezes Barberino Mendes; S\u00e9rgio Salom\u00e3o Shecaira; M\u00e1rcia Semer; Ma\u00edra Coraci Diniz; Augusto Tavares Rosa Marcacini; Fl\u00e1via Piovesan; Camilo Onoda Caldas; Jo\u00e3o Batista Damasceno, al\u00e9m dos dois coordenadores.<\/p>","_links":{"self":[{"href":"https:\/\/sinprofaz.org.br\/2024\/wp-json\/wp\/v2\/posts\/1751"}],"collection":[{"href":"https:\/\/sinprofaz.org.br\/2024\/wp-json\/wp\/v2\/posts"}],"about":[{"href":"https:\/\/sinprofaz.org.br\/2024\/wp-json\/wp\/v2\/types\/post"}],"author":[{"embeddable":true,"href":"https:\/\/sinprofaz.org.br\/2024\/wp-json\/wp\/v2\/users\/1"}],"replies":[{"embeddable":true,"href":"https:\/\/sinprofaz.org.br\/2024\/wp-json\/wp\/v2\/comments?post=1751"}],"version-history":[{"count":0,"href":"https:\/\/sinprofaz.org.br\/2024\/wp-json\/wp\/v2\/posts\/1751\/revisions"}],"wp:attachment":[{"href":"https:\/\/sinprofaz.org.br\/2024\/wp-json\/wp\/v2\/media?parent=1751"}],"wp:term":[{"taxonomy":"category","embeddable":true,"href":"https:\/\/sinprofaz.org.br\/2024\/wp-json\/wp\/v2\/categories?post=1751"},{"taxonomy":"post_tag","embeddable":true,"href":"https:\/\/sinprofaz.org.br\/2024\/wp-json\/wp\/v2\/tags?post=1751"}],"curies":[{"name":"wp","href":"https:\/\/api.w.org\/{rel}","templated":true}]}}