{"id":1750,"date":"2014-05-06T18:25:54","date_gmt":"2014-05-06T18:25:54","guid":{"rendered":""},"modified":"-0001-11-30T00:00:00","modified_gmt":"-0001-11-30T03:00:00","slug":"sinprofaz-presente-em-congresso-nacional-da-anpprev","status":"publish","type":"post","link":"https:\/\/sinprofaz.org.br\/2024\/noticias\/sinprofaz-presente-em-congresso-nacional-da-anpprev\/","title":{"rendered":"SINPROFAZ presente em congresso nacional da ANPPREV"},"content":{"rendered":"<p><img loading=\"lazy\" decoding=\"async\" style=\"margin-right: 10px; float: left;\" alt=\"\" src=\"images\/noticias\/anpprev\/foto-01.jpg\" height=\"154\" width=\"218\" \/>O SINPROFAZ participou do XVIII CONPPREV realizado em Florian\u00f3polis\/SC, entre os dias 1\u00ba a 04\/05.<\/p>\n<p>O Diretor do SINPROFAZ, Achilles Linhares de Campos Frias, participou de debate acerca das proposi\u00e7\u00f5es legislativas, de interesse da advocacia p\u00fablica, em tr\u00e2mite no Congresso Nacional.<\/p>\n<p>O CONPPREV \u00e9 promovido anualmente pela ANPPREV &#8211; Associa\u00e7\u00e3o Nacional dos Procuradores da Previd\u00eancia Social.<\/p>\n","protected":false},"excerpt":{"rendered":"<p>O SINPROFAZ participou do XVIII CONPPREV realizado em Florian\u00f3polis\/SC, entre os dias 1\u00ba a 04\/05.<\/p>\n","protected":false},"author":1,"featured_media":0,"comment_status":"closed","ping_status":"open","sticky":false,"template":"","format":"standard","meta":{"footnotes":""},"categories":[8],"tags":[],"featured_image_url":"https:\/\/dummyimage.com\/720x400","character_count":205,"formatted_date":"06\/05\/2014 - 18:25","contentNovo":"\r\n<p>O SINPROFAZ participou do XVIII CONPPREV realizado em Florian\u00f3polis\/SC, entre os dias 1\u00ba a 04\/05.<\/p>\r\n<p>O Diretor do SINPROFAZ, Achilles Linhares de Campos Frias, participou de debate acerca das proposi\u00e7\u00f5es legislativas, de interesse da advocacia p\u00fablica, em tr\u00e2mite no Congresso Nacional.<\/p>\r\n<p>O CONPPREV \u00e9 promovido anualmente pela ANPPREV - Associa\u00e7\u00e3o Nacional dos Procuradores da Previd\u00eancia Social.<\/p>","_links":{"self":[{"href":"https:\/\/sinprofaz.org.br\/2024\/wp-json\/wp\/v2\/posts\/1750"}],"collection":[{"href":"https:\/\/sinprofaz.org.br\/2024\/wp-json\/wp\/v2\/posts"}],"about":[{"href":"https:\/\/sinprofaz.org.br\/2024\/wp-json\/wp\/v2\/types\/post"}],"author":[{"embeddable":true,"href":"https:\/\/sinprofaz.org.br\/2024\/wp-json\/wp\/v2\/users\/1"}],"replies":[{"embeddable":true,"href":"https:\/\/sinprofaz.org.br\/2024\/wp-json\/wp\/v2\/comments?post=1750"}],"version-history":[{"count":0,"href":"https:\/\/sinprofaz.org.br\/2024\/wp-json\/wp\/v2\/posts\/1750\/revisions"}],"wp:attachment":[{"href":"https:\/\/sinprofaz.org.br\/2024\/wp-json\/wp\/v2\/media?parent=1750"}],"wp:term":[{"taxonomy":"category","embeddable":true,"href":"https:\/\/sinprofaz.org.br\/2024\/wp-json\/wp\/v2\/categories?post=1750"},{"taxonomy":"post_tag","embeddable":true,"href":"https:\/\/sinprofaz.org.br\/2024\/wp-json\/wp\/v2\/tags?post=1750"}],"curies":[{"name":"wp","href":"https:\/\/api.w.org\/{rel}","templated":true}]}}