{"id":17481,"date":"2024-01-29T08:22:41","date_gmt":"2024-01-29T11:22:41","guid":{"rendered":"http:\/\/www.sinprofaz.org.br\/?p=17481"},"modified":"2024-01-30T11:50:34","modified_gmt":"2024-01-30T14:50:34","slug":"candidatos-aprovados-sao-recebidos-por-futuros-colegas-da-pfn-ce","status":"publish","type":"post","link":"https:\/\/sinprofaz.org.br\/2024\/noticias\/candidatos-aprovados-sao-recebidos-por-futuros-colegas-da-pfn-ce\/","title":{"rendered":"CANDIDATOS APROVADOS S\u00c3O RECEBIDOS POR FUTUROS COLEGAS DA PFN\/CE"},"content":{"rendered":"<p>Futuros Colegas aprovados no concurso p\u00fablico para a Carreira visitaram a sede da Procuradoria da Fazenda Nacional em Fortaleza\/CE. Na ocasi\u00e3o, os visitantes foram recepcionados pela procuradora-chefe e filiada,\u00a0Rafaela Franco Abreu, e por PFNs lotados na Unidade.<\/p>\n<p>Durante a visita, os aprovados manifestaram a expectativa pela r\u00e1pida nomea\u00e7\u00e3o, de modo que possam logo contribuir para o avan\u00e7o da Carreira. A mesma expectativa\u00a0foi demonstrada pelos PFNs, cientes da excel\u00eancia dos quadros que aguardam o ingresso na Institui\u00e7\u00e3o.<\/p>\n<p>Novas visitas est\u00e3o sendo organizadas pelo SINPROFAZ, pelas Delegacias Sindicais e pela Comiss\u00e3o de Aprovados. Em benef\u00edcio dos futuros Colegas e da pr\u00f3pria PGFN, a Diretoria do SINPROFAZ segue atuando para que as nomea\u00e7\u00f5es em 2024 alcancem o maior n\u00famero poss\u00edvel de aprovados.<\/p>\n","protected":false},"excerpt":{"rendered":"<p>Candidatos aprovados visitaram a sede da Procuradoria da Fazenda Nacional em Fortaleza\/CE. Na ocasi\u00e3o, os visitantes foram recepcionados pela procuradora-chefe e filiada, Rafaela Franco Abreu, e por PFNs lotados na Unidade.<\/p>\n","protected":false},"author":2,"featured_media":17485,"comment_status":"open","ping_status":"open","sticky":false,"template":"","format":"standard","meta":{"footnotes":""},"categories":[8],"tags":[63,44,25],"featured_image_url":"https:\/\/sinprofaz.org.br\/2024\/wp-content\/uploads\/2024\/01\/3-3.png","character_count":414,"formatted_date":"29\/01\/2024 - 08:22","contentNovo":"Futuros Colegas aprovados no concurso p\u00fablico para a Carreira visitaram a sede da Procuradoria da Fazenda Nacional em Fortaleza\/CE. Na ocasi\u00e3o, os visitantes foram recepcionados pela procuradora-chefe e filiada,\u00a0Rafaela Franco Abreu, e por PFNs lotados na Unidade.\r\n\r\nDurante a visita, os aprovados manifestaram a expectativa pela r\u00e1pida nomea\u00e7\u00e3o, de modo que possam logo contribuir para o avan\u00e7o da Carreira. A mesma expectativa\u00a0foi demonstrada pelos PFNs, cientes da excel\u00eancia dos quadros que aguardam o ingresso na Institui\u00e7\u00e3o.\r\n\r\nNovas visitas est\u00e3o sendo organizadas pelo SINPROFAZ, pelas Delegacias Sindicais e pela Comiss\u00e3o de Aprovados. Em benef\u00edcio dos futuros Colegas e da pr\u00f3pria PGFN, a Diretoria do SINPROFAZ segue atuando para que as nomea\u00e7\u00f5es em 2024 alcancem o maior n\u00famero poss\u00edvel de aprovados.","_links":{"self":[{"href":"https:\/\/sinprofaz.org.br\/2024\/wp-json\/wp\/v2\/posts\/17481"}],"collection":[{"href":"https:\/\/sinprofaz.org.br\/2024\/wp-json\/wp\/v2\/posts"}],"about":[{"href":"https:\/\/sinprofaz.org.br\/2024\/wp-json\/wp\/v2\/types\/post"}],"author":[{"embeddable":true,"href":"https:\/\/sinprofaz.org.br\/2024\/wp-json\/wp\/v2\/users\/2"}],"replies":[{"embeddable":true,"href":"https:\/\/sinprofaz.org.br\/2024\/wp-json\/wp\/v2\/comments?post=17481"}],"version-history":[{"count":2,"href":"https:\/\/sinprofaz.org.br\/2024\/wp-json\/wp\/v2\/posts\/17481\/revisions"}],"predecessor-version":[{"id":17493,"href":"https:\/\/sinprofaz.org.br\/2024\/wp-json\/wp\/v2\/posts\/17481\/revisions\/17493"}],"wp:featuredmedia":[{"embeddable":true,"href":"https:\/\/sinprofaz.org.br\/2024\/wp-json\/wp\/v2\/media\/17485"}],"wp:attachment":[{"href":"https:\/\/sinprofaz.org.br\/2024\/wp-json\/wp\/v2\/media?parent=17481"}],"wp:term":[{"taxonomy":"category","embeddable":true,"href":"https:\/\/sinprofaz.org.br\/2024\/wp-json\/wp\/v2\/categories?post=17481"},{"taxonomy":"post_tag","embeddable":true,"href":"https:\/\/sinprofaz.org.br\/2024\/wp-json\/wp\/v2\/tags?post=17481"}],"curies":[{"name":"wp","href":"https:\/\/api.w.org\/{rel}","templated":true}]}}