{"id":17469,"date":"2024-01-25T08:32:32","date_gmt":"2024-01-25T11:32:32","guid":{"rendered":"http:\/\/www.sinprofaz.org.br\/?p=17469"},"modified":"2024-01-26T14:21:57","modified_gmt":"2024-01-26T17:21:57","slug":"sinprofaz-apoia-1a-jornada-da-saude-mental-da-agu-participe","status":"publish","type":"post","link":"https:\/\/sinprofaz.org.br\/2024\/noticias\/sinprofaz-apoia-1a-jornada-da-saude-mental-da-agu-participe\/","title":{"rendered":"SINPROFAZ APOIA 1\u00aa JORNADA DA SA\u00daDE MENTAL DA AGU. PARTICIPE!"},"content":{"rendered":"<p>O SINPROFAZ convida as Procuradoras e os Procuradores da Fazenda Nacional para a 1\u00aa Jornada da Sa\u00fade Mental na AGU!<\/p>\n<p>A s\u00e9rie de eventos promovidos pela Secretaria-Geral de Administra\u00e7\u00e3o da AGU ocorre de 29 a 31 de janeiro e objetiva o est\u00edmulo a uma cultura organizacional mais inclusiva na Institui\u00e7\u00e3o. A partir da Jornada, a Advocacia-Geral da Uni\u00e3o espera incentivar o debate sobre sa\u00fade mental no trabalho. A iniciativa, no entanto, vai al\u00e9m da proposta de autocuidado: o intuito tamb\u00e9m \u00e9 o de despertar a aten\u00e7\u00e3o para com os Colegas pr\u00f3ximos e fornecer orienta\u00e7\u00f5es necess\u00e1rias \u00e0 identifica\u00e7\u00e3o dos primeiros sinais de alerta.<\/p>\n<p><strong>Participa\u00e7\u00e3o<br \/>\n<\/strong>A maioria dos eventos ocorrer\u00e1 de forma h\u00edbrida: presencialmente, nos audit\u00f3rios das sedes I e III da AGU em Bras\u00edlia\/DF (vagas limitadas), e com transmiss\u00e3o ao vivo, por meio da Plataforma EVA e do YouTube. As lideran\u00e7as da Institui\u00e7\u00e3o est\u00e3o especialmente convidadas para a &#8220;Oficina DATE &#8211; Detectar, Acolher, Triar e Encaminhar&#8221;, que promover\u00e1 capacita\u00e7\u00f5es visando \u00e0 identifica\u00e7\u00e3o de transtornos psicol\u00f3gicos no ambiente de trabalho e na condu\u00e7\u00e3o de equipes diversas. Confira a Programa\u00e7\u00e3o completa e participe!<\/p>\n<p><strong>PROGRAMA\u00c7\u00c3O<\/strong><\/p>\n<p><strong>Dia 29<br \/>\n<\/strong>14h Abertura Oficial<br \/>\n14h30 Rodas de Conversa: &#8220;Como a sa\u00fade mental est\u00e1 impactando nossos processos de trabalho e de que forma podemos diminuir a dor dos nossos integrantes?&#8221;<br \/>\nInscri\u00e7\u00f5es para participa\u00e7\u00e3o presencial:\u00a0<a href=\"https:\/\/forms.office.com\/r\/TkweZ1DhfQ\" target=\"_blank\" rel=\"noopener\">https:\/\/forms.office.com\/r\/TkweZ1DhfQ<\/a><br \/>\nTransmiss\u00e3o ao vivo:\u00a0<a href=\"https:\/\/www.youtube.com\/watch?v=OEB-Hodb5hE\" target=\"_blank\" rel=\"noopener\">https:\/\/www.youtube.com\/watch?v=OEB-Hodb5hE<\/a><br \/>\nLocal: Audit\u00f3rio da Sede I<\/p>\n<p><strong>Dia 30<br \/>\n<\/strong>10h Oficina DATE &#8211; Detectar, Acolher, Triar e Encaminhar: capacita\u00e7\u00e3o em psicopatologia. Conhecer e treinar o manejo dos transtornos emocionais<br \/>\nInscri\u00e7\u00f5es para participa\u00e7\u00e3o presencial:\u00a0<a href=\"https:\/\/forms.office.com\/r\/diYM4sLWXj\" target=\"_blank\" rel=\"noopener\">https:\/\/forms.office.com\/r\/diYM4sLWXj<\/a><br \/>\nTransmiss\u00e3o ao vivo:\u00a0<a href=\"https:\/\/www.youtube.com\/watch?v=XUBywDSmWNM\" target=\"_blank\" rel=\"noopener\">https:\/\/www.youtube.com\/watch?v=XUBywDSmWNM<\/a><br \/>\nLocal: Audit\u00f3rio da Sede III<\/p>\n<p>15h-17h Palestras &#8220;Psicoeduca\u00e7\u00e3o&#8221; e &#8220;Mindfulness no ambiente de trabalho&#8221;<br \/>\nInscri\u00e7\u00f5es para participa\u00e7\u00e3o presencial:\u00a0<a href=\"https:\/\/forms.office.com\/r\/sBgJU9JCRE\" target=\"_blank\" rel=\"noopener\">https:\/\/forms.office.com\/r\/sBgJU9JCRE<\/a><br \/>\nTransmiss\u00e3o ao vivo:\u00a0<a href=\"https:\/\/www.youtube.com\/watch?v=L_4z_KLHDvE\" target=\"_blank\" rel=\"noopener\">https:\/\/www.youtube.com\/watch?v=L_4z_KLHDvE<\/a><br \/>\nLocal: Audit\u00f3rio da Sede III<\/p>\n<p><strong>Dia 31<br \/>\n<\/strong>9h-11h30 Palestras &#8220;Adoecimento no trabalho e suic\u00eddio: fatores psicossociais e enfrentamento&#8221; e &#8220;L\u00edderes: abordando as formas de condu\u00e7\u00e3o de equipes quando surgem sinais de adoecimento mental&#8221;<br \/>\n14h-18h Exposi\u00e7\u00f5es tem\u00e1ticas &#8220;Rela\u00e7\u00f5es oficiais humanizadas: contribui\u00e7\u00f5es da comunica\u00e7\u00e3o n\u00e3o-violenta&#8221; e &#8220;Montagem de servi\u00e7o de sa\u00fade ocupacional em um \u00f3rg\u00e3o p\u00fablico: aspectos a considerar&#8221;<br \/>\nTransmiss\u00e3o ao vivo:\u00a0<a href=\"https:\/\/www.youtube.com\/watch?v=A5mP98Y8nZ0\" target=\"_blank\" rel=\"noopener\">https:\/\/www.youtube.com\/watch?v=A5mP98Y8nZ0<\/a><\/p>\n<p>Para conferir detalhes da Programa\u00e7\u00e3o, acesse:\u00a0<a href=\"http:\/\/bit.ly\/JornadaSa%C3%BAdeMental\" target=\"_blank\" rel=\"noopener\">bit.ly\/JornadaSa\u00fadeMental<\/a><\/p>\n<p><!-- notionvc: 4cdcd827-72cd-4d48-9a80-640e234bd945 --><\/p>\n","protected":false},"excerpt":{"rendered":"<p>A s\u00e9rie de eventos promovidos pela Secretaria-Geral de Administra\u00e7\u00e3o ocorre de 29 a 31 de janeiro e objetiva o est\u00edmulo a uma cultura organizacional mais inclusiva na Institui\u00e7\u00e3o. A partir da Jornada, a Advocacia-Geral da Uni\u00e3o espera incentivar o debate sobre sa\u00fade mental no trabalho.<\/p>\n","protected":false},"author":2,"featured_media":17474,"comment_status":"open","ping_status":"open","sticky":false,"template":"","format":"standard","meta":{"footnotes":""},"categories":[8],"tags":[43,166,25],"featured_image_url":"https:\/\/sinprofaz.org.br\/2024\/wp-content\/uploads\/2024\/01\/editada-1.png","character_count":1416,"formatted_date":"25\/01\/2024 - 08:32","contentNovo":"O SINPROFAZ convida as Procuradoras e os Procuradores da Fazenda Nacional para a 1\u00aa Jornada da Sa\u00fade Mental na AGU!\r\n\r\nA s\u00e9rie de eventos promovidos pela Secretaria-Geral de Administra\u00e7\u00e3o da AGU ocorre de 29 a 31 de janeiro e objetiva o est\u00edmulo a uma cultura organizacional mais inclusiva na Institui\u00e7\u00e3o. A partir da Jornada, a Advocacia-Geral da Uni\u00e3o espera incentivar o debate sobre sa\u00fade mental no trabalho. A iniciativa, no entanto, vai al\u00e9m da proposta de autocuidado: o intuito tamb\u00e9m \u00e9 o de despertar a aten\u00e7\u00e3o para com os Colegas pr\u00f3ximos e fornecer orienta\u00e7\u00f5es necess\u00e1rias \u00e0 identifica\u00e7\u00e3o dos primeiros sinais de alerta.\r\n\r\n<strong>Participa\u00e7\u00e3o\r\n<\/strong>A maioria dos eventos ocorrer\u00e1 de forma h\u00edbrida: presencialmente, nos audit\u00f3rios das sedes I e III da AGU em Bras\u00edlia\/DF (vagas limitadas), e com transmiss\u00e3o ao vivo, por meio da Plataforma EVA e do YouTube. As lideran\u00e7as da Institui\u00e7\u00e3o est\u00e3o especialmente convidadas para a \"Oficina DATE - Detectar, Acolher, Triar e Encaminhar\", que promover\u00e1 capacita\u00e7\u00f5es visando \u00e0 identifica\u00e7\u00e3o de transtornos psicol\u00f3gicos no ambiente de trabalho e na condu\u00e7\u00e3o de equipes diversas. Confira a Programa\u00e7\u00e3o completa e participe!\r\n\r\n<strong>PROGRAMA\u00c7\u00c3O<\/strong>\r\n\r\n<strong>Dia 29\r\n<\/strong>14h Abertura Oficial\r\n14h30 Rodas de Conversa: \"Como a sa\u00fade mental est\u00e1 impactando nossos processos de trabalho e de que forma podemos diminuir a dor dos nossos integrantes?\"\r\nInscri\u00e7\u00f5es para participa\u00e7\u00e3o presencial:\u00a0<a href=\"https:\/\/forms.office.com\/r\/TkweZ1DhfQ\" target=\"_blank\" rel=\"noopener\">https:\/\/forms.office.com\/r\/TkweZ1DhfQ<\/a>\r\nTransmiss\u00e3o ao vivo:\u00a0<a href=\"https:\/\/www.youtube.com\/watch?v=OEB-Hodb5hE\" target=\"_blank\" rel=\"noopener\">https:\/\/www.youtube.com\/watch?v=OEB-Hodb5hE<\/a>\r\nLocal: Audit\u00f3rio da Sede I\r\n\r\n<strong>Dia 30\r\n<\/strong>10h Oficina DATE - Detectar, Acolher, Triar e Encaminhar: capacita\u00e7\u00e3o em psicopatologia. Conhecer e treinar o manejo dos transtornos emocionais\r\nInscri\u00e7\u00f5es para participa\u00e7\u00e3o presencial:\u00a0<a href=\"https:\/\/forms.office.com\/r\/diYM4sLWXj\" target=\"_blank\" rel=\"noopener\">https:\/\/forms.office.com\/r\/diYM4sLWXj<\/a>\r\nTransmiss\u00e3o ao vivo:\u00a0<a href=\"https:\/\/www.youtube.com\/watch?v=XUBywDSmWNM\" target=\"_blank\" rel=\"noopener\">https:\/\/www.youtube.com\/watch?v=XUBywDSmWNM<\/a>\r\nLocal: Audit\u00f3rio da Sede III\r\n\r\n15h-17h Palestras \"Psicoeduca\u00e7\u00e3o\" e \"Mindfulness no ambiente de trabalho\"\r\nInscri\u00e7\u00f5es para participa\u00e7\u00e3o presencial:\u00a0<a href=\"https:\/\/forms.office.com\/r\/sBgJU9JCRE\" target=\"_blank\" rel=\"noopener\">https:\/\/forms.office.com\/r\/sBgJU9JCRE<\/a>\r\nTransmiss\u00e3o ao vivo:\u00a0<a href=\"https:\/\/www.youtube.com\/watch?v=L_4z_KLHDvE\" target=\"_blank\" rel=\"noopener\">https:\/\/www.youtube.com\/watch?v=L_4z_KLHDvE<\/a>\r\nLocal: Audit\u00f3rio da Sede III\r\n\r\n<strong>Dia 31\r\n<\/strong>9h-11h30 Palestras \"Adoecimento no trabalho e suic\u00eddio: fatores psicossociais e enfrentamento\" e \"L\u00edderes: abordando as formas de condu\u00e7\u00e3o de equipes quando surgem sinais de adoecimento mental\"\r\n14h-18h Exposi\u00e7\u00f5es tem\u00e1ticas \"Rela\u00e7\u00f5es oficiais humanizadas: contribui\u00e7\u00f5es da comunica\u00e7\u00e3o n\u00e3o-violenta\" e \"Montagem de servi\u00e7o de sa\u00fade ocupacional em um \u00f3rg\u00e3o p\u00fablico: aspectos a considerar\"\r\nTransmiss\u00e3o ao vivo:\u00a0<a href=\"https:\/\/www.youtube.com\/watch?v=A5mP98Y8nZ0\" target=\"_blank\" rel=\"noopener\">https:\/\/www.youtube.com\/watch?v=A5mP98Y8nZ0<\/a>\r\n\r\nPara conferir detalhes da Programa\u00e7\u00e3o, acesse:\u00a0<a href=\"http:\/\/bit.ly\/JornadaSa%C3%BAdeMental\" target=\"_blank\" rel=\"noopener\">bit.ly\/JornadaSa\u00fadeMental<\/a>\r\n\r\n","_links":{"self":[{"href":"https:\/\/sinprofaz.org.br\/2024\/wp-json\/wp\/v2\/posts\/17469"}],"collection":[{"href":"https:\/\/sinprofaz.org.br\/2024\/wp-json\/wp\/v2\/posts"}],"about":[{"href":"https:\/\/sinprofaz.org.br\/2024\/wp-json\/wp\/v2\/types\/post"}],"author":[{"embeddable":true,"href":"https:\/\/sinprofaz.org.br\/2024\/wp-json\/wp\/v2\/users\/2"}],"replies":[{"embeddable":true,"href":"https:\/\/sinprofaz.org.br\/2024\/wp-json\/wp\/v2\/comments?post=17469"}],"version-history":[{"count":2,"href":"https:\/\/sinprofaz.org.br\/2024\/wp-json\/wp\/v2\/posts\/17469\/revisions"}],"predecessor-version":[{"id":17480,"href":"https:\/\/sinprofaz.org.br\/2024\/wp-json\/wp\/v2\/posts\/17469\/revisions\/17480"}],"wp:featuredmedia":[{"embeddable":true,"href":"https:\/\/sinprofaz.org.br\/2024\/wp-json\/wp\/v2\/media\/17474"}],"wp:attachment":[{"href":"https:\/\/sinprofaz.org.br\/2024\/wp-json\/wp\/v2\/media?parent=17469"}],"wp:term":[{"taxonomy":"category","embeddable":true,"href":"https:\/\/sinprofaz.org.br\/2024\/wp-json\/wp\/v2\/categories?post=17469"},{"taxonomy":"post_tag","embeddable":true,"href":"https:\/\/sinprofaz.org.br\/2024\/wp-json\/wp\/v2\/tags?post=17469"}],"curies":[{"name":"wp","href":"https:\/\/api.w.org\/{rel}","templated":true}]}}