{"id":1746,"date":"2014-04-30T14:55:23","date_gmt":"2014-04-30T14:55:23","guid":{"rendered":""},"modified":"-0001-11-30T00:00:00","modified_gmt":"-0001-11-30T03:00:00","slug":"honorarios-constituida-comissao-especial-para-analisar-o-novo-cpc","status":"publish","type":"post","link":"https:\/\/sinprofaz.org.br\/2024\/noticias\/honorarios-constituida-comissao-especial-para-analisar-o-novo-cpc\/","title":{"rendered":"Honor\u00e1rios: constitu\u00edda comiss\u00e3o especial para analisar o novo CPC"},"content":{"rendered":"<p style=\"text-align: justify;\">Pelo cronograma inicial, o relator-geral, ainda n\u00e3o definido, teria at\u00e9 o dia 30\/05 para apresentar seu parecer final. Cabe ressaltar, que este cronograma pode ser alterado.<\/p>\n<p style=\"text-align: justify;\">Segue, abaixo, a composi\u00e7\u00e3o do colegiado:<\/p>\n<p><strong>Bloco Parlamentar da Maioria (PV, PSD, PMDB, PP)<\/strong> \u2013 4 Titulares e igual n\u00famero de suplentes<\/p>\n<p><strong>Titulares:<\/strong><\/p>\n<p>1. Vital do R\u00eago &#8211; PMDB\/PB (Titular)<\/p>\n<p>2. Eduardo Braga \u2013 PMDB\/AM (Titular)<\/p>\n<p>3. Eun\u00edcio Oliveira \u2013 PMDB\/CE (Titular)<\/p>\n<p>4. Romero Juc\u00e1 \u2013 PMDB\/RR (Titular)<\/p>\n<p><strong><strong>Suplentes:<\/strong><\/strong><\/p>\n<p>1. Ricardo Ferra\u00e7o \u2013 PMDB\/ES (Suplente)<\/p>\n<p>2. Luiz Henrique \u2013 PMDB\/SC (Suplente)<\/p>\n<p>3. Francisco Dornelles \u2013 PP\/RJ (Suplente)<\/p>\n<p><strong>Bloco de Apoio ao Governo (PSOL, PT, PDT, PSB, PCdoB<\/strong>) \u2013 3 Titulares e igual n\u00famero de suplentes<\/p>\n<p><strong>Titulares:<\/strong><\/p>\n<p>1. Ant\u00f4nio Carlos Valadares &#8211; PSB\/SE (Titular)<\/p>\n<p>2. Jorge Viana \u2013 PT\/AC (Titular)<\/p>\n<p>3. Jos\u00e9 Pimentel \u2013 PT\/CE (Titular)<\/p>\n<p><strong>Suplentes:<\/strong><\/p>\n<p>1. Humberto Costa \u2013 PT\/PE (Suplente)<\/p>\n<p>2. Pedro Taques \u2013 PDT\/MT (Suplente)<\/p>\n<p>3. In\u00e1cio Arruda &#8211; PCdoB\/CE (Suplente)<\/p>\n<p><strong>Bloco Parlamentar Minoria (PSDB, DEM)<\/strong> \u2013 2 Titulares e igual n\u00famero de suplentes<\/p>\n<p><strong>Titulares:<\/strong><\/p>\n<p>1. Aloysio Nunes Ferreira \u2013 PSDB\/SP (Titular)<\/p>\n<p>2. Wilder Morais \u2013 DEM\/GO (Titular)<\/p>\n<p><strong>Suplentes:<\/strong><\/p>\n<p>1. \u00c1lvaro Dias \u2013 PSDB\/PR (Suplente)<\/p>\n<p>2. Maria do Carmo Alves \u2013 DEM\/SE (Suplente)<\/p>\n<p><strong>Bloco Parlamentar Uni\u00e3o e For\u00e7a (PTB, PRB, PSC, PR)<\/strong> \u2013 2 Titulares e igual n\u00famero de suplentes<\/p>\n<p><strong>Titulares:<\/strong><\/p>\n<p>1. Eduardo Amorim \u2013 PSC\/SE (Titular)<\/p>\n<p>2. Cidinho Santos \u2013 PR\/MT (Titular)<\/p>\n","protected":false},"excerpt":{"rendered":"<p style=\"text-align: justify;\">Nesta quarta-feira, 30\/04, a Mesa Diretora do Senado Federal fez a leitura de Ato de constitui\u00e7\u00e3o da Comiss\u00e3o Especial destinada a emitir parecer ao Substitutivo da C\u00e2mara ao PLS 166\/2010, que institui o Novo C\u00f3digo de Processo Civil (CPC).<\/p>\n","protected":false},"author":1,"featured_media":0,"comment_status":"closed","ping_status":"open","sticky":false,"template":"","format":"standard","meta":{"footnotes":""},"categories":[8],"tags":[],"featured_image_url":"https:\/\/dummyimage.com\/720x400","character_count":731,"formatted_date":"30\/04\/2014 - 14:55","contentNovo":"\r\n<p style=\"text-align: justify;\">Pelo cronograma inicial, o relator-geral, ainda n\u00e3o definido, teria at\u00e9 o dia 30\/05 para apresentar seu parecer final. Cabe ressaltar, que este cronograma pode ser alterado.<\/p>\r\n<p style=\"text-align: justify;\">Segue, abaixo, a composi\u00e7\u00e3o do colegiado:<\/p>\r\n<p><strong>Bloco Parlamentar da Maioria (PV, PSD, PMDB, PP)<\/strong> \u2013 4 Titulares e igual n\u00famero de suplentes<\/p>\r\n<p><strong>Titulares:<\/strong><\/p>\r\n<p>1. Vital do R\u00eago - PMDB\/PB (Titular)<\/p>\r\n<p>2. Eduardo Braga \u2013 PMDB\/AM (Titular)<\/p>\r\n<p>3. Eun\u00edcio Oliveira \u2013 PMDB\/CE (Titular)<\/p>\r\n<p>4. Romero Juc\u00e1 \u2013 PMDB\/RR (Titular)<\/p>\r\n<p><strong><strong>Suplentes:<\/strong><\/strong><\/p>\r\n<p>1. Ricardo Ferra\u00e7o \u2013 PMDB\/ES (Suplente)<\/p>\r\n<p>2. Luiz Henrique \u2013 PMDB\/SC (Suplente)<\/p>\r\n<p>3. Francisco Dornelles \u2013 PP\/RJ (Suplente)<\/p>\r\n<p><strong>Bloco de Apoio ao Governo (PSOL, PT, PDT, PSB, PCdoB<\/strong>) \u2013 3 Titulares e igual n\u00famero de suplentes<\/p>\r\n<p><strong>Titulares:<\/strong><\/p>\r\n<p>1. Ant\u00f4nio Carlos Valadares - PSB\/SE (Titular)<\/p>\r\n<p>2. Jorge Viana \u2013 PT\/AC (Titular)<\/p>\r\n<p>3. Jos\u00e9 Pimentel \u2013 PT\/CE (Titular)<\/p>\r\n<p><strong>Suplentes:<\/strong><\/p>\r\n<p>1. Humberto Costa \u2013 PT\/PE (Suplente)<\/p>\r\n<p>2. Pedro Taques \u2013 PDT\/MT (Suplente)<\/p>\r\n<p>3. In\u00e1cio Arruda - PCdoB\/CE (Suplente)<\/p>\r\n<p><strong>Bloco Parlamentar Minoria (PSDB, DEM)<\/strong> \u2013 2 Titulares e igual n\u00famero de suplentes<\/p>\r\n<p><strong>Titulares:<\/strong><\/p>\r\n<p>1. Aloysio Nunes Ferreira \u2013 PSDB\/SP (Titular)<\/p>\r\n<p>2. Wilder Morais \u2013 DEM\/GO (Titular)<\/p>\r\n<p><strong>Suplentes:<\/strong><\/p>\r\n<p>1. \u00c1lvaro Dias \u2013 PSDB\/PR (Suplente)<\/p>\r\n<p>2. Maria do Carmo Alves \u2013 DEM\/SE (Suplente)<\/p>\r\n<p><strong>Bloco Parlamentar Uni\u00e3o e For\u00e7a (PTB, PRB, PSC, PR)<\/strong> \u2013 2 Titulares e igual n\u00famero de suplentes<\/p>\r\n<p><strong>Titulares:<\/strong><\/p>\r\n<p>1. Eduardo Amorim \u2013 PSC\/SE (Titular)<\/p>\r\n<p>2. Cidinho Santos \u2013 PR\/MT (Titular)<\/p>","_links":{"self":[{"href":"https:\/\/sinprofaz.org.br\/2024\/wp-json\/wp\/v2\/posts\/1746"}],"collection":[{"href":"https:\/\/sinprofaz.org.br\/2024\/wp-json\/wp\/v2\/posts"}],"about":[{"href":"https:\/\/sinprofaz.org.br\/2024\/wp-json\/wp\/v2\/types\/post"}],"author":[{"embeddable":true,"href":"https:\/\/sinprofaz.org.br\/2024\/wp-json\/wp\/v2\/users\/1"}],"replies":[{"embeddable":true,"href":"https:\/\/sinprofaz.org.br\/2024\/wp-json\/wp\/v2\/comments?post=1746"}],"version-history":[{"count":0,"href":"https:\/\/sinprofaz.org.br\/2024\/wp-json\/wp\/v2\/posts\/1746\/revisions"}],"wp:attachment":[{"href":"https:\/\/sinprofaz.org.br\/2024\/wp-json\/wp\/v2\/media?parent=1746"}],"wp:term":[{"taxonomy":"category","embeddable":true,"href":"https:\/\/sinprofaz.org.br\/2024\/wp-json\/wp\/v2\/categories?post=1746"},{"taxonomy":"post_tag","embeddable":true,"href":"https:\/\/sinprofaz.org.br\/2024\/wp-json\/wp\/v2\/tags?post=1746"}],"curies":[{"name":"wp","href":"https:\/\/api.w.org\/{rel}","templated":true}]}}