{"id":17454,"date":"2024-01-22T08:28:18","date_gmt":"2024-01-22T11:28:18","guid":{"rendered":"http:\/\/www.sinprofaz.org.br\/?p=17454"},"modified":"2024-01-23T11:28:52","modified_gmt":"2024-01-23T14:28:52","slug":"sinprofaz-agu-e-ccha-atuam-para-conclusao-dos-acordos-firmados-pelos-aposentados","status":"publish","type":"post","link":"https:\/\/sinprofaz.org.br\/2024\/noticias\/sinprofaz-agu-e-ccha-atuam-para-conclusao-dos-acordos-firmados-pelos-aposentados\/","title":{"rendered":"SINPROFAZ, AGU E CCHA ATUAM PARA CONCLUS\u00c3O DOS ACORDOS FIRMADOS PELOS APOSENTADOS"},"content":{"rendered":"<p>O diretor Roberto Rodrigues de Oliveira representou o SINPROFAZ em reuni\u00e3o na sexta-feira (19). O encontro na sede da Advocacia-Geral da Uni\u00e3o, em Bras\u00edlia\/DF, foi conduzido pela secret\u00e1ria-geral de Consultoria da AGU, Clarice Calixto, que abordou assuntos pertinentes \u00e0 Institui\u00e7\u00e3o e aos Membros. Tamb\u00e9m estiveram presentes Marcia David, subprocuradora-geral da Uni\u00e3o, e Ana Carolina Godinho, procuradora nacional da Uni\u00e3o de Negocia\u00e7\u00e3o substituta, al\u00e9m de integrantes do CCHA e de outras entidades da Advocacia P\u00fablica Federal.<\/p>\n<p>A reuni\u00e3o foi pautada por debates relacionados especialmente \u00e0 pol\u00edtica de aproxima\u00e7\u00e3o e atua\u00e7\u00e3o conjunta da AGU, das entidades representativas e do CCHA. Com o intuito de viabilizar as tratativas finais para os acordos entre Conselho Curador e aposentados, os presentes discutiram as principais dificuldades operacionais e propuseram algumas solu\u00e7\u00f5es. Ap\u00f3s a apresenta\u00e7\u00e3o de sugest\u00f5es por parte do SINPROFAZ e das demais entidades, foram tra\u00e7adas estrat\u00e9gias comuns, com vistas \u00e0 supera\u00e7\u00e3o dos obst\u00e1culos e \u00e0 conclus\u00e3o dos acordos em benef\u00edcio de filiadas e filiados aposentados.<\/p>\n\n\t\t<style type=\"text\/css\">\n\t\t\t#gallery-1 {\n\t\t\t\tmargin: auto;\n\t\t\t}\n\t\t\t#gallery-1 .gallery-item {\n\t\t\t\tfloat: left;\n\t\t\t\tmargin-top: 10px;\n\t\t\t\ttext-align: center;\n\t\t\t\twidth: 33%;\n\t\t\t}\n\t\t\t#gallery-1 img {\n\t\t\t\tborder: 2px solid #cfcfcf;\n\t\t\t}\n\t\t\t#gallery-1 .gallery-caption {\n\t\t\t\tmargin-left: 0;\n\t\t\t}\n\t\t\t\/* see gallery_shortcode() in wp-includes\/media.php *\/\n\t\t<\/style>\n\t\t<div id='gallery-1' class='gallery galleryid-17454 gallery-columns-3 gallery-size-thumbnail'><dl class='gallery-item'>\n\t\t\t<dt class='gallery-icon landscape'>\n\t\t\t\t<a href='https:\/\/sinprofaz.org.br\/2024\/wp-content\/uploads\/2024\/01\/ccha-2.png'><img loading=\"lazy\" decoding=\"async\" width=\"150\" height=\"150\" src=\"https:\/\/sinprofaz.org.br\/2024\/wp-content\/uploads\/2024\/01\/ccha-2-150x150.png\" class=\"attachment-thumbnail size-thumbnail\" alt=\"\" \/><\/a>\n\t\t\t<\/dt><\/dl><dl class='gallery-item'>\n\t\t\t<dt class='gallery-icon landscape'>\n\t\t\t\t<a href='https:\/\/sinprofaz.org.br\/2024\/wp-content\/uploads\/2024\/01\/ccha-3.png'><img loading=\"lazy\" decoding=\"async\" width=\"150\" height=\"150\" src=\"https:\/\/sinprofaz.org.br\/2024\/wp-content\/uploads\/2024\/01\/ccha-3-150x150.png\" class=\"attachment-thumbnail size-thumbnail\" alt=\"\" \/><\/a>\n\t\t\t<\/dt><\/dl>\n\t\t\t<br style='clear: both' \/>\n\t\t<\/div>\n\n","protected":false},"excerpt":{"rendered":"<p>O diretor Roberto Rodrigues de Oliveira representou o SINPROFAZ em reuni\u00e3o na sexta-feira (19). O encontro na sede da Advocacia-Geral da Uni\u00e3o foi conduzido pela secret\u00e1ria-geral de Consultoria, Clarice Calixto, que abordou assuntos pertinentes \u00e0 Institui\u00e7\u00e3o.<\/p>\n","protected":false},"author":2,"featured_media":17455,"comment_status":"open","ping_status":"open","sticky":false,"template":"","format":"standard","meta":{"footnotes":""},"categories":[8],"tags":[43,71,25],"featured_image_url":"https:\/\/sinprofaz.org.br\/2024\/wp-content\/uploads\/2024\/01\/ccha-1.png","character_count":758,"formatted_date":"22\/01\/2024 - 08:28","contentNovo":"O diretor Roberto Rodrigues de Oliveira representou o SINPROFAZ em reuni\u00e3o na sexta-feira (19). O encontro na sede da Advocacia-Geral da Uni\u00e3o, em Bras\u00edlia\/DF, foi conduzido pela secret\u00e1ria-geral de Consultoria da AGU, Clarice Calixto, que abordou assuntos pertinentes \u00e0 Institui\u00e7\u00e3o e aos Membros. Tamb\u00e9m estiveram presentes Marcia David, subprocuradora-geral da Uni\u00e3o, e Ana Carolina Godinho, procuradora nacional da Uni\u00e3o de Negocia\u00e7\u00e3o substituta, al\u00e9m de integrantes do CCHA e de outras entidades da Advocacia P\u00fablica Federal.\r\n\r\nA reuni\u00e3o foi pautada por debates relacionados especialmente \u00e0 pol\u00edtica de aproxima\u00e7\u00e3o e atua\u00e7\u00e3o conjunta da AGU, das entidades representativas e do CCHA. Com o intuito de viabilizar as tratativas finais para os acordos entre Conselho Curador e aposentados, os presentes discutiram as principais dificuldades operacionais e propuseram algumas solu\u00e7\u00f5es. Ap\u00f3s a apresenta\u00e7\u00e3o de sugest\u00f5es por parte do SINPROFAZ e das demais entidades, foram tra\u00e7adas estrat\u00e9gias comuns, com vistas \u00e0 supera\u00e7\u00e3o dos obst\u00e1culos e \u00e0 conclus\u00e3o dos acordos em benef\u00edcio de filiadas e filiados aposentados.\r\n\r\n[gallery link=\"file\" ids=\"17456,17457\"]","_links":{"self":[{"href":"https:\/\/sinprofaz.org.br\/2024\/wp-json\/wp\/v2\/posts\/17454"}],"collection":[{"href":"https:\/\/sinprofaz.org.br\/2024\/wp-json\/wp\/v2\/posts"}],"about":[{"href":"https:\/\/sinprofaz.org.br\/2024\/wp-json\/wp\/v2\/types\/post"}],"author":[{"embeddable":true,"href":"https:\/\/sinprofaz.org.br\/2024\/wp-json\/wp\/v2\/users\/2"}],"replies":[{"embeddable":true,"href":"https:\/\/sinprofaz.org.br\/2024\/wp-json\/wp\/v2\/comments?post=17454"}],"version-history":[{"count":2,"href":"https:\/\/sinprofaz.org.br\/2024\/wp-json\/wp\/v2\/posts\/17454\/revisions"}],"predecessor-version":[{"id":17463,"href":"https:\/\/sinprofaz.org.br\/2024\/wp-json\/wp\/v2\/posts\/17454\/revisions\/17463"}],"wp:featuredmedia":[{"embeddable":true,"href":"https:\/\/sinprofaz.org.br\/2024\/wp-json\/wp\/v2\/media\/17455"}],"wp:attachment":[{"href":"https:\/\/sinprofaz.org.br\/2024\/wp-json\/wp\/v2\/media?parent=17454"}],"wp:term":[{"taxonomy":"category","embeddable":true,"href":"https:\/\/sinprofaz.org.br\/2024\/wp-json\/wp\/v2\/categories?post=17454"},{"taxonomy":"post_tag","embeddable":true,"href":"https:\/\/sinprofaz.org.br\/2024\/wp-json\/wp\/v2\/tags?post=17454"}],"curies":[{"name":"wp","href":"https:\/\/api.w.org\/{rel}","templated":true}]}}