{"id":1739,"date":"2014-04-24T14:12:58","date_gmt":"2014-04-24T14:12:58","guid":{"rendered":""},"modified":"-0001-11-30T00:00:00","modified_gmt":"-0001-11-30T03:00:00","slug":"sonegometro-placar-da-sonegacao-fiscal-chega-a-salvador","status":"publish","type":"post","link":"https:\/\/sinprofaz.org.br\/2024\/noticias\/sonegometro-placar-da-sonegacao-fiscal-chega-a-salvador\/","title":{"rendered":"Soneg\u00f4metro: placar da sonega\u00e7\u00e3o fiscal chega a Salvador"},"content":{"rendered":"<p style=\"text-align: justify;\">Pela primeira vez, o placar da sonega\u00e7\u00e3o fiscal estar\u00e1 numa capital nordestina para mostrar quanto o Brasil deixou de arrecadar por conta da sonega\u00e7\u00e3o fiscal. Nesta quinta (24) e sexta-feira (25), o \u201cSoneg\u00f4metro\u201d estar\u00e1 em frente ao Fiesta Hotel onde ser\u00e1 realizado o 2\u00ba Encontro dos Procuradores Fiscais.<\/p>\n<p style=\"text-align: justify;\">Al\u00e9m do placar, a Diretora de Assuntos Profissionais e Estudos T\u00e9cnicos do SINPROFAZ, Regina Hirose, participar\u00e1 de uma das oficinas do evento, discutindo o tema \u201cInvestiga\u00e7\u00e3o e Prote\u00e7\u00e3o Patrimoniais, Factorings e Empresas Frias\u201d.<\/p>\n<p style=\"text-align: justify;\">De 1\u00ba de janeiro at\u00e9 agora, o pa\u00eds deixou de arrecadar mais de R$ 154 bilh\u00f5es. Os dados fazem parte da campanha \u201cQuanto Custa o Brasil pra Voc\u00ea?\u201d, realizada pelo SINPROFAZ. Em 2013, o painel eletr\u00f4nico fechou o ano marcando uma perda de R$ 415 bilh\u00f5es para os cofres p\u00fablicos. S\u00e3o recursos que se perdem no ralo da sonega\u00e7\u00e3o, da corrup\u00e7\u00e3o, da economia subterr\u00e2nea e comprometem a viabiliza\u00e7\u00e3o de pol\u00edticas p\u00fablicas essenciais ao pa\u00eds, como sa\u00fade, educa\u00e7\u00e3o, assist\u00eancia social, infraestrutura, cultura e lazer.<\/p>\n<p style=\"text-align: justify;\">Um dos objetivos da campanha \u201cQuanto Custa o Brasil pra Voc\u00ea?\u201d \u00e9 justamente chamar a aten\u00e7\u00e3o da popula\u00e7\u00e3o para o desequil\u00edbrio dos mecanismos de cobran\u00e7a do Governo. \u201cA mesma administra\u00e7\u00e3o que comemora um recorde de arrecada\u00e7\u00e3o \u2013 foram R$ 123 bilh\u00f5es s\u00f3 no primeiro m\u00eas do ano, de acordo com a Receita Federal \u2013 j\u00e1 deixou de recolher quase que o mesmo valor por n\u00e3o cobrar de maneira mais eficaz dos grandes devedores de impostos\u201d, explica o presidente do SINPROFAZ, Her\u00e1clio Camargo.<\/p>\n<p>&nbsp;<\/p>\n","protected":false},"excerpt":{"rendered":"<p style=\"text-align: justify;\">A\u00e7\u00e3o faz parte da programa\u00e7\u00e3o do 2\u00ba Encontro dos Procuradores Fiscais. O \u201cSoneg\u00f4metro\u201d estar\u00e1 na capital baiana hoje e amanh\u00e3.<\/p>\n","protected":false},"author":1,"featured_media":0,"comment_status":"closed","ping_status":"open","sticky":false,"template":"","format":"standard","meta":{"footnotes":""},"categories":[8],"tags":[],"featured_image_url":"https:\/\/dummyimage.com\/720x400","character_count":810,"formatted_date":"24\/04\/2014 - 14:12","contentNovo":"\r\n<p style=\"text-align: justify;\">Pela primeira vez, o placar da sonega\u00e7\u00e3o fiscal estar\u00e1 numa capital nordestina para mostrar quanto o Brasil deixou de arrecadar por conta da sonega\u00e7\u00e3o fiscal. Nesta quinta (24) e sexta-feira (25), o \u201cSoneg\u00f4metro\u201d estar\u00e1 em frente ao Fiesta Hotel onde ser\u00e1 realizado o 2\u00ba Encontro dos Procuradores Fiscais.<\/p>\r\n<p style=\"text-align: justify;\">Al\u00e9m do placar, a Diretora de Assuntos Profissionais e Estudos T\u00e9cnicos do SINPROFAZ, Regina Hirose, participar\u00e1 de uma das oficinas do evento, discutindo o tema \u201cInvestiga\u00e7\u00e3o e Prote\u00e7\u00e3o Patrimoniais, Factorings e Empresas Frias\u201d.<\/p>\r\n<p style=\"text-align: justify;\">De 1\u00ba de janeiro at\u00e9 agora, o pa\u00eds deixou de arrecadar mais de R$ 154 bilh\u00f5es. Os dados fazem parte da campanha \u201cQuanto Custa o Brasil pra Voc\u00ea?\u201d, realizada pelo SINPROFAZ. Em 2013, o painel eletr\u00f4nico fechou o ano marcando uma perda de R$ 415 bilh\u00f5es para os cofres p\u00fablicos. S\u00e3o recursos que se perdem no ralo da sonega\u00e7\u00e3o, da corrup\u00e7\u00e3o, da economia subterr\u00e2nea e comprometem a viabiliza\u00e7\u00e3o de pol\u00edticas p\u00fablicas essenciais ao pa\u00eds, como sa\u00fade, educa\u00e7\u00e3o, assist\u00eancia social, infraestrutura, cultura e lazer.<\/p>\r\n<p style=\"text-align: justify;\">Um dos objetivos da campanha \u201cQuanto Custa o Brasil pra Voc\u00ea?\u201d \u00e9 justamente chamar a aten\u00e7\u00e3o da popula\u00e7\u00e3o para o desequil\u00edbrio dos mecanismos de cobran\u00e7a do Governo. \u201cA mesma administra\u00e7\u00e3o que comemora um recorde de arrecada\u00e7\u00e3o \u2013 foram R$ 123 bilh\u00f5es s\u00f3 no primeiro m\u00eas do ano, de acordo com a Receita Federal \u2013 j\u00e1 deixou de recolher quase que o mesmo valor por n\u00e3o cobrar de maneira mais eficaz dos grandes devedores de impostos\u201d, explica o presidente do SINPROFAZ, Her\u00e1clio Camargo.<\/p>\r\n<p>&nbsp;<\/p>","_links":{"self":[{"href":"https:\/\/sinprofaz.org.br\/2024\/wp-json\/wp\/v2\/posts\/1739"}],"collection":[{"href":"https:\/\/sinprofaz.org.br\/2024\/wp-json\/wp\/v2\/posts"}],"about":[{"href":"https:\/\/sinprofaz.org.br\/2024\/wp-json\/wp\/v2\/types\/post"}],"author":[{"embeddable":true,"href":"https:\/\/sinprofaz.org.br\/2024\/wp-json\/wp\/v2\/users\/1"}],"replies":[{"embeddable":true,"href":"https:\/\/sinprofaz.org.br\/2024\/wp-json\/wp\/v2\/comments?post=1739"}],"version-history":[{"count":0,"href":"https:\/\/sinprofaz.org.br\/2024\/wp-json\/wp\/v2\/posts\/1739\/revisions"}],"wp:attachment":[{"href":"https:\/\/sinprofaz.org.br\/2024\/wp-json\/wp\/v2\/media?parent=1739"}],"wp:term":[{"taxonomy":"category","embeddable":true,"href":"https:\/\/sinprofaz.org.br\/2024\/wp-json\/wp\/v2\/categories?post=1739"},{"taxonomy":"post_tag","embeddable":true,"href":"https:\/\/sinprofaz.org.br\/2024\/wp-json\/wp\/v2\/tags?post=1739"}],"curies":[{"name":"wp","href":"https:\/\/api.w.org\/{rel}","templated":true}]}}